{"id":25059,"date":"2023-03-29T23:54:00","date_gmt":"2023-03-30T02:54:00","guid":{"rendered":"https:\/\/locomociontv.org\/?p=25059"},"modified":"2023-03-31T20:22:11","modified_gmt":"2023-03-31T23:22:11","slug":"otro-victorioso-dia-peronista-alberto-fernandez-se-reune-al-fin-con-joe-biden-en-washington","status":"publish","type":"post","link":"https:\/\/locomociontv.org\/?p=25059","title":{"rendered":"Otro victorioso d\u00eda peronista: Alberto Fern\u00e1ndez se re\u00fane al fin con Joe Biden en Washington"},"content":{"rendered":"\n<figure class=\"wp-block-video\"><video height=\"720\" style=\"aspect-ratio: 1280 \/ 720;\" width=\"1280\" controls poster=\"https:\/\/locomociontv.org\/wp-content\/uploads\/2023\/03\/image-73.png\" src=\"https:\/\/locomociontv.org\/wp-content\/uploads\/2023\/03\/25059-Video.mp4\"><\/video><\/figure>\n\n\n\n<!--nextpage-->\n\n\n\n<h3 class=\"wp-block-heading\">29\/09\/2023 &#8211; El Presidente de la Naci\u00f3n se re\u00fane con su par de los Estados Unidos en la Casa Blanca<\/h3>\n\n\n\n<figure class=\"wp-block-video\"><video height=\"1080\" style=\"aspect-ratio: 1440 \/ 1080;\" width=\"1440\" controls src=\"https:\/\/locomociontv.org\/wp-content\/uploads\/2023\/03\/2505900.mp4\"><\/video><\/figure>\n\n\n\n<p>Tras tres a\u00f1os y pico de rogar por esa reuni\u00f3n, por esa foto, que lo ponga en un sitio de importancia, cuando la Selecci\u00f3n y el Pueblo lo dejaron afuera hasta de los festejos del Mundial, el Presidente de la Naci\u00f3n, Dr. Alberto \u00c1ngel Fern\u00e1ndez, logr\u00f3 que el Presidente de los Estados Unidos, Joseph Biden lo reciba en la Casa Blanca. As\u00ed, m\u00e1s \u00edntimos, poder entregarle sin piedad lo que a\u00fan quede de los huesos de la abuela, por los d\u00f3lares que tanta falta le hacen a las huestes peronistas para ver si llegan m\u00e1s o menos dignamente a las presidenciales de este a\u00f1o. <\/p>\n\n\n\n<h3 class=\"wp-block-heading\">Video oficial de la llegada del Presidente a  la Casa Blanca:<\/h3>\n\n\n\n<figure class=\"wp-block-embed is-type-video is-provider-youtube wp-block-embed-youtube wp-embed-aspect-16-9 wp-has-aspect-ratio\"><div class=\"wp-block-embed__wrapper\">\n<iframe loading=\"lazy\" title=\"Llegada del presidente Alberto Fern\u00e1ndez a la Casa Blanca, Washington D.C.\" width=\"818\" height=\"460\" src=\"https:\/\/www.youtube.com\/embed\/eAkaH7kgE00?feature=oembed\" frameborder=\"0\" allow=\"accelerometer; autoplay; clipboard-write; encrypted-media; gyroscope; picture-in-picture; web-share\" allowfullscreen><\/iframe>\n<\/div><\/figure>\n\n\n\n<!--nextpage-->\n\n\n\n<h3 class=\"wp-block-heading\">29\/03\/2023 &#8211; La foto tan ansiada por el Frente de Todos se ha hecho realidad al fin<\/h3>\n\n\n\n<figure class=\"wp-block-video\"><video height=\"1080\" style=\"aspect-ratio: 1440 \/ 1080;\" width=\"1440\" controls src=\"https:\/\/locomociontv.org\/wp-content\/uploads\/2023\/03\/25059.mp4\"><\/video><\/figure>\n\n\n\n<figure class=\"wp-block-image size-full\"><img loading=\"lazy\" decoding=\"async\" width=\"900\" height=\"599\" src=\"https:\/\/locomociontv.org\/wp-content\/uploads\/2023\/03\/image-74.png\" alt=\"\" class=\"wp-image-25070\" srcset=\"https:\/\/locomociontv.org\/wp-content\/uploads\/2023\/03\/image-74.png 900w, https:\/\/locomociontv.org\/wp-content\/uploads\/2023\/03\/image-74-300x200.png 300w, https:\/\/locomociontv.org\/wp-content\/uploads\/2023\/03\/image-74-768x511.png 768w\" sizes=\"auto, (max-width: 900px) 100vw, 900px\" \/><\/figure>\n\n\n\n<p>El Presidente de la Naci\u00f3n se reuni\u00f3 con el de los Estados Unidos en el Sal\u00f3n Oval, lugar y tiempo d\u00f3nde le jur\u00f3 amor y alineamiento eterno (Aunque a Putin le jur\u00f3 lo mismo) a cambio de que le consigan que el FMI no los rigore\u00e9 mucho. Llor\u00f3 con la sequ\u00eda, viendo si pudiendo generar l\u00e1stima puede conseguir alg\u00fan billetito que le puedan distraer para invertirlos en que ganen las elecciones sus m\u00e1s devotos pagadores seriales.<\/p>\n\n\n\n<p>Se di\u00f3 el gusto en la Conferencia de Prensa en comportarse como si hubiera inventado la p\u00f3lvora, cuando no hizo m\u00e1s que conseguir en forma mendicante m\u00e1s genuflexi\u00f3n al Imperio, m\u00e1s deuda y m\u00e1s repetici\u00f3n de sandeces, hasta un grado inconcebible. <\/p>\n\n\n\n<p>Creemos que no solamente le entregaron los huesos de la abuelita, Alberto Fern\u00e1ndez y su ballet de gustos refinados, les sirve en bandeja espacios para que la Defensa de los Estados Unidos haga de las suyas en nuestro territorio, como qui\u00e9n est\u00e1 combatiendo al narcotr\u00e1fico, ponele.<\/p>\n\n\n\n<!--nextpage-->\n\n\n\n<h3 class=\"wp-block-heading\">Videos oficiales de Casa Rosada sobre la reuni\u00f3n Biden-Fern\u00e1ndez en la Casa Blanca<\/h3>\n\n\n\n<figure class=\"wp-block-embed is-type-video is-provider-youtube wp-block-embed-youtube wp-embed-aspect-16-9 wp-has-aspect-ratio\"><div class=\"wp-block-embed__wrapper\">\n<iframe loading=\"lazy\" title=\"El presidente mantuvo una reuni\u00f3n bilateral con su par de EE.UU., Joe Biden, en la Casa Blanca\" width=\"818\" height=\"460\" src=\"https:\/\/www.youtube.com\/embed\/44mRlSaFiQQ?feature=oembed\" frameborder=\"0\" allow=\"accelerometer; autoplay; clipboard-write; encrypted-media; gyroscope; picture-in-picture; web-share\" allowfullscreen><\/iframe>\n<\/div><\/figure>\n\n\n\n<figure class=\"wp-block-embed is-type-video is-provider-youtube wp-block-embed-youtube wp-embed-aspect-16-9 wp-has-aspect-ratio\"><div class=\"wp-block-embed__wrapper\">\n<iframe loading=\"lazy\" title=\"Declaraci\u00f3n a la prensa del presidente Alberto Fern\u00e1ndez y su par de EE.UU., Joe Biden.\" width=\"818\" height=\"460\" src=\"https:\/\/www.youtube.com\/embed\/i73XiNglDso?feature=oembed\" frameborder=\"0\" allow=\"accelerometer; autoplay; clipboard-write; encrypted-media; gyroscope; picture-in-picture; web-share\" allowfullscreen><\/iframe>\n<\/div><\/figure>\n\n\n\n<figure class=\"wp-block-embed is-type-video is-provider-youtube wp-block-embed-youtube wp-embed-aspect-16-9 wp-has-aspect-ratio\"><div class=\"wp-block-embed__wrapper\">\n<iframe loading=\"lazy\" title=\"Conferencia del presidente Alberto Fern\u00e1ndez tras reunirse con su par de EE.UU., Joe Biden\" width=\"818\" height=\"460\" src=\"https:\/\/www.youtube.com\/embed\/ychMtvjPIYo?feature=oembed\" frameborder=\"0\" allow=\"accelerometer; autoplay; clipboard-write; encrypted-media; gyroscope; picture-in-picture; web-share\" allowfullscreen><\/iframe>\n<\/div><\/figure>\n<div class=\"pdfprnt-buttons pdfprnt-buttons-post pdfprnt-bottom-right\"><a href=\"https:\/\/locomociontv.org\/index.php?rest_route=%2Fwp%2Fv2%2Fposts%2F25059&print=pdf\" class=\"pdfprnt-button pdfprnt-button-pdf\" target=\"_blank\" ><img decoding=\"async\" src=\"https:\/\/locomociontv.org\/wp-content\/plugins\/pdf-print\/images\/pdf.png\" alt=\"image_pdf\" title=\"View PDF\" \/><span class=\"pdfprnt-button-title pdfprnt-button-pdf-title\">Hacer PDF<\/span><\/a><a href=\"https:\/\/locomociontv.org\/index.php?rest_route=%2Fwp%2Fv2%2Fposts%2F25059&print=print\" class=\"pdfprnt-button pdfprnt-button-print\" target=\"_blank\" ><img decoding=\"async\" src=\"https:\/\/locomociontv.org\/wp-content\/plugins\/pdf-print\/images\/print.png\" alt=\"image_print\" title=\"Print Content\" \/><span class=\"pdfprnt-button-title pdfprnt-button-print-title\">Imprimir<\/span><\/a><\/div><p>Views: 6<\/p>","protected":false},"excerpt":{"rendered":"<p> Views: 6<\/p>\n","protected":false},"author":1,"featured_media":25066,"comment_status":"open","ping_status":"open","sticky":false,"template":"","format":"video","meta":{"footnotes":""},"categories":[99,120,9,113],"tags":[],"class_list":["post-25059","post","type-post","status-publish","format-video","has-post-thumbnail","hentry","category-el-cabaret-de-todos","category-elecciones-2023","category-politica-nacional","category-un-queso-de-bola-en-la-rosada","post_format-post-format-video","post-dark","post-wide","has-post-thumb","small-thumb"],"_links":{"self":[{"href":"https:\/\/locomociontv.org\/index.php?rest_route=\/wp\/v2\/posts\/25059","targetHints":{"allow":["GET"]}}],"collection":[{"href":"https:\/\/locomociontv.org\/index.php?rest_route=\/wp\/v2\/posts"}],"about":[{"href":"https:\/\/locomociontv.org\/index.php?rest_route=\/wp\/v2\/types\/post"}],"author":[{"embeddable":true,"href":"https:\/\/locomociontv.org\/index.php?rest_route=\/wp\/v2\/users\/1"}],"replies":[{"embeddable":true,"href":"https:\/\/locomociontv.org\/index.php?rest_route=%2Fwp%2Fv2%2Fcomments&post=25059"}],"version-history":[{"count":12,"href":"https:\/\/locomociontv.org\/index.php?rest_route=\/wp\/v2\/posts\/25059\/revisions"}],"predecessor-version":[{"id":25082,"href":"https:\/\/locomociontv.org\/index.php?rest_route=\/wp\/v2\/posts\/25059\/revisions\/25082"}],"wp:featuredmedia":[{"embeddable":true,"href":"https:\/\/locomociontv.org\/index.php?rest_route=\/wp\/v2\/media\/25066"}],"wp:attachment":[{"href":"https:\/\/locomociontv.org\/index.php?rest_route=%2Fwp%2Fv2%2Fmedia&parent=25059"}],"wp:term":[{"taxonomy":"category","embeddable":true,"href":"https:\/\/locomociontv.org\/index.php?rest_route=%2Fwp%2Fv2%2Fcategories&post=25059"},{"taxonomy":"post_tag","embeddable":true,"href":"https:\/\/locomociontv.org\/index.php?rest_route=%2Fwp%2Fv2%2Ftags&post=25059"}],"curies":[{"name":"wp","href":"https:\/\/api.w.org\/{rel}","templated":true}]}}