{"id":24893,"date":"2023-03-27T13:06:20","date_gmt":"2023-03-27T16:06:20","guid":{"rendered":"https:\/\/locomociontv.org\/?p=24893"},"modified":"2023-03-29T14:59:12","modified_gmt":"2023-03-29T17:59:12","slug":"alberto-lo-hizo-consiguio-que-biden-lo-atienda","status":"publish","type":"post","link":"https:\/\/locomociontv.org\/?p=24893","title":{"rendered":"Alberto lo hizo: consigui\u00f3 que Biden lo atienda"},"content":{"rendered":"\n<figure class=\"wp-block-video\"><video height=\"670\" style=\"aspect-ratio: 1280 \/ 670;\" width=\"1280\" controls src=\"https:\/\/locomociontv.org\/wp-content\/uploads\/2023\/03\/Video.Guru_20230329_145410949.mp4\"><\/video><\/figure>\n\n\n\n<!--nextpage-->\n\n\n<div class=\"wp-block-image\">\n<figure class=\"aligncenter size-full is-resized\"><img loading=\"lazy\" decoding=\"async\" src=\"https:\/\/locomociontv.org\/wp-content\/uploads\/2023\/03\/image-66.png\" alt=\"\" class=\"wp-image-24906\" width=\"840\" height=\"438\" srcset=\"https:\/\/locomociontv.org\/wp-content\/uploads\/2023\/03\/image-66.png 500w, https:\/\/locomociontv.org\/wp-content\/uploads\/2023\/03\/image-66-300x157.png 300w\" sizes=\"auto, (max-width: 840px) 100vw, 840px\" \/><figcaption><strong><em>Alberto Fern\u00e1ndez recibido por nadie en los Estados Unidos en visita oficial<\/em><\/strong><\/figcaption><\/figure>\n<\/div>\n\n\n<p>Tras tres a\u00f1os sirviendo fielmente al Imperio y sus pol\u00edticas extractivistas, el Presidente Alberto Fern\u00e1ndez logr\u00f3 romper con el desprecio de su par y jefe el Presidente de los Estados Unidos, Joseph Biden. El Frente de Todos que viaj\u00f3 todos estos a\u00f1os a Washington, insistieron en esta reuni\u00f3n cumbre y por l\u00e1stima y luego de recibir a Lula, que les interesaba m\u00e1s, por fin accedi\u00f3 al deseo ferviente de un peronismo que no puede m\u00e1s de vasallo imperial y olig\u00e1rkico.  La reuni\u00f3n entre ambos ser\u00e1 este mi\u00e9rcoles en el Sal\u00f3n Oval de la Casa Blanca y como de costumbre de ella solamente surgir\u00e1 m\u00e1s sometimiento y expoliaci\u00f3n.<\/p>\n\n\n\n<p><\/p>\n<div class=\"pdfprnt-buttons pdfprnt-buttons-post pdfprnt-bottom-right\"><a href=\"https:\/\/locomociontv.org\/index.php?rest_route=%2Fwp%2Fv2%2Fposts%2F24893&print=pdf\" class=\"pdfprnt-button pdfprnt-button-pdf\" target=\"_blank\" ><img decoding=\"async\" src=\"https:\/\/locomociontv.org\/wp-content\/plugins\/pdf-print\/images\/pdf.png\" alt=\"image_pdf\" title=\"View PDF\" \/><span class=\"pdfprnt-button-title pdfprnt-button-pdf-title\">Hacer PDF<\/span><\/a><a href=\"https:\/\/locomociontv.org\/index.php?rest_route=%2Fwp%2Fv2%2Fposts%2F24893&print=print\" class=\"pdfprnt-button pdfprnt-button-print\" target=\"_blank\" ><img decoding=\"async\" src=\"https:\/\/locomociontv.org\/wp-content\/plugins\/pdf-print\/images\/print.png\" alt=\"image_print\" title=\"Print Content\" \/><span class=\"pdfprnt-button-title pdfprnt-button-print-title\">Imprimir<\/span><\/a><\/div><p>Views: 0<\/p>","protected":false},"excerpt":{"rendered":"<p> Views: 0<\/p>\n","protected":false},"author":1,"featured_media":24894,"comment_status":"open","ping_status":"open","sticky":false,"template":"","format":"video","meta":{"footnotes":""},"categories":[99,9,113],"tags":[],"class_list":["post-24893","post","type-post","status-publish","format-video","has-post-thumbnail","hentry","category-el-cabaret-de-todos","category-politica-nacional","category-un-queso-de-bola-en-la-rosada","post_format-post-format-video","post-dark","post-wide","has-post-thumb"],"_links":{"self":[{"href":"https:\/\/locomociontv.org\/index.php?rest_route=\/wp\/v2\/posts\/24893","targetHints":{"allow":["GET"]}}],"collection":[{"href":"https:\/\/locomociontv.org\/index.php?rest_route=\/wp\/v2\/posts"}],"about":[{"href":"https:\/\/locomociontv.org\/index.php?rest_route=\/wp\/v2\/types\/post"}],"author":[{"embeddable":true,"href":"https:\/\/locomociontv.org\/index.php?rest_route=\/wp\/v2\/users\/1"}],"replies":[{"embeddable":true,"href":"https:\/\/locomociontv.org\/index.php?rest_route=%2Fwp%2Fv2%2Fcomments&post=24893"}],"version-history":[{"count":4,"href":"https:\/\/locomociontv.org\/index.php?rest_route=\/wp\/v2\/posts\/24893\/revisions"}],"predecessor-version":[{"id":25014,"href":"https:\/\/locomociontv.org\/index.php?rest_route=\/wp\/v2\/posts\/24893\/revisions\/25014"}],"wp:featuredmedia":[{"embeddable":true,"href":"https:\/\/locomociontv.org\/index.php?rest_route=\/wp\/v2\/media\/24894"}],"wp:attachment":[{"href":"https:\/\/locomociontv.org\/index.php?rest_route=%2Fwp%2Fv2%2Fmedia&parent=24893"}],"wp:term":[{"taxonomy":"category","embeddable":true,"href":"https:\/\/locomociontv.org\/index.php?rest_route=%2Fwp%2Fv2%2Fcategories&post=24893"},{"taxonomy":"post_tag","embeddable":true,"href":"https:\/\/locomociontv.org\/index.php?rest_route=%2Fwp%2Fv2%2Ftags&post=24893"}],"curies":[{"name":"wp","href":"https:\/\/api.w.org\/{rel}","templated":true}]}}