{"id":24796,"date":"2023-03-24T20:31:00","date_gmt":"2023-03-24T23:31:00","guid":{"rendered":"https:\/\/locomociontv.org\/?p=24796"},"modified":"2023-03-29T08:28:57","modified_gmt":"2023-03-29T11:28:57","slug":"a-la-derecha-de-hitler-cerruti-pide-depurar-al-periodismo-y-a-la-justicia","status":"publish","type":"post","link":"https:\/\/locomociontv.org\/?p=24796","title":{"rendered":"A la derecha de Hitler: Cerruti pide &#8220;depurar&#8221; al Periodismo y a la Justicia en el mism\u00edsimo D\u00eda de la Memoria"},"content":{"rendered":"\n<figure class=\"wp-block-video\"><video height=\"1280\" style=\"aspect-ratio: 680 \/ 1280;\" width=\"680\" controls src=\"https:\/\/locomociontv.org\/wp-content\/uploads\/2023\/03\/Video.Guru_20230329_082500497.mp4\"><\/video><\/figure>\n\n\n\n<!--nextpage-->\n\n\n\n<figure class=\"wp-block-embed is-type-rich is-provider-twitter wp-block-embed-twitter\"><div class=\"wp-block-embed__wrapper\">\n<blockquote class=\"twitter-tweet\" data-width=\"550\" data-dnt=\"true\"><p lang=\"es\" dir=\"ltr\">Hoy la Argentina es ejemplo en el mundo en la lucha por los Derechos Humanos. Sin dudas las Madres y Abuelas nos han llevado de la mano a construirlo y, gracias a ello, hoy nuevas generaciones abrazan esa lucha como un valor para vivir en sociedades m\u00e1s justas <a href=\"https:\/\/twitter.com\/hashtag\/DemocraciaSiempre?src=hash&amp;ref_src=twsrc%5Etfw\">#DemocraciaSiempre<\/a> <a href=\"https:\/\/t.co\/eMDcWSVP2E\">pic.twitter.com\/eMDcWSVP2E<\/a><\/p>&mdash; Gabriela Cerruti (@gabicerru) <a href=\"https:\/\/twitter.com\/gabicerru\/status\/1639252055268241410?ref_src=twsrc%5Etfw\">March 24, 2023<\/a><\/blockquote><script async src=\"https:\/\/platform.twitter.com\/widgets.js\" charset=\"utf-8\"><\/script>\n<\/div><\/figure>\n\n\n\n<p>La Vocera presidencial, tal cual el estilo hip\u00f3crita del Frente de Todos, sali\u00f3 el mismo d\u00eda de la memoria a pedir persecusiones y m\u00e1s precisamente &#8220;depurar&#8221; el Periodismo y la Justicia. S\u00ed, se refiri\u00f3 al 24 de marzo y pidi\u00f3 desde su puesto privilegiado en el estado argentino, m\u00e1s violencia y represi\u00f3n gen\u00e9rica al estilo que hubiera ruborizado al mismo General Videla. Todo \u00e9sto lo dijo mientras aseguraba que la Argentina es ejemplo en el mundo en la lucha por los Derechos Humanos. Y s\u00ed, tenemos una vocera muy derecha y humana.<\/p>\n<div class=\"pdfprnt-buttons pdfprnt-buttons-post pdfprnt-bottom-right\"><a href=\"https:\/\/locomociontv.org\/index.php?rest_route=%2Fwp%2Fv2%2Fposts%2F24796&print=pdf\" class=\"pdfprnt-button pdfprnt-button-pdf\" target=\"_blank\" ><img decoding=\"async\" src=\"https:\/\/locomociontv.org\/wp-content\/plugins\/pdf-print\/images\/pdf.png\" alt=\"image_pdf\" title=\"View PDF\" \/><span class=\"pdfprnt-button-title pdfprnt-button-pdf-title\">Hacer PDF<\/span><\/a><a href=\"https:\/\/locomociontv.org\/index.php?rest_route=%2Fwp%2Fv2%2Fposts%2F24796&print=print\" class=\"pdfprnt-button pdfprnt-button-print\" target=\"_blank\" ><img decoding=\"async\" src=\"https:\/\/locomociontv.org\/wp-content\/plugins\/pdf-print\/images\/print.png\" alt=\"image_print\" title=\"Print Content\" \/><span class=\"pdfprnt-button-title pdfprnt-button-print-title\">Imprimir<\/span><\/a><\/div><p>Views: 1<\/p>","protected":false},"excerpt":{"rendered":"<p> Views: 1<\/p>\n","protected":false},"author":1,"featured_media":24889,"comment_status":"open","ping_status":"open","sticky":false,"template":"","format":"video","meta":{"footnotes":""},"categories":[46,20,36,35,11,99,38,108,44,9,39,113],"tags":[],"class_list":["post-24796","post","type-post","status-publish","format-video","has-post-thumbnail","hentry","category-accion-antinazi","category-aparatos-de-represion-de-estado","category-crimenes-de-lesa-humanidad","category-crimenes-de-odio","category-derechos-humanos","category-el-cabaret-de-todos","category-lumpenes-y-pinekertons","category-militares-y-estado-asunto-separado","category-persecusiones-politicas","category-politica-nacional","category-precarizacion-y-estafas","category-un-queso-de-bola-en-la-rosada","post_format-post-format-video","post-dark","post-wide","has-post-thumb"],"_links":{"self":[{"href":"https:\/\/locomociontv.org\/index.php?rest_route=\/wp\/v2\/posts\/24796","targetHints":{"allow":["GET"]}}],"collection":[{"href":"https:\/\/locomociontv.org\/index.php?rest_route=\/wp\/v2\/posts"}],"about":[{"href":"https:\/\/locomociontv.org\/index.php?rest_route=\/wp\/v2\/types\/post"}],"author":[{"embeddable":true,"href":"https:\/\/locomociontv.org\/index.php?rest_route=\/wp\/v2\/users\/1"}],"replies":[{"embeddable":true,"href":"https:\/\/locomociontv.org\/index.php?rest_route=%2Fwp%2Fv2%2Fcomments&post=24796"}],"version-history":[{"count":9,"href":"https:\/\/locomociontv.org\/index.php?rest_route=\/wp\/v2\/posts\/24796\/revisions"}],"predecessor-version":[{"id":25009,"href":"https:\/\/locomociontv.org\/index.php?rest_route=\/wp\/v2\/posts\/24796\/revisions\/25009"}],"wp:featuredmedia":[{"embeddable":true,"href":"https:\/\/locomociontv.org\/index.php?rest_route=\/wp\/v2\/media\/24889"}],"wp:attachment":[{"href":"https:\/\/locomociontv.org\/index.php?rest_route=%2Fwp%2Fv2%2Fmedia&parent=24796"}],"wp:term":[{"taxonomy":"category","embeddable":true,"href":"https:\/\/locomociontv.org\/index.php?rest_route=%2Fwp%2Fv2%2Fcategories&post=24796"},{"taxonomy":"post_tag","embeddable":true,"href":"https:\/\/locomociontv.org\/index.php?rest_route=%2Fwp%2Fv2%2Ftags&post=24796"}],"curies":[{"name":"wp","href":"https:\/\/api.w.org\/{rel}","templated":true}]}}