{"id":24671,"date":"2023-03-20T21:14:00","date_gmt":"2023-03-21T00:14:00","guid":{"rendered":"https:\/\/locomociontv.org\/?p=24671"},"modified":"2023-03-21T23:57:26","modified_gmt":"2023-03-22T02:57:26","slug":"massa-interviene-edesur-pero-no-mucho","status":"publish","type":"post","link":"https:\/\/locomociontv.org\/?p=24671","title":{"rendered":"Massa interviene EDESUR, pero no mucho"},"content":{"rendered":"\n<figure class=\"wp-block-video\"><video height=\"720\" style=\"aspect-ratio: 1280 \/ 720;\" width=\"1280\" controls src=\"https:\/\/locomociontv.org\/wp-content\/uploads\/2023\/03\/massaedesur.mp4\"><\/video><\/figure>\n\n\n\n<!--nextpage-->\n\n\n\n<p>El Gobierno dispuso la intervenci\u00f3n administrativa de la empresa distribuidora de energ\u00eda el\u00e9ctrica Edesur por un plazo de 180 d\u00edas tras los cortes de servicio prolongados durante las \u00faltimas semanas de ola de calor. El Interventor Estatal ser\u00e1 el Intendente de Avellaneda, Jorge Ferraresi. As\u00ed lo anunci\u00f3 el Superministro Sergio Massa.<\/p>\n\n\n\n<p>El Poder Ejecutivo no tomar\u00e1 control operativo de la compa\u00f1\u00eda, monitorear\u00e1 el plan de inversiones y de la prestaci\u00f3n de servicio. Pr\u00e1cticamente, va a intervenir, pero con mucha calma. No quieren andar enoj\u00e1ndolas mucho. tampoco.<\/p>\n\n\n\n<p>Massa evalu\u00f3 la aplicaci\u00f3n de multas que podr\u00edan a llegar a los 2700 millones de pesos: una bicoca al lado de 140000 que les condon\u00f3 a Edesur y Edenor por el pago de la misma luz. Nos permitimos no ver ning\u00fan avance en estas medidas, m\u00e1s que vender un poco m\u00e1s de humo, como que los est\u00e1n mirando nom\u00e1s.<\/p>\n\n\n\n<figure class=\"wp-block-video\"><video height=\"720\" style=\"aspect-ratio: 1280 \/ 720;\" width=\"1280\" controls src=\"https:\/\/locomociontv.org\/wp-content\/uploads\/2023\/03\/Sergio-Massa-anuncio-intervencion-Edesur.mp4\"><\/video><\/figure>\n<p>Visits: 0<\/p>","protected":false},"excerpt":{"rendered":"<p>Visits: 0<\/p>\n","protected":false},"author":1,"featured_media":24673,"comment_status":"open","ping_status":"open","sticky":false,"template":"","format":"video","meta":{"footnotes":""},"categories":[8,126],"tags":[],"class_list":["post-24671","post","type-post","status-publish","format-video","has-post-thumbnail","hentry","category-el-irreverente","category-esta-gestion-es-una-massa","post_format-post-format-video","post-dark","post-wide","has-post-thumb"],"_links":{"self":[{"href":"https:\/\/locomociontv.org\/index.php?rest_route=\/wp\/v2\/posts\/24671","targetHints":{"allow":["GET"]}}],"collection":[{"href":"https:\/\/locomociontv.org\/index.php?rest_route=\/wp\/v2\/posts"}],"about":[{"href":"https:\/\/locomociontv.org\/index.php?rest_route=\/wp\/v2\/types\/post"}],"author":[{"embeddable":true,"href":"https:\/\/locomociontv.org\/index.php?rest_route=\/wp\/v2\/users\/1"}],"replies":[{"embeddable":true,"href":"https:\/\/locomociontv.org\/index.php?rest_route=%2Fwp%2Fv2%2Fcomments&post=24671"}],"version-history":[{"count":5,"href":"https:\/\/locomociontv.org\/index.php?rest_route=\/wp\/v2\/posts\/24671\/revisions"}],"predecessor-version":[{"id":24686,"href":"https:\/\/locomociontv.org\/index.php?rest_route=\/wp\/v2\/posts\/24671\/revisions\/24686"}],"wp:featuredmedia":[{"embeddable":true,"href":"https:\/\/locomociontv.org\/index.php?rest_route=\/wp\/v2\/media\/24673"}],"wp:attachment":[{"href":"https:\/\/locomociontv.org\/index.php?rest_route=%2Fwp%2Fv2%2Fmedia&parent=24671"}],"wp:term":[{"taxonomy":"category","embeddable":true,"href":"https:\/\/locomociontv.org\/index.php?rest_route=%2Fwp%2Fv2%2Fcategories&post=24671"},{"taxonomy":"post_tag","embeddable":true,"href":"https:\/\/locomociontv.org\/index.php?rest_route=%2Fwp%2Fv2%2Ftags&post=24671"}],"curies":[{"name":"wp","href":"https:\/\/api.w.org\/{rel}","templated":true}]}}