{"id":24635,"date":"2023-03-19T22:07:00","date_gmt":"2023-03-20T01:07:00","guid":{"rendered":"https:\/\/locomociontv.org\/?p=24635"},"modified":"2023-03-29T02:16:00","modified_gmt":"2023-03-29T05:16:00","slug":"bullrich-ratifico-su-alianza-con-lopez-murphy-en-la-interna-de-juntos-por-los-cargos","status":"publish","type":"post","link":"https:\/\/locomociontv.org\/?p=24635","title":{"rendered":"Bullrich ratific\u00f3 su alianza con L\u00f3pez Murphy en la interna de Juntos por los Cargos"},"content":{"rendered":"\n<figure class=\"wp-block-video\"><video height=\"836\" style=\"aspect-ratio: 720 \/ 836;\" width=\"720\" controls src=\"https:\/\/locomociontv.org\/wp-content\/uploads\/2023\/03\/2463500.mp4\"><\/video><\/figure>\n\n\n\n<!--nextpage-->\n\n\n\n<figure class=\"wp-block-embed is-type-rich is-provider-twitter wp-block-embed-twitter\"><div class=\"wp-block-embed__wrapper\">\n<blockquote class=\"twitter-tweet\" data-width=\"550\" data-dnt=\"true\"><p lang=\"es\" dir=\"ltr\">Honestidad, coherencia, coraje y amistad. Qu\u00e9 orgullo que <a href=\"https:\/\/twitter.com\/rlopezmurphy?ref_src=twsrc%5Etfw\">@rlopezmurphy<\/a> y su equipo sumen su fuerza a nuestro proyecto. <a href=\"https:\/\/t.co\/aWWkknGxQr\">pic.twitter.com\/aWWkknGxQr<\/a><\/p>&mdash; Patricia Bullrich (@PatoBullrich) <a href=\"https:\/\/twitter.com\/PatoBullrich\/status\/1637505734563844100?ref_src=twsrc%5Etfw\">March 19, 2023<\/a><\/blockquote><script async src=\"https:\/\/platform.twitter.com\/widgets.js\" charset=\"utf-8\"><\/script>\n<\/div><\/figure>\n\n\n\n<p>En su cuenta de Twitter, Patricia Bullrich escribi\u00f3 este domingo 19 de marzo un mensaje confirmando que Ricardo L\u00f3pez Murphy se sumar\u00e1 a su espacio. Sigue sumando importantes referentes del PRO la mismo: tales los casos de Hern\u00e1n Lombardi, Federico Pinedo, Paula Bertol y Sandra Pitta.<\/p>\n\n\n\n<p><strong><em>&#8220;Honestidad, coherencia, coraje y amistad. Qu\u00e9 orgullo que @rlopezmurphy y su equipo sumen su fuerza a nuestro proyecto&#8221;<\/em><\/strong>, escribi\u00f3 la precandidata, para confirmar la alianza. <\/p>\n\n\n\n<p>Siempre dijimos que Bullrich unificar\u00e1 a los ignaros de la &#8220;mano dura&#8221;, en su percepci\u00f3n de que si la sociedad est\u00e1 corrida a la derecha, ella la va a acompa\u00f1ar y por ese camino espera llegar a la Presidencia de la Naci\u00f3n<\/p>\n<div class=\"pdfprnt-buttons pdfprnt-buttons-post pdfprnt-bottom-right\"><a href=\"https:\/\/locomociontv.org\/index.php?rest_route=%2Fwp%2Fv2%2Fposts%2F24635&print=pdf\" class=\"pdfprnt-button pdfprnt-button-pdf\" target=\"_blank\" ><img decoding=\"async\" src=\"https:\/\/locomociontv.org\/wp-content\/plugins\/pdf-print\/images\/pdf.png\" alt=\"image_pdf\" title=\"View PDF\" \/><span class=\"pdfprnt-button-title pdfprnt-button-pdf-title\">Hacer PDF<\/span><\/a><a href=\"https:\/\/locomociontv.org\/index.php?rest_route=%2Fwp%2Fv2%2Fposts%2F24635&print=print\" class=\"pdfprnt-button pdfprnt-button-print\" target=\"_blank\" ><img decoding=\"async\" src=\"https:\/\/locomociontv.org\/wp-content\/plugins\/pdf-print\/images\/print.png\" alt=\"image_print\" title=\"Print Content\" \/><span class=\"pdfprnt-button-title pdfprnt-button-print-title\">Imprimir<\/span><\/a><\/div><p>Views: 0<\/p>","protected":false},"excerpt":{"rendered":"<p> Views: 0<\/p>\n","protected":false},"author":1,"featured_media":24703,"comment_status":"open","ping_status":"open","sticky":false,"template":"","format":"video","meta":{"footnotes":""},"categories":[120,117,9,94],"tags":[],"class_list":["post-24635","post","type-post","status-publish","format-video","has-post-thumbnail","hentry","category-elecciones-2023","category-juntos-por-los-cargos","category-politica-nacional","category-proseltitismo-extremo","post_format-post-format-video","post-dark","post-wide","has-post-thumb","small-thumb"],"_links":{"self":[{"href":"https:\/\/locomociontv.org\/index.php?rest_route=\/wp\/v2\/posts\/24635","targetHints":{"allow":["GET"]}}],"collection":[{"href":"https:\/\/locomociontv.org\/index.php?rest_route=\/wp\/v2\/posts"}],"about":[{"href":"https:\/\/locomociontv.org\/index.php?rest_route=\/wp\/v2\/types\/post"}],"author":[{"embeddable":true,"href":"https:\/\/locomociontv.org\/index.php?rest_route=\/wp\/v2\/users\/1"}],"replies":[{"embeddable":true,"href":"https:\/\/locomociontv.org\/index.php?rest_route=%2Fwp%2Fv2%2Fcomments&post=24635"}],"version-history":[{"count":5,"href":"https:\/\/locomociontv.org\/index.php?rest_route=\/wp\/v2\/posts\/24635\/revisions"}],"predecessor-version":[{"id":24948,"href":"https:\/\/locomociontv.org\/index.php?rest_route=\/wp\/v2\/posts\/24635\/revisions\/24948"}],"wp:featuredmedia":[{"embeddable":true,"href":"https:\/\/locomociontv.org\/index.php?rest_route=\/wp\/v2\/media\/24703"}],"wp:attachment":[{"href":"https:\/\/locomociontv.org\/index.php?rest_route=%2Fwp%2Fv2%2Fmedia&parent=24635"}],"wp:term":[{"taxonomy":"category","embeddable":true,"href":"https:\/\/locomociontv.org\/index.php?rest_route=%2Fwp%2Fv2%2Fcategories&post=24635"},{"taxonomy":"post_tag","embeddable":true,"href":"https:\/\/locomociontv.org\/index.php?rest_route=%2Fwp%2Fv2%2Ftags&post=24635"}],"curies":[{"name":"wp","href":"https:\/\/api.w.org\/{rel}","templated":true}]}}