{"id":24501,"date":"2023-03-13T23:08:00","date_gmt":"2023-03-14T02:08:00","guid":{"rendered":"https:\/\/locomociontv.org\/?p=24501"},"modified":"2023-03-16T20:56:47","modified_gmt":"2023-03-16T23:56:47","slug":"los-radicales-ganaron-la-batalla-tucumana-de-juntos-por-los-cargos","status":"publish","type":"post","link":"https:\/\/locomociontv.org\/?p=24501","title":{"rendered":"Los radicales ganaron la batalla tucumana de Juntos por los Cargos"},"content":{"rendered":"\n<figure class=\"wp-block-video\"><video height=\"720\" style=\"aspect-ratio: 1920 \/ 720;\" width=\"1920\" controls src=\"https:\/\/locomociontv.org\/wp-content\/uploads\/2023\/03\/Video.Guru_20230316_205443192.mp4\"><\/video><\/figure>\n\n\n\n<!--nextpage-->\n\n\n\n<figure class=\"wp-block-image size-full is-resized\"><img loading=\"lazy\" decoding=\"async\" src=\"https:\/\/locomociontv.org\/wp-content\/uploads\/2023\/03\/image-34.png\" alt=\"\" class=\"wp-image-24502\" width=\"839\" height=\"254\" srcset=\"https:\/\/locomociontv.org\/wp-content\/uploads\/2023\/03\/image-34.png 601w, https:\/\/locomociontv.org\/wp-content\/uploads\/2023\/03\/image-34-300x91.png 300w\" sizes=\"auto, (max-width: 839px) 100vw, 839px\" \/><\/figure>\n\n\n\n<p>Todo hacia presagiar una inminente ruptura de Juntos por el Cambio en Tucum\u00e1n, pero no quieren perder un solo cargo este a\u00f1o y acordaron la salom\u00f3nica f\u00f3rmula para la gobernaci\u00f3n encabezada por el Diputado Nacional Roberto S\u00e1nchez, de la Uni\u00f3n C\u00edvica Radical , secundado por el peronista Germ\u00e1n Alfaro, intendente de San Miguel, apoyado por el PRO.<\/p>\n\n\n\n<p>La plana mayor de Juntos por los Cargos se ocup\u00f3 personalmente del asunto, tan es as\u00ed, que el anuncio del acuerdo fue efectuado por el Jefe de Gobierno Porte\u00f1o, Horacio Rodr\u00edguez Larreta en su cuenta de Twitter: \u201cFelicitaciones a Germ\u00e1n Alfaro y Roberto S\u00e1nchez por haber llegado a un acuerdo. Son un ejemplo de compromiso y responsabilidad, poniendo a los tucumanos y a la unidad de JxC por encima de todo. No tengo dudas: \u00a1juntos vamos a transformar Tucum\u00e1n para siempre! Tienen todo mi apoyo\u201d.<\/p>\n\n\n\n<p>Al parecer ratifica lo ocurrido en Tucum\u00e1n una cuesti\u00f3n de principios, por los Cargos, lo que sea.<\/p>\n\n\n\n<p><\/p>\n<div class=\"pdfprnt-buttons pdfprnt-buttons-post pdfprnt-bottom-right\"><a href=\"https:\/\/locomociontv.org\/index.php?rest_route=%2Fwp%2Fv2%2Fposts%2F24501&print=pdf\" class=\"pdfprnt-button pdfprnt-button-pdf\" target=\"_blank\" ><img decoding=\"async\" src=\"https:\/\/locomociontv.org\/wp-content\/plugins\/pdf-print\/images\/pdf.png\" alt=\"image_pdf\" title=\"View PDF\" \/><span class=\"pdfprnt-button-title pdfprnt-button-pdf-title\">Hacer PDF<\/span><\/a><a href=\"https:\/\/locomociontv.org\/index.php?rest_route=%2Fwp%2Fv2%2Fposts%2F24501&print=print\" class=\"pdfprnt-button pdfprnt-button-print\" target=\"_blank\" ><img decoding=\"async\" src=\"https:\/\/locomociontv.org\/wp-content\/plugins\/pdf-print\/images\/print.png\" alt=\"image_print\" title=\"Print Content\" \/><span class=\"pdfprnt-button-title pdfprnt-button-print-title\">Imprimir<\/span><\/a><\/div><p>Views: 0<\/p>","protected":false},"excerpt":{"rendered":"<p> Views: 0<\/p>\n","protected":false},"author":1,"featured_media":24504,"comment_status":"open","ping_status":"open","sticky":false,"template":"","format":"standard","meta":{"footnotes":""},"categories":[120,117,9,94],"tags":[],"class_list":["post-24501","post","type-post","status-publish","format-standard","has-post-thumbnail","hentry","category-elecciones-2023","category-juntos-por-los-cargos","category-politica-nacional","category-proseltitismo-extremo","post-bright","has-post-thumb"],"_links":{"self":[{"href":"https:\/\/locomociontv.org\/index.php?rest_route=\/wp\/v2\/posts\/24501","targetHints":{"allow":["GET"]}}],"collection":[{"href":"https:\/\/locomociontv.org\/index.php?rest_route=\/wp\/v2\/posts"}],"about":[{"href":"https:\/\/locomociontv.org\/index.php?rest_route=\/wp\/v2\/types\/post"}],"author":[{"embeddable":true,"href":"https:\/\/locomociontv.org\/index.php?rest_route=\/wp\/v2\/users\/1"}],"replies":[{"embeddable":true,"href":"https:\/\/locomociontv.org\/index.php?rest_route=%2Fwp%2Fv2%2Fcomments&post=24501"}],"version-history":[{"count":2,"href":"https:\/\/locomociontv.org\/index.php?rest_route=\/wp\/v2\/posts\/24501\/revisions"}],"predecessor-version":[{"id":24517,"href":"https:\/\/locomociontv.org\/index.php?rest_route=\/wp\/v2\/posts\/24501\/revisions\/24517"}],"wp:featuredmedia":[{"embeddable":true,"href":"https:\/\/locomociontv.org\/index.php?rest_route=\/wp\/v2\/media\/24504"}],"wp:attachment":[{"href":"https:\/\/locomociontv.org\/index.php?rest_route=%2Fwp%2Fv2%2Fmedia&parent=24501"}],"wp:term":[{"taxonomy":"category","embeddable":true,"href":"https:\/\/locomociontv.org\/index.php?rest_route=%2Fwp%2Fv2%2Fcategories&post=24501"},{"taxonomy":"post_tag","embeddable":true,"href":"https:\/\/locomociontv.org\/index.php?rest_route=%2Fwp%2Fv2%2Ftags&post=24501"}],"curies":[{"name":"wp","href":"https:\/\/api.w.org\/{rel}","templated":true}]}}