{"id":24490,"date":"2023-03-16T15:27:44","date_gmt":"2023-03-16T18:27:44","guid":{"rendered":"https:\/\/locomociontv.org\/?p=24490"},"modified":"2023-03-16T21:40:50","modified_gmt":"2023-03-17T00:40:50","slug":"aumento-nacional-y-popular-de-naftas-no-vas-a-comparar-con-tarifazos-y-ajustes-macristas","status":"publish","type":"post","link":"https:\/\/locomociontv.org\/?p=24490","title":{"rendered":"Aumento Nacional y Popular de Naftas: no vas a comparar con tarifazos y ajustes macristas"},"content":{"rendered":"\n<figure class=\"wp-block-video\"><video height=\"1080\" style=\"aspect-ratio: 1624 \/ 1080;\" width=\"1624\" controls src=\"https:\/\/locomociontv.org\/wp-content\/uploads\/2023\/03\/Video.Guru_20230316_213839717.mp4\"><\/video><\/figure>\n\n\n\n<!--nextpage-->\n\n\n\n<p>A partir de las 0 horas del jueves 16 de marzo, YPF aumentar\u00e1 el precio de sus combustibles un 3,8% promedio, en consonancia con lo acordado con el Gobierno, en el marco del programa Precios Justos que fij\u00f3 topes para los incrementos del sector. S\u00ed, aseguran, sugieren y quieren que compres que \u00e9sto no es un ajuste, tampoco un tarifazo, es simplemente un acuerdo de precios justos, justo un d\u00eda despu\u00e9s de que la petrolera imperialista m\u00e1s bancada por el Frente de Todos, acordara con el Gobierno un aumento similar. <\/p>\n\n\n\n<p>La Secretar\u00eda de Energ\u00eda es una gran caja que promete a los bandidos de la C\u00e1mpora y el Frente Renovador much\u00edsimo dinero, como un Itaip\u00fa argentino.  Las empresas est\u00e1 dispuestas a pagar lo que se les pide, lo que hace que a contraprestaci\u00f3n les den aumentos que salgan de desangrar el bolsillo del pueblo que es lo que logran. <\/p>\n\n\n\n<p>As\u00ed Nacional y Popularmente, como el farsante Frente de Todos asegura, se sigue sirviendo a los intereses del imperialismo a rajatabla y de paso, ellos tambi\u00e9n saquean al Pueblo por D\u00edos y por la Patria.<\/p>\n<div class=\"pdfprnt-buttons pdfprnt-buttons-post pdfprnt-bottom-right\"><a href=\"https:\/\/locomociontv.org\/index.php?rest_route=%2Fwp%2Fv2%2Fposts%2F24490&print=pdf\" class=\"pdfprnt-button pdfprnt-button-pdf\" target=\"_blank\" ><img decoding=\"async\" src=\"https:\/\/locomociontv.org\/wp-content\/plugins\/pdf-print\/images\/pdf.png\" alt=\"image_pdf\" title=\"View PDF\" \/><span class=\"pdfprnt-button-title pdfprnt-button-pdf-title\">Hacer PDF<\/span><\/a><a href=\"https:\/\/locomociontv.org\/index.php?rest_route=%2Fwp%2Fv2%2Fposts%2F24490&print=print\" class=\"pdfprnt-button pdfprnt-button-print\" target=\"_blank\" ><img decoding=\"async\" src=\"https:\/\/locomociontv.org\/wp-content\/plugins\/pdf-print\/images\/print.png\" alt=\"image_print\" title=\"Print Content\" \/><span class=\"pdfprnt-button-title pdfprnt-button-print-title\">Imprimir<\/span><\/a><\/div><p>Views: 2<\/p>","protected":false},"excerpt":{"rendered":"<p> Views: 2<\/p>\n","protected":false},"author":1,"featured_media":24491,"comment_status":"open","ping_status":"open","sticky":false,"template":"","format":"standard","meta":{"footnotes":""},"categories":[57,41,17,11,99,120,126,38,108,44,9,39,94,113],"tags":[],"class_list":["post-24490","post","type-post","status-publish","format-standard","has-post-thumbnail","hentry","category-abuso-de-poder","category-actividades","category-corruptelas-varias","category-derechos-humanos","category-el-cabaret-de-todos","category-elecciones-2023","category-esta-gestion-es-una-massa","category-lumpenes-y-pinekertons","category-militares-y-estado-asunto-separado","category-persecusiones-politicas","category-politica-nacional","category-precarizacion-y-estafas","category-proseltitismo-extremo","category-un-queso-de-bola-en-la-rosada","post-bright","has-post-thumb"],"_links":{"self":[{"href":"https:\/\/locomociontv.org\/index.php?rest_route=\/wp\/v2\/posts\/24490","targetHints":{"allow":["GET"]}}],"collection":[{"href":"https:\/\/locomociontv.org\/index.php?rest_route=\/wp\/v2\/posts"}],"about":[{"href":"https:\/\/locomociontv.org\/index.php?rest_route=\/wp\/v2\/types\/post"}],"author":[{"embeddable":true,"href":"https:\/\/locomociontv.org\/index.php?rest_route=\/wp\/v2\/users\/1"}],"replies":[{"embeddable":true,"href":"https:\/\/locomociontv.org\/index.php?rest_route=%2Fwp%2Fv2%2Fcomments&post=24490"}],"version-history":[{"count":2,"href":"https:\/\/locomociontv.org\/index.php?rest_route=\/wp\/v2\/posts\/24490\/revisions"}],"predecessor-version":[{"id":24521,"href":"https:\/\/locomociontv.org\/index.php?rest_route=\/wp\/v2\/posts\/24490\/revisions\/24521"}],"wp:featuredmedia":[{"embeddable":true,"href":"https:\/\/locomociontv.org\/index.php?rest_route=\/wp\/v2\/media\/24491"}],"wp:attachment":[{"href":"https:\/\/locomociontv.org\/index.php?rest_route=%2Fwp%2Fv2%2Fmedia&parent=24490"}],"wp:term":[{"taxonomy":"category","embeddable":true,"href":"https:\/\/locomociontv.org\/index.php?rest_route=%2Fwp%2Fv2%2Fcategories&post=24490"},{"taxonomy":"post_tag","embeddable":true,"href":"https:\/\/locomociontv.org\/index.php?rest_route=%2Fwp%2Fv2%2Ftags&post=24490"}],"curies":[{"name":"wp","href":"https:\/\/api.w.org\/{rel}","templated":true}]}}