{"id":24445,"date":"2023-03-14T16:13:38","date_gmt":"2023-03-14T19:13:38","guid":{"rendered":"https:\/\/locomociontv.org\/?p=24445"},"modified":"2023-03-15T02:17:40","modified_gmt":"2023-03-15T05:17:40","slug":"se-conocio-la-inflacion-estatal-de-febrero-6-6","status":"publish","type":"post","link":"https:\/\/locomociontv.org\/?p=24445","title":{"rendered":"Se conoci\u00f3 la &#8220;inflaci\u00f3n estatal&#8221; de Febrero: 6.6%"},"content":{"rendered":"\n<figure class=\"wp-block-embed is-type-video is-provider-youtube wp-block-embed-youtube wp-embed-aspect-16-9 wp-has-aspect-ratio\"><div class=\"wp-block-embed__wrapper\">\n<iframe loading=\"lazy\" title=\"Se conoci\u00f3 la \u201cinflaci\u00f3n estatal\u201d de Febrero de 2023: vari\u00f3 un 6.6%\" width=\"580\" height=\"326\" src=\"https:\/\/www.youtube.com\/embed\/HWBZIYQ2QH8?feature=oembed\" frameborder=\"0\" allow=\"accelerometer; autoplay; clipboard-write; encrypted-media; gyroscope; picture-in-picture; web-share\" allowfullscreen><\/iframe>\n<\/div><\/figure>\n\n\n\n<!--nextpage-->\n\n\n\n<figure class=\"wp-block-image size-full is-resized\"><img loading=\"lazy\" decoding=\"async\" src=\"https:\/\/locomociontv.org\/wp-content\/uploads\/2023\/03\/image-31.png\" alt=\"\" class=\"wp-image-24447\" width=\"838\" height=\"361\" srcset=\"https:\/\/locomociontv.org\/wp-content\/uploads\/2023\/03\/image-31.png 698w, https:\/\/locomociontv.org\/wp-content\/uploads\/2023\/03\/image-31-300x129.png 300w\" sizes=\"auto, (max-width: 838px) 100vw, 838px\" \/><\/figure>\n\n\n\n<p>A las 16 horas, puntualmente como siempre, el INDEC emiti\u00f3 el \u00cdndice de Precios al consumidor del mes de Febrero de 2023, registrando una variaci\u00f3n mensual del 6.6%. La variaci\u00f3n acumulada en 2023 est\u00e1 en el 13.1% y la interanual registr\u00f3 una variaci\u00f3n del 102.5%.<\/p>\n<div class=\"pdfprnt-buttons pdfprnt-buttons-post pdfprnt-bottom-right\"><a href=\"https:\/\/locomociontv.org\/index.php?rest_route=%2Fwp%2Fv2%2Fposts%2F24445&print=pdf\" class=\"pdfprnt-button pdfprnt-button-pdf\" target=\"_blank\" ><img decoding=\"async\" src=\"https:\/\/locomociontv.org\/wp-content\/plugins\/pdf-print\/images\/pdf.png\" alt=\"image_pdf\" title=\"View PDF\" \/><span class=\"pdfprnt-button-title pdfprnt-button-pdf-title\">Hacer PDF<\/span><\/a><a href=\"https:\/\/locomociontv.org\/index.php?rest_route=%2Fwp%2Fv2%2Fposts%2F24445&print=print\" class=\"pdfprnt-button pdfprnt-button-print\" target=\"_blank\" ><img decoding=\"async\" src=\"https:\/\/locomociontv.org\/wp-content\/plugins\/pdf-print\/images\/print.png\" alt=\"image_print\" title=\"Print Content\" \/><span class=\"pdfprnt-button-title pdfprnt-button-print-title\">Imprimir<\/span><\/a><\/div><p>Views: 1<\/p>","protected":false},"excerpt":{"rendered":"<p> Views: 1<\/p>\n","protected":false},"author":1,"featured_media":24447,"comment_status":"open","ping_status":"open","sticky":false,"template":"","format":"standard","meta":{"footnotes":""},"categories":[127],"tags":[],"class_list":["post-24445","post","type-post","status-publish","format-standard","has-post-thumbnail","hentry","category-la-inflacion-que-el-estado-reconoce","post-bright","has-post-thumb","small-thumb"],"_links":{"self":[{"href":"https:\/\/locomociontv.org\/index.php?rest_route=\/wp\/v2\/posts\/24445","targetHints":{"allow":["GET"]}}],"collection":[{"href":"https:\/\/locomociontv.org\/index.php?rest_route=\/wp\/v2\/posts"}],"about":[{"href":"https:\/\/locomociontv.org\/index.php?rest_route=\/wp\/v2\/types\/post"}],"author":[{"embeddable":true,"href":"https:\/\/locomociontv.org\/index.php?rest_route=\/wp\/v2\/users\/1"}],"replies":[{"embeddable":true,"href":"https:\/\/locomociontv.org\/index.php?rest_route=%2Fwp%2Fv2%2Fcomments&post=24445"}],"version-history":[{"count":3,"href":"https:\/\/locomociontv.org\/index.php?rest_route=\/wp\/v2\/posts\/24445\/revisions"}],"predecessor-version":[{"id":24462,"href":"https:\/\/locomociontv.org\/index.php?rest_route=\/wp\/v2\/posts\/24445\/revisions\/24462"}],"wp:featuredmedia":[{"embeddable":true,"href":"https:\/\/locomociontv.org\/index.php?rest_route=\/wp\/v2\/media\/24447"}],"wp:attachment":[{"href":"https:\/\/locomociontv.org\/index.php?rest_route=%2Fwp%2Fv2%2Fmedia&parent=24445"}],"wp:term":[{"taxonomy":"category","embeddable":true,"href":"https:\/\/locomociontv.org\/index.php?rest_route=%2Fwp%2Fv2%2Fcategories&post=24445"},{"taxonomy":"post_tag","embeddable":true,"href":"https:\/\/locomociontv.org\/index.php?rest_route=%2Fwp%2Fv2%2Ftags&post=24445"}],"curies":[{"name":"wp","href":"https:\/\/api.w.org\/{rel}","templated":true}]}}