{"id":24349,"date":"2023-03-09T23:06:37","date_gmt":"2023-03-10T02:06:37","guid":{"rendered":"https:\/\/locomociontv.org\/?p=24349"},"modified":"2023-03-10T16:58:51","modified_gmt":"2023-03-10T19:58:51","slug":"el-cabaret-de-todos-billonesimo-informe","status":"publish","type":"post","link":"https:\/\/locomociontv.org\/?p=24349","title":{"rendered":"El Cabaret de Todos (Billon\u00e9simo informe)"},"content":{"rendered":"\n<figure class=\"wp-block-video\"><video height=\"570\" style=\"aspect-ratio: 1136 \/ 570;\" width=\"1136\" controls src=\"https:\/\/locomociontv.org\/wp-content\/uploads\/2023\/03\/Video.Guru_20230310_164941116.mp4\"><\/video><\/figure>\n\n\n\n<!--nextpage-->\n\n\n\n<figure class=\"wp-block-image size-full\"><img loading=\"lazy\" decoding=\"async\" width=\"900\" height=\"506\" src=\"https:\/\/locomociontv.org\/wp-content\/uploads\/2023\/03\/peromilikos.png\" alt=\"\" class=\"wp-image-24249\" srcset=\"https:\/\/locomociontv.org\/wp-content\/uploads\/2023\/03\/peromilikos.png 900w, https:\/\/locomociontv.org\/wp-content\/uploads\/2023\/03\/peromilikos-300x169.png 300w, https:\/\/locomociontv.org\/wp-content\/uploads\/2023\/03\/peromilikos-768x432.png 768w\" sizes=\"auto, (max-width: 900px) 100vw, 900px\" \/><\/figure>\n\n\n\n<p>Juntos o separados no es opci\u00f3n, como sea hay que poner el foco en el Frente de Todos como alternativa ante un Gobierno propio que no va para ning\u00fan lado. No piensan gobernar m\u00e1s, solamente en lo atinente al servicio de sus patrones oligarKas e imperialistas. Nada de la realidad les sirve a ninguno: se criticar\u00e1n con dureza a\u00fan de las cosas de las que son c\u00f3mplices y lo ser\u00e1n siempre, cuando haga falta se defender\u00e1n del ataque de los &#8220;enemigos invisibles&#8221;, como les ense\u00f1ara N\u00e9stor. <\/p>\n\n\n\n<p>No saben m\u00e1s que hacer para salvar el pellejo, los cargos y el control de las herramientas de represi\u00f3n y econ\u00f3micas que tiene el Estado. Siempre van a encontrar un enemigo que ser\u00e1 el culpable de su rapacidad e ineptitud. El Cabaret de Todos tendr\u00e1 un 2023 en el que costar\u00e1 no vomitar al o\u00edr de esa gente. <\/p>\n\n\n\n<!--nextpage-->\n\n\n\n<figure class=\"wp-block-image size-full is-resized\"><img loading=\"lazy\" decoding=\"async\" src=\"https:\/\/locomociontv.org\/wp-content\/uploads\/2023\/02\/image-10.png\" alt=\"\" class=\"wp-image-23668\" width=\"840\" height=\"560\" srcset=\"https:\/\/locomociontv.org\/wp-content\/uploads\/2023\/02\/image-10.png 960w, https:\/\/locomociontv.org\/wp-content\/uploads\/2023\/02\/image-10-300x200.png 300w, https:\/\/locomociontv.org\/wp-content\/uploads\/2023\/02\/image-10-768x512.png 768w\" sizes=\"auto, (max-width: 840px) 100vw, 840px\" \/><\/figure>\n\n\n\n<p>Se pasaron gran parte del mes de febrero hablando del &#8220;lawfare&#8221; desde el Poder y con sus &#8220;jueces militantes&#8221; muy activos en la inquisici\u00f3n, como el Honorable Ramos Padilla, Virrey de Lawfare de la Casa Imperial de Tolosa.<\/p>\n\n\n\n<p>Siguen cuando pueden baj\u00e1ndose los pantalones en Washington y alegando que son los macristas los que entregan al pa\u00eds y los huesos de la abuela a los extractivismo de todo tipo, cuando no paran de darle privilegios que a la corta les &#8220;retornan&#8221; sus agradecidas corpos.<\/p>\n\n\n\n<!--nextpage-->\n\n\n\n<figure class=\"wp-block-image size-full\"><img loading=\"lazy\" decoding=\"async\" width=\"971\" height=\"512\" src=\"https:\/\/locomociontv.org\/wp-content\/uploads\/2023\/03\/Screenshot_20230301-154830_Chrome.jpg\" alt=\"\" class=\"wp-image-24120\" srcset=\"https:\/\/locomociontv.org\/wp-content\/uploads\/2023\/03\/Screenshot_20230301-154830_Chrome.jpg 971w, https:\/\/locomociontv.org\/wp-content\/uploads\/2023\/03\/Screenshot_20230301-154830_Chrome-300x158.jpg 300w, https:\/\/locomociontv.org\/wp-content\/uploads\/2023\/03\/Screenshot_20230301-154830_Chrome-768x405.jpg 768w\" sizes=\"auto, (max-width: 971px) 100vw, 971px\" \/><\/figure>\n\n\n\n<p>No pueden conseguir foto con los campeones, habiendo hecho hasta lo imposible para lograrla, p0ero los campeones prefieren sacarse la foto hasta con Macri, antes que con ellos. Y salen la TV parapolicial de Rial y Brancatelli a denunciar el &#8220;macrismo&#8221; de Messi y al otro d\u00eda su familia es atacada por &#8220;sicarios del narco&#8221;. Operativos negacionistas, como de costumbre, tratar\u00e1n de decir que ocurri\u00f3 otra cosa o que no ocurri\u00f3 nada. Las cosas no ocurren casualmente y menos cuando los colaboracionistas en redes sociales se pasan horas (sin que sepamos c\u00f3mo hacen para ganarse la vida) denunciando a los humildes de lo que venga y endiosando a unos cerdos millonarios que nos muestran que la \u00fanica inclusi\u00f3n que conocen es la de d\u00f3lares en sus cuentas bancarias, mientras le niegan a la gente la chance de viajar, de crecer y de vivir, por que todos los precios de eso son en d\u00f3lares. <\/p>\n\n\n\n<!--nextpage-->\n\n\n\n<figure class=\"wp-block-image size-full is-resized\"><img loading=\"lazy\" decoding=\"async\" src=\"https:\/\/locomociontv.org\/wp-content\/uploads\/2023\/02\/Screenshot_20230213-195148_Google-News.jpg\" alt=\"\" class=\"wp-image-23807\" width=\"839\" height=\"529\" srcset=\"https:\/\/locomociontv.org\/wp-content\/uploads\/2023\/02\/Screenshot_20230213-195148_Google-News.jpg 809w, https:\/\/locomociontv.org\/wp-content\/uploads\/2023\/02\/Screenshot_20230213-195148_Google-News-300x189.jpg 300w, https:\/\/locomociontv.org\/wp-content\/uploads\/2023\/02\/Screenshot_20230213-195148_Google-News-768x484.jpg 768w\" sizes=\"auto, (max-width: 839px) 100vw, 839px\" \/><\/figure>\n\n\n\n<p>No te preocupes, as\u00ed es como piensa Cristina: no me toques propiedades, por que la Patria, para vos es del otro, que es ella y sus servidores parapoliciales, cuyo &#8220;Operativo Clamor&#8221; cuaja menos que foto de Campe\u00f3n del Mundo en la Rosada. Alberto conovoc\u00f3 a una mesa de rosca a la que Cristina se negaba a ir y design\u00f3 a su alkahuete oficial, Wado de Pedro. La cosa iba a seguir ninguneando a la familia imperial de los Kirchner y de repente el 16 de febrero apareci\u00f3 en la Calle Matheu el delf\u00edn M\u00e1ximo, en representaci\u00f3n de su mam\u00e1. Logr\u00f3 armar una comisi\u00f3n del PJ para que le pidan que sea candidata, aunque asegura que est\u00e1 proscripta. La Emperatriz quiere un ba\u00f1o de multitudes, un &#8220;Operativo Clamor&#8221; que le rueguen, que se siga hablando de ella. Cristina es una diva y no puede soportar que no se hable de ella. <\/p>\n\n\n\n<!--nextpage-->\n\n\n\n<figure class=\"wp-block-image size-full is-resized\"><img loading=\"lazy\" decoding=\"async\" src=\"https:\/\/locomociontv.org\/wp-content\/uploads\/2023\/03\/image-12.png\" alt=\"\" class=\"wp-image-24211\" width=\"839\" height=\"470\"\/><\/figure>\n\n\n\n<p>El 11 de marzo tendr\u00e1 su revancha, ser\u00e1 en Avellaneda y all\u00ed lo intentar\u00e1 de nuevo. Luego ver\u00e1 si gana o no y all\u00ed seguramente decidir\u00e1. Todav\u00eda no se repone de la paliza que le di\u00f3 Esteban Bullrich, esta vez la decisi\u00f3n es dif\u00edcil. Seguir disfrutando de sus millones y hacer que manda por joystick o hacerse cargo de una derrota casi segura por m\u00e1s que intente en su esquizofrenia mostrarse como no es parte del Gobierno en el que hizo y deshizo a su completo antojo. <\/p>\n\n\n\n<p>El Cabaret de Todos tiene una crisis de identidad bastante seria, en realidad sabe qu\u00e9 y c\u00f3mo son, pero la verdad nunca lo seducir\u00e1.<\/p>\n<div class=\"pdfprnt-buttons pdfprnt-buttons-post pdfprnt-bottom-right\"><a href=\"https:\/\/locomociontv.org\/index.php?rest_route=%2Fwp%2Fv2%2Fposts%2F24349&print=pdf\" class=\"pdfprnt-button pdfprnt-button-pdf\" target=\"_blank\" ><img decoding=\"async\" src=\"https:\/\/locomociontv.org\/wp-content\/plugins\/pdf-print\/images\/pdf.png\" alt=\"image_pdf\" title=\"View PDF\" \/><span class=\"pdfprnt-button-title pdfprnt-button-pdf-title\">Hacer PDF<\/span><\/a><a href=\"https:\/\/locomociontv.org\/index.php?rest_route=%2Fwp%2Fv2%2Fposts%2F24349&print=print\" class=\"pdfprnt-button pdfprnt-button-print\" target=\"_blank\" ><img decoding=\"async\" src=\"https:\/\/locomociontv.org\/wp-content\/plugins\/pdf-print\/images\/print.png\" alt=\"image_print\" title=\"Print Content\" \/><span class=\"pdfprnt-button-title pdfprnt-button-print-title\">Imprimir<\/span><\/a><\/div><p>Views: 0<\/p>","protected":false},"excerpt":{"rendered":"<p> Views: 0<\/p>\n","protected":false},"author":1,"featured_media":21579,"comment_status":"open","ping_status":"open","sticky":false,"template":"","format":"standard","meta":{"footnotes":""},"categories":[99,120,9,94],"tags":[],"class_list":["post-24349","post","type-post","status-publish","format-standard","has-post-thumbnail","hentry","category-el-cabaret-de-todos","category-elecciones-2023","category-politica-nacional","category-proseltitismo-extremo","post-bright","has-post-thumb","small-thumb"],"_links":{"self":[{"href":"https:\/\/locomociontv.org\/index.php?rest_route=\/wp\/v2\/posts\/24349","targetHints":{"allow":["GET"]}}],"collection":[{"href":"https:\/\/locomociontv.org\/index.php?rest_route=\/wp\/v2\/posts"}],"about":[{"href":"https:\/\/locomociontv.org\/index.php?rest_route=\/wp\/v2\/types\/post"}],"author":[{"embeddable":true,"href":"https:\/\/locomociontv.org\/index.php?rest_route=\/wp\/v2\/users\/1"}],"replies":[{"embeddable":true,"href":"https:\/\/locomociontv.org\/index.php?rest_route=%2Fwp%2Fv2%2Fcomments&post=24349"}],"version-history":[{"count":13,"href":"https:\/\/locomociontv.org\/index.php?rest_route=\/wp\/v2\/posts\/24349\/revisions"}],"predecessor-version":[{"id":24370,"href":"https:\/\/locomociontv.org\/index.php?rest_route=\/wp\/v2\/posts\/24349\/revisions\/24370"}],"wp:featuredmedia":[{"embeddable":true,"href":"https:\/\/locomociontv.org\/index.php?rest_route=\/wp\/v2\/media\/21579"}],"wp:attachment":[{"href":"https:\/\/locomociontv.org\/index.php?rest_route=%2Fwp%2Fv2%2Fmedia&parent=24349"}],"wp:term":[{"taxonomy":"category","embeddable":true,"href":"https:\/\/locomociontv.org\/index.php?rest_route=%2Fwp%2Fv2%2Fcategories&post=24349"},{"taxonomy":"post_tag","embeddable":true,"href":"https:\/\/locomociontv.org\/index.php?rest_route=%2Fwp%2Fv2%2Ftags&post=24349"}],"curies":[{"name":"wp","href":"https:\/\/api.w.org\/{rel}","templated":true}]}}