{"id":24258,"date":"2023-03-19T02:12:00","date_gmt":"2023-03-19T05:12:00","guid":{"rendered":"https:\/\/locomociontv.org\/?p=24258"},"modified":"2023-03-19T16:36:39","modified_gmt":"2023-03-19T19:36:39","slug":"un-queso-de-bola-en-la-rosada-8-informe","status":"publish","type":"post","link":"https:\/\/locomociontv.org\/?p=24258","title":{"rendered":"Un queso de bola en la Rosada (8\u00b0 Informe)"},"content":{"rendered":"\n<ul class=\"wp-block-list\"><li><a href=\"https:\/\/www.youtube.com\/watch?v=7zqXSOQdZHA&amp;t=0s\">00:00<\/a> &#8211; Introducci\u00f3n a este octavo informe. <\/li><li><a href=\"https:\/\/www.youtube.com\/watch?v=7zqXSOQdZHA&amp;t=27s\">00:27<\/a> &#8211; El Presidente quiere disimular su desgobierno a c\u00f3mo d\u00e9 lugar. <\/li><li><a href=\"https:\/\/www.youtube.com\/watch?v=7zqXSOQdZHA&amp;t=245s\">04:05<\/a> &#8211; La Vocera informa que el Gobierno no reformar\u00e1 la Corte por decreto. <\/li><li><a href=\"https:\/\/www.youtube.com\/watch?v=7zqXSOQdZHA&amp;t=391s\">06:31<\/a> &#8211; El Presidente convoca a la rosca al Justicialismo. <\/li><li><a href=\"https:\/\/www.youtube.com\/watch?v=7zqXSOQdZHA&amp;t=441s\">07:21<\/a> &#8211; Luis D&#8217;El\u00eda: &#8220;M\u00e1ximo Kirchner no le encuentra el agujero al mate&#8221;. <\/li><li><a href=\"https:\/\/www.youtube.com\/watch?v=7zqXSOQdZHA&amp;t=494s\">08:14<\/a> &#8211; El Presidente fij\u00f3 fecha y lugar para la Mesa Electoral del Frente de Todos. <\/li><li><a href=\"https:\/\/www.youtube.com\/watch?v=7zqXSOQdZHA&amp;t=542s\">09:02<\/a> &#8211; Manzur renunci\u00f3 para hacer campa\u00f1a por Jaldo. <\/li><li><a href=\"https:\/\/www.youtube.com\/watch?v=7zqXSOQdZHA&amp;t=608s\">10:08<\/a> &#8211; Agust\u00edn Rossi ser\u00e1 el nuevo Jefe de Gabinete. <\/li><li><a href=\"https:\/\/www.youtube.com\/watch?v=7zqXSOQdZHA&amp;t=669s\">11:09<\/a> &#8211; Primer acto de bataclaner\u00eda electoral del Frente de Todos. <\/li><li><a href=\"https:\/\/www.youtube.com\/watch?v=7zqXSOQdZHA&amp;t=877s\">14:37<\/a> &#8211; El Presidente sigue en Nubedepedia en defensa propia y en la de su inexistente gobierno. <\/li><li><a href=\"https:\/\/www.youtube.com\/watch?v=7zqXSOQdZHA&amp;t=938s\">15:38<\/a> &#8211; Cerruti: &#8220;No estoy de acuerdo con que la gente la est\u00e1 pasando mal&#8221;. <\/li><li><a href=\"https:\/\/www.youtube.com\/watch?v=7zqXSOQdZHA&amp;t=1036s\">17:16<\/a> &#8211; El Presidente no piensa gobernar: &#8220;Mi aspiraci\u00f3n es que el Frente de Todos gane&#8221;. <\/li><li><a href=\"https:\/\/www.youtube.com\/watch?v=7zqXSOQdZHA&amp;t=1072s\">17:52<\/a> &#8211; Argentina Peronista y Patriota: nuevamente los milikos en las calles con la excusa del narKo. <\/li><li><a href=\"https:\/\/www.youtube.com\/watch?v=7zqXSOQdZHA&amp;t=1478s\">24:38<\/a> &#8211; Alberto insiste con el &#8220;Mansplaining&#8221; en el D\u00eda de la Mujer. <\/li><li><a href=\"https:\/\/www.youtube.com\/watch?v=7zqXSOQdZHA&amp;t=1672s\">27:52<\/a> &#8211; El Presidente deber\u00e1 guardar unos d\u00edas de reposo por una hernia de disco.<\/li><\/ul>\n\n\n\n<figure class=\"wp-block-embed is-type-video is-provider-youtube wp-block-embed-youtube wp-embed-aspect-16-9 wp-has-aspect-ratio\"><div class=\"wp-block-embed__wrapper\">\n<iframe loading=\"lazy\" title=\"Un queso de bola en la Rosada (8\u00b0 Informe)\" width=\"818\" height=\"460\" src=\"https:\/\/www.youtube.com\/embed\/7zqXSOQdZHA?feature=oembed\" frameborder=\"0\" allow=\"accelerometer; autoplay; clipboard-write; encrypted-media; gyroscope; picture-in-picture; web-share\" allowfullscreen><\/iframe>\n<\/div><\/figure>\n\n\n\n<!--nextpage-->\n\n\n\n<figure class=\"wp-block-video\"><video height=\"1080\" style=\"aspect-ratio: 1704 \/ 1080;\" width=\"1704\" controls src=\"https:\/\/locomociontv.org\/wp-content\/uploads\/2023\/03\/Video.Guru_20230317_131755990.mp4\"><\/video><\/figure>\n\n\n\n<p>Les hab\u00edamos avisado que el Presidente no se iba a sentir concernido hasta el final de su mandato por eso de gobernar. No es para \u00e9l aunque quiera ser reelecto, al menos por ahora. La amenaza de una Cristina candidata y la incertidumbre de si se trata solamente de divismo imperial, lo tienen fuera de si.<\/p>\n\n\n\n<p>Le conviene decir cualquier cosa, le conviene mentir, falsear, negar hasta lo evidente, pues la verdad no lo ayuda para nada al Presidente de la Naci\u00f3n, Dr. Alberto \u00c1ngel Fern\u00e1ndez.<\/p>\n\n\n\n<!--nextpage-->\n\n\n\n<figure class=\"wp-block-embed is-type-wp-embed is-provider-locomocion-tv wp-block-embed-locomocion-tv\"><div class=\"wp-block-embed__wrapper\">\n<blockquote class=\"wp-embedded-content\" data-secret=\"nDWqlrNWXJ\"><a href=\"https:\/\/locomociontv.org\/?p=23673\">El Presidente de la Naci\u00f3n ha perdido el control de lo que dice, ya que no hace mucho<\/a><\/blockquote><iframe loading=\"lazy\" class=\"wp-embedded-content\" sandbox=\"allow-scripts\" security=\"restricted\" style=\"position: absolute; clip: rect(1px, 1px, 1px, 1px);\" title=\"&#8220;El Presidente de la Naci\u00f3n ha perdido el control de lo que dice, ya que no hace mucho&#8221; &#8212; Locomoci\u00f3n TV\" src=\"https:\/\/locomociontv.org\/?p=23673&#038;embed=true#?secret=nDWqlrNWXJ\" data-secret=\"nDWqlrNWXJ\" width=\"600\" height=\"338\" frameborder=\"0\" marginwidth=\"0\" marginheight=\"0\" scrolling=\"no\"><\/iframe>\n<\/div><\/figure>\n\n\n\n<p><\/p>\n\n\n\n<!--nextpage-->\n\n\n\n<figure class=\"wp-block-embed is-type-wp-embed is-provider-locomocion-tv wp-block-embed-locomocion-tv\"><div class=\"wp-block-embed__wrapper\">\n<blockquote class=\"wp-embedded-content\" data-secret=\"6CsYLhGO98\"><a href=\"https:\/\/locomociontv.org\/?p=23650\">El Gobierno no reformar\u00e1 la Corte por decreto<\/a><\/blockquote><iframe loading=\"lazy\" class=\"wp-embedded-content\" sandbox=\"allow-scripts\" security=\"restricted\" style=\"position: absolute; clip: rect(1px, 1px, 1px, 1px);\" title=\"&#8220;El Gobierno no reformar\u00e1 la Corte por decreto&#8221; &#8212; Locomoci\u00f3n TV\" src=\"https:\/\/locomociontv.org\/?p=23650&#038;embed=true#?secret=6CsYLhGO98\" data-secret=\"6CsYLhGO98\" width=\"600\" height=\"338\" frameborder=\"0\" marginwidth=\"0\" marginheight=\"0\" scrolling=\"no\"><\/iframe>\n<\/div><\/figure>\n\n\n\n<!--nextpage-->\n\n\n\n<figure class=\"wp-block-embed is-type-wp-embed is-provider-locomocion-tv wp-block-embed-locomocion-tv\"><div class=\"wp-block-embed__wrapper\">\n<blockquote class=\"wp-embedded-content\" data-secret=\"lOgDLKZAjj\"><a href=\"https:\/\/locomociontv.org\/?p=23681\">No fue invitado y quiere ser anfitri\u00f3n: el Presidente convoca a la rosca del justicialismo<\/a><\/blockquote><iframe loading=\"lazy\" class=\"wp-embedded-content\" sandbox=\"allow-scripts\" security=\"restricted\" style=\"position: absolute; clip: rect(1px, 1px, 1px, 1px);\" title=\"&#8220;No fue invitado y quiere ser anfitri\u00f3n: el Presidente convoca a la rosca del justicialismo&#8221; &#8212; Locomoci\u00f3n TV\" src=\"https:\/\/locomociontv.org\/?p=23681&#038;embed=true#?secret=lOgDLKZAjj\" data-secret=\"lOgDLKZAjj\" width=\"600\" height=\"338\" frameborder=\"0\" marginwidth=\"0\" marginheight=\"0\" scrolling=\"no\"><\/iframe>\n<\/div><\/figure>\n\n\n\n<!--nextpage-->\n\n\n\n<figure class=\"wp-block-embed is-type-wp-embed is-provider-locomocion-tv wp-block-embed-locomocion-tv\"><div class=\"wp-block-embed__wrapper\">\n<blockquote class=\"wp-embedded-content\" data-secret=\"at9Tbzo2JX\"><a href=\"https:\/\/locomociontv.org\/?p=23686\">LUIS D&#8217;EL\u00cdA: &#8220;M\u00c1XIMO KIRCHNER NO LE ENCUENTRA EL AGUJERO AL MATE &#8220;<\/a><\/blockquote><iframe loading=\"lazy\" class=\"wp-embedded-content\" sandbox=\"allow-scripts\" security=\"restricted\" style=\"position: absolute; clip: rect(1px, 1px, 1px, 1px);\" title=\"&#8220;LUIS D&#8217;EL\u00cdA: &#8220;M\u00c1XIMO KIRCHNER NO LE ENCUENTRA EL AGUJERO AL MATE &#8220;&#8221; &#8212; Locomoci\u00f3n TV\" src=\"https:\/\/locomociontv.org\/?p=23686&#038;embed=true#?secret=at9Tbzo2JX\" data-secret=\"at9Tbzo2JX\" width=\"600\" height=\"338\" frameborder=\"0\" marginwidth=\"0\" marginheight=\"0\" scrolling=\"no\"><\/iframe>\n<\/div><\/figure>\n\n\n\n<!--nextpage-->\n\n\n\n<figure class=\"wp-block-embed is-type-wp-embed is-provider-locomocion-tv wp-block-embed-locomocion-tv\"><div class=\"wp-block-embed__wrapper\">\n<blockquote class=\"wp-embedded-content\" data-secret=\"qpZjkHb04L\"><a href=\"https:\/\/locomociontv.org\/?p=23731\">Oficiamente, el Presidente puso fecha y lugar para la Mesa Electoral del Frente de Todos<\/a><\/blockquote><iframe loading=\"lazy\" class=\"wp-embedded-content\" sandbox=\"allow-scripts\" security=\"restricted\" style=\"position: absolute; clip: rect(1px, 1px, 1px, 1px);\" title=\"&#8220;Oficiamente, el Presidente puso fecha y lugar para la Mesa Electoral del Frente de Todos&#8221; &#8212; Locomoci\u00f3n TV\" src=\"https:\/\/locomociontv.org\/?p=23731&#038;embed=true#?secret=qpZjkHb04L\" data-secret=\"qpZjkHb04L\" width=\"600\" height=\"338\" frameborder=\"0\" marginwidth=\"0\" marginheight=\"0\" scrolling=\"no\"><\/iframe>\n<\/div><\/figure>\n\n\n\n<!--nextpage-->\n\n\n\n<figure class=\"wp-block-embed is-type-wp-embed is-provider-locomocion-tv wp-block-embed-locomocion-tv\"><div class=\"wp-block-embed__wrapper\">\n<blockquote class=\"wp-embedded-content\" data-secret=\"F6AfT3PJvH\"><a href=\"https:\/\/locomociontv.org\/?p=23758\">Manzur renuncia para hacer campa\u00f1a por Jaldo<\/a><\/blockquote><iframe loading=\"lazy\" class=\"wp-embedded-content\" sandbox=\"allow-scripts\" security=\"restricted\" style=\"position: absolute; clip: rect(1px, 1px, 1px, 1px);\" title=\"&#8220;Manzur renuncia para hacer campa\u00f1a por Jaldo&#8221; &#8212; Locomoci\u00f3n TV\" src=\"https:\/\/locomociontv.org\/?p=23758&#038;embed=true#?secret=F6AfT3PJvH\" data-secret=\"F6AfT3PJvH\" width=\"600\" height=\"338\" frameborder=\"0\" marginwidth=\"0\" marginheight=\"0\" scrolling=\"no\"><\/iframe>\n<\/div><\/figure>\n\n\n\n<!--nextpage-->\n\n\n\n<figure class=\"wp-block-embed is-type-wp-embed is-provider-locomocion-tv wp-block-embed-locomocion-tv\"><div class=\"wp-block-embed__wrapper\">\n<blockquote class=\"wp-embedded-content\" data-secret=\"1DxFNvzgL1\"><a href=\"https:\/\/locomociontv.org\/?p=23792\">Agust\u00edn Rossi ser\u00e1 el nuevo Jefe de Gabinete<\/a><\/blockquote><iframe loading=\"lazy\" class=\"wp-embedded-content\" sandbox=\"allow-scripts\" security=\"restricted\" style=\"position: absolute; clip: rect(1px, 1px, 1px, 1px);\" title=\"&#8220;Agust\u00edn Rossi ser\u00e1 el nuevo Jefe de Gabinete&#8221; &#8212; Locomoci\u00f3n TV\" src=\"https:\/\/locomociontv.org\/?p=23792&#038;embed=true#?secret=1DxFNvzgL1\" data-secret=\"1DxFNvzgL1\" width=\"600\" height=\"338\" frameborder=\"0\" marginwidth=\"0\" marginheight=\"0\" scrolling=\"no\"><\/iframe>\n<\/div><\/figure>\n\n\n\n<!--nextpage-->\n\n\n\n<figure class=\"wp-block-embed is-type-wp-embed is-provider-locomocion-tv wp-block-embed-locomocion-tv\"><div class=\"wp-block-embed__wrapper\">\n<blockquote class=\"wp-embedded-content\" data-secret=\"Wh3xwQ6IXY\"><a href=\"https:\/\/locomociontv.org\/?p=23851\">Primer espect\u00e1culo de bataclaner\u00eda electoral del Cabaret de Todos<\/a><\/blockquote><iframe loading=\"lazy\" class=\"wp-embedded-content\" sandbox=\"allow-scripts\" security=\"restricted\" style=\"position: absolute; clip: rect(1px, 1px, 1px, 1px);\" title=\"&#8220;Primer espect\u00e1culo de bataclaner\u00eda electoral del Cabaret de Todos&#8221; &#8212; Locomoci\u00f3n TV\" src=\"https:\/\/locomociontv.org\/?p=23851&#038;embed=true#?secret=Wh3xwQ6IXY\" data-secret=\"Wh3xwQ6IXY\" width=\"600\" height=\"338\" frameborder=\"0\" marginwidth=\"0\" marginheight=\"0\" scrolling=\"no\"><\/iframe>\n<\/div><\/figure>\n\n\n\n<!--nextpage-->\n\n\n\n<figure class=\"wp-block-embed is-type-wp-embed is-provider-locomocion-tv wp-block-embed-locomocion-tv\"><div class=\"wp-block-embed__wrapper\">\n<blockquote class=\"wp-embedded-content\" data-secret=\"yuXhyNeT6l\"><a href=\"https:\/\/locomociontv.org\/?p=23890\">El Mundial que podr\u00eda ganar este Gobierno<\/a><\/blockquote><iframe loading=\"lazy\" class=\"wp-embedded-content\" sandbox=\"allow-scripts\" security=\"restricted\" style=\"position: absolute; clip: rect(1px, 1px, 1px, 1px);\" title=\"&#8220;El Mundial que podr\u00eda ganar este Gobierno&#8221; &#8212; Locomoci\u00f3n TV\" src=\"https:\/\/locomociontv.org\/?p=23890&#038;embed=true#?secret=yuXhyNeT6l\" data-secret=\"yuXhyNeT6l\" width=\"600\" height=\"338\" frameborder=\"0\" marginwidth=\"0\" marginheight=\"0\" scrolling=\"no\"><\/iframe>\n<\/div><\/figure>\n\n\n\n<!--nextpage-->\n\n\n\n<figure class=\"wp-block-embed is-type-wp-embed is-provider-locomocion-tv wp-block-embed-locomocion-tv\"><div class=\"wp-block-embed__wrapper\">\n<blockquote class=\"wp-embedded-content\" data-secret=\"dOrqqUjjKW\"><a href=\"https:\/\/locomociontv.org\/?p=24058\">El Presidente sigue en Nubedepedia en defensa propia y de su inexistente gobierno nacional<\/a><\/blockquote><iframe loading=\"lazy\" class=\"wp-embedded-content\" sandbox=\"allow-scripts\" security=\"restricted\" style=\"position: absolute; clip: rect(1px, 1px, 1px, 1px);\" title=\"&#8220;El Presidente sigue en Nubedepedia en defensa propia y de su inexistente gobierno nacional&#8221; &#8212; Locomoci\u00f3n TV\" src=\"https:\/\/locomociontv.org\/?p=24058&#038;embed=true#?secret=dOrqqUjjKW\" data-secret=\"dOrqqUjjKW\" width=\"600\" height=\"338\" frameborder=\"0\" marginwidth=\"0\" marginheight=\"0\" scrolling=\"no\"><\/iframe>\n<\/div><\/figure>\n\n\n\n<!--nextpage-->\n\n\n\n<figure class=\"wp-block-embed is-type-wp-embed is-provider-locomocion-tv wp-block-embed-locomocion-tv\"><div class=\"wp-block-embed__wrapper\">\n<blockquote class=\"wp-embedded-content\" data-secret=\"ccGk1BaCBy\"><a href=\"https:\/\/locomociontv.org\/?p=24068\">Cerruti: &#8220;No estoy de acuerdo con que la gente la est\u00e1 pasando mal&#8221;<\/a><\/blockquote><iframe loading=\"lazy\" class=\"wp-embedded-content\" sandbox=\"allow-scripts\" security=\"restricted\" style=\"position: absolute; clip: rect(1px, 1px, 1px, 1px);\" title=\"&#8220;Cerruti: &#8220;No estoy de acuerdo con que la gente la est\u00e1 pasando mal&#8221;&#8221; &#8212; Locomoci\u00f3n TV\" src=\"https:\/\/locomociontv.org\/?p=24068&#038;embed=true#?secret=ccGk1BaCBy\" data-secret=\"ccGk1BaCBy\" width=\"600\" height=\"338\" frameborder=\"0\" marginwidth=\"0\" marginheight=\"0\" scrolling=\"no\"><\/iframe>\n<\/div><\/figure>\n\n\n\n<!--nextpage-->\n\n\n\n<figure class=\"wp-block-embed is-type-wp-embed is-provider-locomocion-tv wp-block-embed-locomocion-tv\"><div class=\"wp-block-embed__wrapper\">\n<blockquote class=\"wp-embedded-content\" data-secret=\"eC7V3MQFR0\"><a href=\"https:\/\/locomociontv.org\/?p=24193\">El Presidente no piensa gobernar: &#8220;Mi aspiraci\u00f3n no es ser reelecto, es que el Frente de Todos gane&#8221;<\/a><\/blockquote><iframe loading=\"lazy\" class=\"wp-embedded-content\" sandbox=\"allow-scripts\" security=\"restricted\" style=\"position: absolute; clip: rect(1px, 1px, 1px, 1px);\" title=\"&#8220;El Presidente no piensa gobernar: &#8220;Mi aspiraci\u00f3n no es ser reelecto, es que el Frente de Todos gane&#8221;&#8221; &#8212; Locomoci\u00f3n TV\" src=\"https:\/\/locomociontv.org\/?p=24193&#038;embed=true#?secret=eC7V3MQFR0\" data-secret=\"eC7V3MQFR0\" width=\"600\" height=\"338\" frameborder=\"0\" marginwidth=\"0\" marginheight=\"0\" scrolling=\"no\"><\/iframe>\n<\/div><\/figure>\n\n\n\n<!--nextpage-->\n\n\n\n<figure class=\"wp-block-embed is-type-wp-embed is-provider-locomocion-tv wp-block-embed-locomocion-tv\"><div class=\"wp-block-embed__wrapper\">\n<blockquote class=\"wp-embedded-content\" data-secret=\"unYBnAmhvf\"><a href=\"https:\/\/locomociontv.org\/?p=24247\">Argentina Peronista Y Patriota: nuevamente los miliKos en las calles con la excusa del narco<\/a><\/blockquote><iframe loading=\"lazy\" class=\"wp-embedded-content\" sandbox=\"allow-scripts\" security=\"restricted\" style=\"position: absolute; clip: rect(1px, 1px, 1px, 1px);\" title=\"&#8220;Argentina Peronista Y Patriota: nuevamente los miliKos en las calles con la excusa del narco&#8221; &#8212; Locomoci\u00f3n TV\" src=\"https:\/\/locomociontv.org\/?p=24247&#038;embed=true#?secret=unYBnAmhvf\" data-secret=\"unYBnAmhvf\" width=\"600\" height=\"338\" frameborder=\"0\" marginwidth=\"0\" marginheight=\"0\" scrolling=\"no\"><\/iframe>\n<\/div><\/figure>\n\n\n\n<p><\/p>\n\n\n\n<!--nextpage-->\n\n\n\n<figure class=\"wp-block-embed is-type-wp-embed is-provider-locomocion-tv wp-block-embed-locomocion-tv\"><div class=\"wp-block-embed__wrapper\">\n<blockquote class=\"wp-embedded-content\" data-secret=\"oHawZReQdm\"><a href=\"https:\/\/locomociontv.org\/?p=24320\">Alberto Fern\u00e1ndez insiste con el &#8220;Mansplaining&#8221; en el D\u00eda de la Mujer<\/a><\/blockquote><iframe loading=\"lazy\" class=\"wp-embedded-content\" sandbox=\"allow-scripts\" security=\"restricted\" style=\"position: absolute; clip: rect(1px, 1px, 1px, 1px);\" title=\"&#8220;Alberto Fern\u00e1ndez insiste con el &#8220;Mansplaining&#8221; en el D\u00eda de la Mujer&#8221; &#8212; Locomoci\u00f3n TV\" src=\"https:\/\/locomociontv.org\/?p=24320&#038;embed=true#?secret=oHawZReQdm\" data-secret=\"oHawZReQdm\" width=\"600\" height=\"338\" frameborder=\"0\" marginwidth=\"0\" marginheight=\"0\" scrolling=\"no\"><\/iframe>\n<\/div><\/figure>\n\n\n\n<!--nextpage-->\n\n\n\n<figure class=\"wp-block-embed is-type-wp-embed is-provider-locomocion-tv wp-block-embed-locomocion-tv\"><div class=\"wp-block-embed__wrapper\">\n<blockquote class=\"wp-embedded-content\" data-secret=\"JS290nQf7d\"><a href=\"https:\/\/locomociontv.org\/?p=24445\">Se conoci\u00f3 la &#8220;inflaci\u00f3n estatal&#8221; de Febrero: 6.6%<\/a><\/blockquote><iframe loading=\"lazy\" class=\"wp-embedded-content\" sandbox=\"allow-scripts\" security=\"restricted\" style=\"position: absolute; clip: rect(1px, 1px, 1px, 1px);\" title=\"&#8220;Se conoci\u00f3 la &#8220;inflaci\u00f3n estatal&#8221; de Febrero: 6.6%&#8221; &#8212; Locomoci\u00f3n TV\" src=\"https:\/\/locomociontv.org\/?p=24445&#038;embed=true#?secret=JS290nQf7d\" data-secret=\"JS290nQf7d\" width=\"600\" height=\"338\" frameborder=\"0\" marginwidth=\"0\" marginheight=\"0\" scrolling=\"no\"><\/iframe>\n<\/div><\/figure>\n\n\n\n<!--nextpage-->\n\n\n\n<figure class=\"wp-block-embed is-type-wp-embed is-provider-locomocion-tv wp-block-embed-locomocion-tv\"><div class=\"wp-block-embed__wrapper\">\n<blockquote class=\"wp-embedded-content\" data-secret=\"IaCj7wSruv\"><a href=\"https:\/\/locomociontv.org\/?p=24472\">Alberto Fern\u00e1ndez deber\u00e1 guardar reposo en Olivos por una hernia de disco<\/a><\/blockquote><iframe loading=\"lazy\" class=\"wp-embedded-content\" sandbox=\"allow-scripts\" security=\"restricted\" style=\"position: absolute; clip: rect(1px, 1px, 1px, 1px);\" title=\"&#8220;Alberto Fern\u00e1ndez deber\u00e1 guardar reposo en Olivos por una hernia de disco&#8221; &#8212; Locomoci\u00f3n TV\" src=\"https:\/\/locomociontv.org\/?p=24472&#038;embed=true#?secret=IaCj7wSruv\" data-secret=\"IaCj7wSruv\" width=\"600\" height=\"338\" frameborder=\"0\" marginwidth=\"0\" marginheight=\"0\" scrolling=\"no\"><\/iframe>\n<\/div><\/figure>\n<div class=\"pdfprnt-buttons pdfprnt-buttons-post pdfprnt-bottom-right\"><a href=\"https:\/\/locomociontv.org\/index.php?rest_route=%2Fwp%2Fv2%2Fposts%2F24258&print=pdf\" class=\"pdfprnt-button pdfprnt-button-pdf\" target=\"_blank\" ><img decoding=\"async\" src=\"https:\/\/locomociontv.org\/wp-content\/plugins\/pdf-print\/images\/pdf.png\" alt=\"image_pdf\" title=\"View PDF\" \/><span class=\"pdfprnt-button-title pdfprnt-button-pdf-title\">Hacer PDF<\/span><\/a><a href=\"https:\/\/locomociontv.org\/index.php?rest_route=%2Fwp%2Fv2%2Fposts%2F24258&print=print\" class=\"pdfprnt-button pdfprnt-button-print\" target=\"_blank\" ><img decoding=\"async\" src=\"https:\/\/locomociontv.org\/wp-content\/plugins\/pdf-print\/images\/print.png\" alt=\"image_print\" title=\"Print Content\" \/><span class=\"pdfprnt-button-title pdfprnt-button-print-title\">Imprimir<\/span><\/a><\/div><p>Views: 79<\/p>","protected":false},"excerpt":{"rendered":"<p>00:00 &#8211; Introducci\u00f3n a este octavo informe. 00:27 &#8211; El Presidente quiere disimular su desgobierno a c\u00f3mo d\u00e9 lugar. 04:05 &#8211; La Vocera informa que el Gobierno no reformar\u00e1 la Corte por decreto. 06:31 &#8211; El Presidente convoca a la rosca al Justicialismo. 07:21 &#8211; Luis D&#8217;El\u00eda: &#8220;M\u00e1ximo Kirchner no le encuentra el agujero al &hellip;<\/p>\n","protected":false},"author":1,"featured_media":23612,"comment_status":"open","ping_status":"open","sticky":false,"template":"","format":"video","meta":{"footnotes":""},"categories":[9,113],"tags":[],"class_list":["post-24258","post","type-post","status-publish","format-video","has-post-thumbnail","hentry","category-politica-nacional","category-un-queso-de-bola-en-la-rosada","post_format-post-format-video","post-dark","post-wide","has-post-thumb"],"_links":{"self":[{"href":"https:\/\/locomociontv.org\/index.php?rest_route=\/wp\/v2\/posts\/24258","targetHints":{"allow":["GET"]}}],"collection":[{"href":"https:\/\/locomociontv.org\/index.php?rest_route=\/wp\/v2\/posts"}],"about":[{"href":"https:\/\/locomociontv.org\/index.php?rest_route=\/wp\/v2\/types\/post"}],"author":[{"embeddable":true,"href":"https:\/\/locomociontv.org\/index.php?rest_route=\/wp\/v2\/users\/1"}],"replies":[{"embeddable":true,"href":"https:\/\/locomociontv.org\/index.php?rest_route=%2Fwp%2Fv2%2Fcomments&post=24258"}],"version-history":[{"count":12,"href":"https:\/\/locomociontv.org\/index.php?rest_route=\/wp\/v2\/posts\/24258\/revisions"}],"predecessor-version":[{"id":24612,"href":"https:\/\/locomociontv.org\/index.php?rest_route=\/wp\/v2\/posts\/24258\/revisions\/24612"}],"wp:featuredmedia":[{"embeddable":true,"href":"https:\/\/locomociontv.org\/index.php?rest_route=\/wp\/v2\/media\/23612"}],"wp:attachment":[{"href":"https:\/\/locomociontv.org\/index.php?rest_route=%2Fwp%2Fv2%2Fmedia&parent=24258"}],"wp:term":[{"taxonomy":"category","embeddable":true,"href":"https:\/\/locomociontv.org\/index.php?rest_route=%2Fwp%2Fv2%2Fcategories&post=24258"},{"taxonomy":"post_tag","embeddable":true,"href":"https:\/\/locomociontv.org\/index.php?rest_route=%2Fwp%2Fv2%2Ftags&post=24258"}],"curies":[{"name":"wp","href":"https:\/\/api.w.org\/{rel}","templated":true}]}}