{"id":24255,"date":"2023-03-08T01:44:24","date_gmt":"2023-03-08T04:44:24","guid":{"rendered":"https:\/\/locomociontv.org\/?p=24255"},"modified":"2023-03-08T03:33:49","modified_gmt":"2023-03-08T06:33:49","slug":"larreta-en-campana-anunciando-que-saca-un-impuesto-que-siempre-fue-un-abuso","status":"publish","type":"post","link":"https:\/\/locomociontv.org\/?p=24255","title":{"rendered":"Larreta en campa\u00f1a anunciando que saca un impuesto que siempre fue un abuso"},"content":{"rendered":"\n<p>Cuando el Gobierno Nacional le di\u00f3 a la represi\u00f3n de Kicillof fondos coparticipables que pertenc\u00edan a la Ciudad Aut\u00f3noma, Horacio Rodr\u00edguez Larreta cargo sobre las espaldas de los porte\u00f1os un impuesto a las tarjetas de cr\u00e9dito para compensar ese dinero. <\/p>\n\n\n\n<p>En su caradurismo y ante el reciente fallo de la Corte Suprema en favor de la devoluci\u00f3n de los fondos sustraidos el Jefe de Gobierno impuls\u00f3 la devoluci\u00f3n de los fondos anteriores a ese impuesto, a la espera de que el fallo quede en firme y Naci\u00f3n pague por su desprop\u00f3sito. <\/p>\n\n\n\n<p>En campa\u00f1a aprovech\u00f3 la ocasi\u00f3n para asegurar que eso sigue vigente, nada nuevo, pague o no pague Naci\u00f3n. Un simple golpe de efecto de algo que fue un abuso desde el principio y que hoy intenta corregir con esta medida netamente proselitista.<\/p>\n\n\n\n<p>Mientras que este se\u00f1or, que dice ser Jefe de Gobierno de la Aut\u00f3noma, and\u00e1 por el pa\u00eds pidiendo votos, la Ciudad es un desastre, un horno y un foco infeccioso. Otro m\u00e1s de nuestros gobernantes que ha decidido no gobernar por campa\u00f1a. <\/p>\n\n\n\n<p>A continuaci\u00f3n le brindamos el video de propaganda del oficialismo porte\u00f1o \u00a1Vamos a la im\u00e1genes!<\/p>\n\n\n\n<p><blockquote class=\"twitter-tweet\" data-width=\"550\" data-dnt=\"true\"><p lang=\"es\" dir=\"ltr\">Lo que prometo, lo cumplo: vamos a eliminar impuestos. <a href=\"https:\/\/t.co\/gk39fAH79K\">pic.twitter.com\/gk39fAH79K<\/a><\/p>&mdash; Horacio Rodr\u00edguez Larreta (@horaciorlarreta) <a href=\"https:\/\/twitter.com\/horaciorlarreta\/status\/1633085354294083588?ref_src=twsrc%5Etfw\">March 7, 2023<\/a><\/blockquote><script async src=\"https:\/\/platform.twitter.com\/widgets.js\" charset=\"utf-8\"><\/script><\/p>\n\n\n\n<p>Mientras tanto, el Gobierno de la Aut\u00f3noma accion\u00f3 ante la Corte Suprema de Justicia que se embargue la cuenta del Banco Naci\u00f3n, y cobrarse la deuda de $44.000 millones hasta hoy. El Gobierno Nacional se niega rotundamente a pagar y a cambio ofrece pagar con un bono y en c\u00f3modas cuotas, cuesti\u00f3n que, obviamente, Larreta rechaza.<\/p>\n<div class=\"pdfprnt-buttons pdfprnt-buttons-post pdfprnt-bottom-right\"><a href=\"https:\/\/locomociontv.org\/index.php?rest_route=%2Fwp%2Fv2%2Fposts%2F24255&print=pdf\" class=\"pdfprnt-button pdfprnt-button-pdf\" target=\"_blank\" ><img decoding=\"async\" src=\"https:\/\/locomociontv.org\/wp-content\/plugins\/pdf-print\/images\/pdf.png\" alt=\"image_pdf\" title=\"View PDF\" \/><span class=\"pdfprnt-button-title pdfprnt-button-pdf-title\">Hacer PDF<\/span><\/a><a href=\"https:\/\/locomociontv.org\/index.php?rest_route=%2Fwp%2Fv2%2Fposts%2F24255&print=print\" class=\"pdfprnt-button pdfprnt-button-print\" target=\"_blank\" ><img decoding=\"async\" src=\"https:\/\/locomociontv.org\/wp-content\/plugins\/pdf-print\/images\/print.png\" alt=\"image_print\" title=\"Print Content\" \/><span class=\"pdfprnt-button-title pdfprnt-button-print-title\">Imprimir<\/span><\/a><\/div><p>Views: 0<\/p>","protected":false},"excerpt":{"rendered":"<p>Cuando el Gobierno Nacional le di\u00f3 a la represi\u00f3n de Kicillof fondos coparticipables que pertenc\u00edan a la Ciudad Aut\u00f3noma, Horacio Rodr\u00edguez Larreta cargo sobre las espaldas de los porte\u00f1os un impuesto a las tarjetas de cr\u00e9dito para compensar ese dinero. En su caradurismo y ante el reciente fallo de la Corte Suprema en favor de &hellip;<\/p>\n","protected":false},"author":1,"featured_media":24257,"comment_status":"open","ping_status":"open","sticky":false,"template":"","format":"video","meta":{"footnotes":""},"categories":[120,117,9,94],"tags":[],"class_list":["post-24255","post","type-post","status-publish","format-video","has-post-thumbnail","hentry","category-elecciones-2023","category-juntos-por-los-cargos","category-politica-nacional","category-proseltitismo-extremo","post_format-post-format-video","post-dark","post-wide","has-post-thumb","small-thumb"],"_links":{"self":[{"href":"https:\/\/locomociontv.org\/index.php?rest_route=\/wp\/v2\/posts\/24255","targetHints":{"allow":["GET"]}}],"collection":[{"href":"https:\/\/locomociontv.org\/index.php?rest_route=\/wp\/v2\/posts"}],"about":[{"href":"https:\/\/locomociontv.org\/index.php?rest_route=\/wp\/v2\/types\/post"}],"author":[{"embeddable":true,"href":"https:\/\/locomociontv.org\/index.php?rest_route=\/wp\/v2\/users\/1"}],"replies":[{"embeddable":true,"href":"https:\/\/locomociontv.org\/index.php?rest_route=%2Fwp%2Fv2%2Fcomments&post=24255"}],"version-history":[{"count":3,"href":"https:\/\/locomociontv.org\/index.php?rest_route=\/wp\/v2\/posts\/24255\/revisions"}],"predecessor-version":[{"id":24274,"href":"https:\/\/locomociontv.org\/index.php?rest_route=\/wp\/v2\/posts\/24255\/revisions\/24274"}],"wp:featuredmedia":[{"embeddable":true,"href":"https:\/\/locomociontv.org\/index.php?rest_route=\/wp\/v2\/media\/24257"}],"wp:attachment":[{"href":"https:\/\/locomociontv.org\/index.php?rest_route=%2Fwp%2Fv2%2Fmedia&parent=24255"}],"wp:term":[{"taxonomy":"category","embeddable":true,"href":"https:\/\/locomociontv.org\/index.php?rest_route=%2Fwp%2Fv2%2Fcategories&post=24255"},{"taxonomy":"post_tag","embeddable":true,"href":"https:\/\/locomociontv.org\/index.php?rest_route=%2Fwp%2Fv2%2Ftags&post=24255"}],"curies":[{"name":"wp","href":"https:\/\/api.w.org\/{rel}","templated":true}]}}