{"id":24185,"date":"2023-03-05T19:04:32","date_gmt":"2023-03-05T22:04:32","guid":{"rendered":"https:\/\/locomociontv.org\/?p=24185"},"modified":"2023-03-05T19:04:34","modified_gmt":"2023-03-05T22:04:34","slug":"massa-recupero-el-dolar-n-19-se-llama-malbec","status":"publish","type":"post","link":"https:\/\/locomociontv.org\/?p=24185","title":{"rendered":"Massa recuper\u00f3 el D\u00f3lar N\u00b0 19: se llama Malbec"},"content":{"rendered":"\n<p>El Peronismo, siguiendo a su m\u00e1ximo l\u00edder, el Milikejo Juan Domingo Per\u00f3n, ha reciclado esa idea de que cuando no quieras que algo salga, arm\u00e1 una Comisi\u00f3n. As\u00ed pas\u00f3 con el Consejo del Hambre, que sabemos que fue un grupo de mercenarios mentecatos que se disolvi\u00f3 a falta de billetes que repartir entre ellos mismos. <\/p>\n\n\n\n<p>Tuvieron tambi\u00e9n el problema de la Inflaci\u00f3n y lo resolvieron poniendo los n\u00fameros del INDEC, que son realmente risue\u00f1os y ahorr\u00e1ndose tener que darles cargos a m\u00e1s in\u00fatiles que los existentes. Para el resto est\u00e1 el &#8220;Ah, pero Macri&#8221;. <\/p>\n\n\n\n<p>Luego vino el tema del d\u00f3lar, algo que parec\u00eda imposible de resolver y de justificar los cepos, al principio poniendo solamente trabas para que la poblaci\u00f3n no pueda atesorar en esa moneda ni mantener el valor de sus ahorros. Pero eso generaba un problema, que la poblaci\u00f3n pod\u00eda pagar un d\u00f3lar car\u00edsimo, como el Blue, sosteniendo el mercado negro de divisas con las reservas del Central. El otro problema es que las oligarK\u00edas necesitan d\u00f3lares  y no van a ir a ninguna cueva a buscarlos, por lo que el Gobierno invent\u00f3 18 d\u00f3lares diferentes y, a\u00fan as\u00ed, los problemas segu\u00edan.<\/p>\n\n\n\n<p>Hab\u00eda que recuperar un d\u00f3lar m\u00e1s y el GENIO de Massa as\u00ed lo hizo, en las \u00faltimas horas invent\u00f3 un nuevo d\u00f3lar al que bautiz\u00f3 Malbec. <\/p>\n\n\n\n<p>El Superministro,\u00a0Sergio Massa, anunci\u00f3 que habr\u00e1 un d\u00f3lar diferencial para las econom\u00edas regionales a partir del 1\u00b0 de abril. No especific\u00f3 cu\u00e1l ser\u00e1 el valor al cu\u00e1l se podr\u00e1n liquidar las exportaciones, pero s\u00ed asegur\u00f3 que la medida comenzar\u00e1 a regir el mes que viene para la vitivinicultura y luego se ir\u00e1n incorporando otros sectores empresarios. &#8220;Entendiendo que el problema de la p\u00e9rdida de competitividad por las dificultades que representaron la helada, el granizo y tambi\u00e9n por nuestros problemas macroecon\u00f3micos, nos han hecho perder mercados&#8221;, enfatiz\u00f3 en su discurso durante el desayuno de la\u00a0Corporaci\u00f3n Vitivin\u00edcola Argentina (Coviar), llevado a cabo el 4 de marzo y, en el cual, anualmente rosquean como repartirse plata el Gobierno y sus patrones empresariales.<\/p>\n\n\n\n<p>No sabemos cu\u00e1l ser\u00e1 el pr\u00f3ximo &#8220;D\u00f3lar Peronista&#8221; que surgir\u00e1, pero lo \u00fanico seguro es que el Malbec no ser\u00e1 el \u00faltimo.<\/p>\n<div class=\"pdfprnt-buttons pdfprnt-buttons-post pdfprnt-bottom-right\"><a href=\"https:\/\/locomociontv.org\/index.php?rest_route=%2Fwp%2Fv2%2Fposts%2F24185&print=pdf\" class=\"pdfprnt-button pdfprnt-button-pdf\" target=\"_blank\" ><img decoding=\"async\" src=\"https:\/\/locomociontv.org\/wp-content\/plugins\/pdf-print\/images\/pdf.png\" alt=\"image_pdf\" title=\"View PDF\" \/><span class=\"pdfprnt-button-title pdfprnt-button-pdf-title\">Hacer PDF<\/span><\/a><a href=\"https:\/\/locomociontv.org\/index.php?rest_route=%2Fwp%2Fv2%2Fposts%2F24185&print=print\" class=\"pdfprnt-button pdfprnt-button-print\" target=\"_blank\" ><img decoding=\"async\" src=\"https:\/\/locomociontv.org\/wp-content\/plugins\/pdf-print\/images\/print.png\" alt=\"image_print\" title=\"Print Content\" \/><span class=\"pdfprnt-button-title pdfprnt-button-print-title\">Imprimir<\/span><\/a><\/div><p>Views: 0<\/p>","protected":false},"excerpt":{"rendered":"<p>El Peronismo, siguiendo a su m\u00e1ximo l\u00edder, el Milikejo Juan Domingo Per\u00f3n, ha reciclado esa idea de que cuando no quieras que algo salga, arm\u00e1 una Comisi\u00f3n. As\u00ed pas\u00f3 con el Consejo del Hambre, que sabemos que fue un grupo de mercenarios mentecatos que se disolvi\u00f3 a falta de billetes que repartir entre ellos mismos. &hellip;<\/p>\n","protected":false},"author":1,"featured_media":24204,"comment_status":"open","ping_status":"open","sticky":false,"template":"","format":"standard","meta":{"footnotes":""},"categories":[126],"tags":[],"class_list":["post-24185","post","type-post","status-publish","format-standard","has-post-thumbnail","hentry","category-esta-gestion-es-una-massa","post-bright","has-post-thumb","small-thumb"],"_links":{"self":[{"href":"https:\/\/locomociontv.org\/index.php?rest_route=\/wp\/v2\/posts\/24185","targetHints":{"allow":["GET"]}}],"collection":[{"href":"https:\/\/locomociontv.org\/index.php?rest_route=\/wp\/v2\/posts"}],"about":[{"href":"https:\/\/locomociontv.org\/index.php?rest_route=\/wp\/v2\/types\/post"}],"author":[{"embeddable":true,"href":"https:\/\/locomociontv.org\/index.php?rest_route=\/wp\/v2\/users\/1"}],"replies":[{"embeddable":true,"href":"https:\/\/locomociontv.org\/index.php?rest_route=%2Fwp%2Fv2%2Fcomments&post=24185"}],"version-history":[{"count":3,"href":"https:\/\/locomociontv.org\/index.php?rest_route=\/wp\/v2\/posts\/24185\/revisions"}],"predecessor-version":[{"id":24203,"href":"https:\/\/locomociontv.org\/index.php?rest_route=\/wp\/v2\/posts\/24185\/revisions\/24203"}],"wp:featuredmedia":[{"embeddable":true,"href":"https:\/\/locomociontv.org\/index.php?rest_route=\/wp\/v2\/media\/24204"}],"wp:attachment":[{"href":"https:\/\/locomociontv.org\/index.php?rest_route=%2Fwp%2Fv2%2Fmedia&parent=24185"}],"wp:term":[{"taxonomy":"category","embeddable":true,"href":"https:\/\/locomociontv.org\/index.php?rest_route=%2Fwp%2Fv2%2Fcategories&post=24185"},{"taxonomy":"post_tag","embeddable":true,"href":"https:\/\/locomociontv.org\/index.php?rest_route=%2Fwp%2Fv2%2Ftags&post=24185"}],"curies":[{"name":"wp","href":"https:\/\/api.w.org\/{rel}","templated":true}]}}