{"id":24068,"date":"2023-02-28T13:40:24","date_gmt":"2023-02-28T16:40:24","guid":{"rendered":"https:\/\/locomociontv.org\/?p=24068"},"modified":"2023-03-17T21:21:33","modified_gmt":"2023-03-18T00:21:33","slug":"cerruti-no-estoy-de-acuerdo-con-que-la-gente-la-esta-pasando-mal","status":"publish","type":"post","link":"https:\/\/locomociontv.org\/?p=24068","title":{"rendered":"Cerruti: &#8220;No estoy de acuerdo con que la gente la est\u00e1 pasando mal&#8221;"},"content":{"rendered":"\n<figure class=\"wp-block-video\"><video height=\"432\" style=\"aspect-ratio: 640 \/ 432;\" width=\"640\" controls src=\"https:\/\/locomociontv.org\/wp-content\/uploads\/2023\/03\/cerrutinubepediana.mp4\"><\/video><\/figure>\n\n\n\n<!--nextpage-->\n\n\n\n<p>La Vocera Presidencial, Gabriela Cerruti no para de negar la realidad que est\u00e1 pasando el Pueblo en su rid\u00edcula defensa de la gesti\u00f3n de Alberto Fern\u00e1ndez. As\u00ed lo hizo hoy en Futurock, en una entrevista hecha por el periodista oficialista Juan Amor\u00edn. Cerruti expres\u00f3 su completo desacuerdo con la afirmaci\u00f3n de que la gente la est\u00e1 pasando mal y asegur\u00f3 que quienes afirman eso, que la realidad canta claro cada d\u00eda, lo que hacen &#8220;es plantear una crisis permanente que no existe&#8221;. <\/p>\n\n\n\n<p>Pero no nos crean a nosotres, a continuaci\u00f3n les brindamos el pasaje de realismo m\u00e1gico de la vocera. <\/p>\n\n\n\n<figure class=\"wp-block-video\"><video height=\"720\" style=\"aspect-ratio: 1280 \/ 720;\" width=\"1280\" controls src=\"https:\/\/locomociontv.org\/wp-content\/uploads\/2023\/02\/nadaescierto.mp4\"><\/video><\/figure>\n\n\n\n<p>  <\/p>\n<div class=\"pdfprnt-buttons pdfprnt-buttons-post pdfprnt-bottom-right\"><a href=\"https:\/\/locomociontv.org\/index.php?rest_route=%2Fwp%2Fv2%2Fposts%2F24068&print=pdf\" class=\"pdfprnt-button pdfprnt-button-pdf\" target=\"_blank\" ><img decoding=\"async\" src=\"https:\/\/locomociontv.org\/wp-content\/plugins\/pdf-print\/images\/pdf.png\" alt=\"image_pdf\" title=\"View PDF\" \/><span class=\"pdfprnt-button-title pdfprnt-button-pdf-title\">Hacer PDF<\/span><\/a><a href=\"https:\/\/locomociontv.org\/index.php?rest_route=%2Fwp%2Fv2%2Fposts%2F24068&print=print\" class=\"pdfprnt-button pdfprnt-button-print\" target=\"_blank\" ><img decoding=\"async\" src=\"https:\/\/locomociontv.org\/wp-content\/plugins\/pdf-print\/images\/print.png\" alt=\"image_print\" title=\"Print Content\" \/><span class=\"pdfprnt-button-title pdfprnt-button-print-title\">Imprimir<\/span><\/a><\/div><p>Views: 3<\/p>","protected":false},"excerpt":{"rendered":"<p> Views: 3<\/p>\n","protected":false},"author":732,"featured_media":24069,"comment_status":"open","ping_status":"open","sticky":false,"template":"","format":"standard","meta":{"footnotes":""},"categories":[99,120,94,113],"tags":[],"class_list":["post-24068","post","type-post","status-publish","format-standard","has-post-thumbnail","hentry","category-el-cabaret-de-todos","category-elecciones-2023","category-proseltitismo-extremo","category-un-queso-de-bola-en-la-rosada","post-bright","has-post-thumb"],"_links":{"self":[{"href":"https:\/\/locomociontv.org\/index.php?rest_route=\/wp\/v2\/posts\/24068","targetHints":{"allow":["GET"]}}],"collection":[{"href":"https:\/\/locomociontv.org\/index.php?rest_route=\/wp\/v2\/posts"}],"about":[{"href":"https:\/\/locomociontv.org\/index.php?rest_route=\/wp\/v2\/types\/post"}],"author":[{"embeddable":true,"href":"https:\/\/locomociontv.org\/index.php?rest_route=\/wp\/v2\/users\/732"}],"replies":[{"embeddable":true,"href":"https:\/\/locomociontv.org\/index.php?rest_route=%2Fwp%2Fv2%2Fcomments&post=24068"}],"version-history":[{"count":2,"href":"https:\/\/locomociontv.org\/index.php?rest_route=\/wp\/v2\/posts\/24068\/revisions"}],"predecessor-version":[{"id":24588,"href":"https:\/\/locomociontv.org\/index.php?rest_route=\/wp\/v2\/posts\/24068\/revisions\/24588"}],"wp:featuredmedia":[{"embeddable":true,"href":"https:\/\/locomociontv.org\/index.php?rest_route=\/wp\/v2\/media\/24069"}],"wp:attachment":[{"href":"https:\/\/locomociontv.org\/index.php?rest_route=%2Fwp%2Fv2%2Fmedia&parent=24068"}],"wp:term":[{"taxonomy":"category","embeddable":true,"href":"https:\/\/locomociontv.org\/index.php?rest_route=%2Fwp%2Fv2%2Fcategories&post=24068"},{"taxonomy":"post_tag","embeddable":true,"href":"https:\/\/locomociontv.org\/index.php?rest_route=%2Fwp%2Fv2%2Ftags&post=24068"}],"curies":[{"name":"wp","href":"https:\/\/api.w.org\/{rel}","templated":true}]}}