{"id":23792,"date":"2023-02-13T22:00:00","date_gmt":"2023-02-14T01:00:00","guid":{"rendered":"https:\/\/locomociontv.org\/?p=23792"},"modified":"2023-03-17T18:02:25","modified_gmt":"2023-03-17T21:02:25","slug":"agustin-rossi-sera-el-nuevo-jefe-de-gabinete","status":"publish","type":"post","link":"https:\/\/locomociontv.org\/?p=23792","title":{"rendered":"Agust\u00edn Rossi ser\u00e1 el nuevo Jefe de Gabinete"},"content":{"rendered":"\n<figure class=\"wp-block-video\"><video height=\"1732\" style=\"aspect-ratio: 1080 \/ 1732;\" width=\"1080\" controls src=\"https:\/\/locomociontv.org\/wp-content\/uploads\/2023\/03\/Video.Guru_20230317_175852149.mp4\"><\/video><\/figure>\n\n\n\n<!--nextpage-->\n\n\n\n<figure class=\"wp-block-image size-full is-resized\"><img loading=\"lazy\" decoding=\"async\" src=\"https:\/\/locomociontv.org\/wp-content\/uploads\/2023\/02\/image-37.png\" alt=\"\" class=\"wp-image-23814\" width=\"841\" height=\"1349\" srcset=\"https:\/\/locomociontv.org\/wp-content\/uploads\/2023\/02\/image-37.png 444w, https:\/\/locomociontv.org\/wp-content\/uploads\/2023\/02\/image-37-187x300.png 187w\" sizes=\"auto, (max-width: 841px) 100vw, 841px\" \/><\/figure>\n\n\n\n<p>En el d\u00eda de hoy se termino de conocer quien ser\u00e1 el reemplazante del rockstar antiderechos de Juan Manzur en la Jefatura de Gabinete de Ministros de la Naci\u00f3n ser\u00e1 el cuadro represivo santafesino, hasta hace unos d\u00edas jefe del espionaje pol\u00edtico y hombre de predicamento con las fuerzas armadas, Agust\u00edn Rossi. El mismo asumir\u00e1 el mi\u00e9rcoles 15 a las 16:30. Las promesas de distribuci\u00f3n de palos del peronismo siempre se cumplen.<\/p>\n\n\n\n<p>Se sospecha, adem\u00e1s que sea un mensaje en un momento de profundo enfrentamiento y descarte de muertos producidos en los hechos macabros que se repiten a diario en ciudades como Rosario. El Gobernador de Santa Fe, Omar Perotti le ha tirado y ha recibido fuego de la Rosada a granel por estas cuestiones. El Presidente de la Naci\u00f3n, con esta designaci\u00f3n marca y profundiza el distanciamiento de la Rosada con el peronismo santafesino. Aunque sabemos que no hay tantas vanidades en ese movimiento que no se morigeren con repartos de plata, dir\u00edamos que le hacen honor a ese refr\u00e1n popular que dice: &#8220;por la guita baila el mono&#8221;.<\/p>\n<div class=\"pdfprnt-buttons pdfprnt-buttons-post pdfprnt-bottom-right\"><a href=\"https:\/\/locomociontv.org\/index.php?rest_route=%2Fwp%2Fv2%2Fposts%2F23792&print=pdf\" class=\"pdfprnt-button pdfprnt-button-pdf\" target=\"_blank\" ><img decoding=\"async\" src=\"https:\/\/locomociontv.org\/wp-content\/plugins\/pdf-print\/images\/pdf.png\" alt=\"image_pdf\" title=\"View PDF\" \/><span class=\"pdfprnt-button-title pdfprnt-button-pdf-title\">Hacer PDF<\/span><\/a><a href=\"https:\/\/locomociontv.org\/index.php?rest_route=%2Fwp%2Fv2%2Fposts%2F23792&print=print\" class=\"pdfprnt-button pdfprnt-button-print\" target=\"_blank\" ><img decoding=\"async\" src=\"https:\/\/locomociontv.org\/wp-content\/plugins\/pdf-print\/images\/print.png\" alt=\"image_print\" title=\"Print Content\" \/><span class=\"pdfprnt-button-title pdfprnt-button-print-title\">Imprimir<\/span><\/a><\/div><p>Views: 4<\/p>","protected":false},"excerpt":{"rendered":"<p> Views: 4<\/p>\n","protected":false},"author":1,"featured_media":23793,"comment_status":"open","ping_status":"open","sticky":false,"template":"","format":"video","meta":{"footnotes":""},"categories":[99,113],"tags":[],"class_list":["post-23792","post","type-post","status-publish","format-video","has-post-thumbnail","hentry","category-el-cabaret-de-todos","category-un-queso-de-bola-en-la-rosada","post_format-post-format-video","post-dark","post-wide","has-post-thumb"],"_links":{"self":[{"href":"https:\/\/locomociontv.org\/index.php?rest_route=\/wp\/v2\/posts\/23792","targetHints":{"allow":["GET"]}}],"collection":[{"href":"https:\/\/locomociontv.org\/index.php?rest_route=\/wp\/v2\/posts"}],"about":[{"href":"https:\/\/locomociontv.org\/index.php?rest_route=\/wp\/v2\/types\/post"}],"author":[{"embeddable":true,"href":"https:\/\/locomociontv.org\/index.php?rest_route=\/wp\/v2\/users\/1"}],"replies":[{"embeddable":true,"href":"https:\/\/locomociontv.org\/index.php?rest_route=%2Fwp%2Fv2%2Fcomments&post=23792"}],"version-history":[{"count":4,"href":"https:\/\/locomociontv.org\/index.php?rest_route=\/wp\/v2\/posts\/23792\/revisions"}],"predecessor-version":[{"id":24574,"href":"https:\/\/locomociontv.org\/index.php?rest_route=\/wp\/v2\/posts\/23792\/revisions\/24574"}],"wp:featuredmedia":[{"embeddable":true,"href":"https:\/\/locomociontv.org\/index.php?rest_route=\/wp\/v2\/media\/23793"}],"wp:attachment":[{"href":"https:\/\/locomociontv.org\/index.php?rest_route=%2Fwp%2Fv2%2Fmedia&parent=23792"}],"wp:term":[{"taxonomy":"category","embeddable":true,"href":"https:\/\/locomociontv.org\/index.php?rest_route=%2Fwp%2Fv2%2Fcategories&post=23792"},{"taxonomy":"post_tag","embeddable":true,"href":"https:\/\/locomociontv.org\/index.php?rest_route=%2Fwp%2Fv2%2Ftags&post=23792"}],"curies":[{"name":"wp","href":"https:\/\/api.w.org\/{rel}","templated":true}]}}