{"id":23768,"date":"2023-02-09T17:43:17","date_gmt":"2023-02-09T20:43:17","guid":{"rendered":"https:\/\/locomociontv.org\/?p=23768"},"modified":"2023-03-26T15:02:11","modified_gmt":"2023-03-26T18:02:11","slug":"repudiamos-las-amenazas-de-espert-a-belliboni","status":"publish","type":"post","link":"https:\/\/locomociontv.org\/?p=23768","title":{"rendered":"Repudiamos las amenazas de Espert a Belliboni"},"content":{"rendered":"\n<figure class=\"wp-block-embed is-type-rich is-provider-twitter wp-block-embed-twitter\"><div class=\"wp-block-embed__wrapper\">\n<blockquote class=\"twitter-tweet\" data-width=\"550\" data-dnt=\"true\"><p lang=\"es\" dir=\"ltr\">Est\u00e1 claro que si no es por guita, no apoy\u00e1s las protestas. C\u00e1rcel o bala para vos Belliboni que lucr\u00e1s con los pobres. Sos el peor capitalista aunque la juegues de trosko. Sos rapi\u00f1a de la peor cala\u00f1a, el que lucra con los pobres. Basura. <a href=\"https:\/\/t.co\/qVQSFbBXcc\">https:\/\/t.co\/qVQSFbBXcc<\/a><\/p>&mdash; Jos\u00e9 Luis Espert (@jlespert) <a href=\"https:\/\/twitter.com\/jlespert\/status\/1623436955219369987?ref_src=twsrc%5Etfw\">February 8, 2023<\/a><\/blockquote><script async src=\"https:\/\/platform.twitter.com\/widgets.js\" charset=\"utf-8\"><\/script>\n<\/div><\/figure>\n\n\n\n<p>Disculpar\u00e1n las desprolijidades, pero ante hechos como \u00e9stos, no podemos empezar con la informaci\u00f3n fr\u00eda, si no solidarizarnos con el referente del Polo Obrero, Eduardo Belliboni, ante las amenazas e instigaciones a acabar con su vida por parte del diputado nacional de Avanza Libertad, Jos\u00e9 Luis Espert. Desde Locomoci\u00f3n TV, no creemos que sea una excentricidad ni nada por el estilo, siendo que la conducta netamente criminal del diputado es inadmisible, no s\u00f3lo para los revolucionarios si no tambi\u00e9n para las instituciones del orden capitalista mismo. Por tanto, tomando en serio sus amenazas e instigaciones, apoyaremos toda medida judicial propiciada por el Polo Obrero y todos los movimientos piqueteros y sus integrantes. as\u00ed como tambi\u00e9n responsabilizamos por cualquier dificultad que tengan en su vida diaria los damnificados de este crimen en proceso por parte del diputado Jos\u00e9 Luis Espert.<\/p>\n\n\n\n<!--nextpage-->\n\n\n\n<h3 class=\"wp-block-heading\">La respuesta del Partido Obrero a las amenazas a Belliboni<\/h3>\n\n\n\n<figure class=\"wp-block-image size-large\"><a href=\"https:\/\/po.org.ar\/declaraciones\/repudiamos-las-amenazas-de-muerte-de-espert-contra-eduardo-belliboni\/\" target=\"_blank\" rel=\"noreferrer noopener\"><img loading=\"lazy\" decoding=\"async\" width=\"1024\" height=\"535\" src=\"https:\/\/locomociontv.org\/wp-content\/uploads\/2023\/02\/image-27-1024x535.png\" alt=\"\" class=\"wp-image-23772\" srcset=\"https:\/\/locomociontv.org\/wp-content\/uploads\/2023\/02\/image-27-1024x535.png 1024w, https:\/\/locomociontv.org\/wp-content\/uploads\/2023\/02\/image-27-300x157.png 300w, https:\/\/locomociontv.org\/wp-content\/uploads\/2023\/02\/image-27-768x401.png 768w, https:\/\/locomociontv.org\/wp-content\/uploads\/2023\/02\/image-27.png 1146w\" sizes=\"auto, (max-width: 1024px) 100vw, 1024px\" \/><\/a><\/figure>\n<div class=\"pdfprnt-buttons pdfprnt-buttons-post pdfprnt-bottom-right\"><a href=\"https:\/\/locomociontv.org\/index.php?rest_route=%2Fwp%2Fv2%2Fposts%2F23768&print=pdf\" class=\"pdfprnt-button pdfprnt-button-pdf\" target=\"_blank\" ><img decoding=\"async\" src=\"https:\/\/locomociontv.org\/wp-content\/plugins\/pdf-print\/images\/pdf.png\" alt=\"image_pdf\" title=\"View PDF\" \/><span class=\"pdfprnt-button-title pdfprnt-button-pdf-title\">Hacer PDF<\/span><\/a><a href=\"https:\/\/locomociontv.org\/index.php?rest_route=%2Fwp%2Fv2%2Fposts%2F23768&print=print\" class=\"pdfprnt-button pdfprnt-button-print\" target=\"_blank\" ><img decoding=\"async\" src=\"https:\/\/locomociontv.org\/wp-content\/plugins\/pdf-print\/images\/print.png\" alt=\"image_print\" title=\"Print Content\" \/><span class=\"pdfprnt-button-title pdfprnt-button-print-title\">Imprimir<\/span><\/a><\/div><p>Views: 0<\/p>","protected":false},"excerpt":{"rendered":"<p>Disculpar\u00e1n las desprolijidades, pero ante hechos como \u00e9stos, no podemos empezar con la informaci\u00f3n fr\u00eda, si no solidarizarnos con el referente del Polo Obrero, Eduardo Belliboni, ante las amenazas e instigaciones a acabar con su vida por parte del diputado nacional de Avanza Libertad, Jos\u00e9 Luis Espert. Desde Locomoci\u00f3n TV, no creemos que sea una &hellip;<\/p>\n","protected":false},"author":1,"featured_media":23770,"comment_status":"open","ping_status":"open","sticky":false,"template":"","format":"standard","meta":{"footnotes":""},"categories":[46,36,35,11,120,118,38,108,44,9,39,94],"tags":[],"class_list":["post-23768","post","type-post","status-publish","format-standard","has-post-thumbnail","hentry","category-accion-antinazi","category-crimenes-de-lesa-humanidad","category-crimenes-de-odio","category-derechos-humanos","category-elecciones-2023","category-milei-y-la-ultraderecha","category-lumpenes-y-pinekertons","category-militares-y-estado-asunto-separado","category-persecusiones-politicas","category-politica-nacional","category-precarizacion-y-estafas","category-proseltitismo-extremo","post-bright","has-post-thumb","small-thumb"],"_links":{"self":[{"href":"https:\/\/locomociontv.org\/index.php?rest_route=\/wp\/v2\/posts\/23768","targetHints":{"allow":["GET"]}}],"collection":[{"href":"https:\/\/locomociontv.org\/index.php?rest_route=\/wp\/v2\/posts"}],"about":[{"href":"https:\/\/locomociontv.org\/index.php?rest_route=\/wp\/v2\/types\/post"}],"author":[{"embeddable":true,"href":"https:\/\/locomociontv.org\/index.php?rest_route=\/wp\/v2\/users\/1"}],"replies":[{"embeddable":true,"href":"https:\/\/locomociontv.org\/index.php?rest_route=%2Fwp%2Fv2%2Fcomments&post=23768"}],"version-history":[{"count":2,"href":"https:\/\/locomociontv.org\/index.php?rest_route=\/wp\/v2\/posts\/23768\/revisions"}],"predecessor-version":[{"id":23773,"href":"https:\/\/locomociontv.org\/index.php?rest_route=\/wp\/v2\/posts\/23768\/revisions\/23773"}],"wp:featuredmedia":[{"embeddable":true,"href":"https:\/\/locomociontv.org\/index.php?rest_route=\/wp\/v2\/media\/23770"}],"wp:attachment":[{"href":"https:\/\/locomociontv.org\/index.php?rest_route=%2Fwp%2Fv2%2Fmedia&parent=23768"}],"wp:term":[{"taxonomy":"category","embeddable":true,"href":"https:\/\/locomociontv.org\/index.php?rest_route=%2Fwp%2Fv2%2Fcategories&post=23768"},{"taxonomy":"post_tag","embeddable":true,"href":"https:\/\/locomociontv.org\/index.php?rest_route=%2Fwp%2Fv2%2Ftags&post=23768"}],"curies":[{"name":"wp","href":"https:\/\/api.w.org\/{rel}","templated":true}]}}