{"id":23728,"date":"2023-02-03T21:10:00","date_gmt":"2023-02-04T00:10:00","guid":{"rendered":"https:\/\/locomociontv.org\/?p=23728"},"modified":"2023-02-09T15:51:57","modified_gmt":"2023-02-09T18:51:57","slug":"trasladan-a-facundo-jones-huala-a-esquel","status":"publish","type":"post","link":"https:\/\/locomociontv.org\/?p=23728","title":{"rendered":"Trasladan a Facundo Jones Huala a Esquel"},"content":{"rendered":"\n<figure class=\"wp-block-image size-full\"><img loading=\"lazy\" decoding=\"async\" width=\"960\" height=\"640\" src=\"https:\/\/locomociontv.org\/wp-content\/uploads\/2023\/02\/image-19.png\" alt=\"\" class=\"wp-image-23729\" srcset=\"https:\/\/locomociontv.org\/wp-content\/uploads\/2023\/02\/image-19.png 960w, https:\/\/locomociontv.org\/wp-content\/uploads\/2023\/02\/image-19-300x200.png 300w, https:\/\/locomociontv.org\/wp-content\/uploads\/2023\/02\/image-19-768x512.png 768w\" sizes=\"auto, (max-width: 960px) 100vw, 960px\" \/><\/figure>\n\n\n\n<p>El referente mapuche Facundo Jones Huala fue trasladado hoy, mientras transcurr\u00eda su tercer d\u00eda de huelga de hambre, al Penal de Esquel, donde permanecer\u00e1 detenido mientras el Gobierno analiza su posible extradici\u00f3n a Chile. El operativo estuvo a cargo de Gendarmer\u00eda Nacional y se realiz\u00f3 desde la comisar\u00eda 36 de Dina Huapi, provincia de R\u00edo Negro, hacia la Unidad Penitenciaria 14 de Esquel. <\/p>\n\n\n\n<p>Cubierto al estilo Bullrich, dejando en claro una vez m\u00e1s algo que ya sab\u00edamos, que en extractivismo, ajuste y represi\u00f3n pertenecen a un mismo universo de ideas imperturbable Juntos por el Cambio y el Frente de Todos, el exagerado operativo de traslado se desarroll\u00f3 con normal estupidez e irrespeto por el referente mapuche.<\/p>\n<div class=\"pdfprnt-buttons pdfprnt-buttons-post pdfprnt-bottom-right\"><a href=\"https:\/\/locomociontv.org\/index.php?rest_route=%2Fwp%2Fv2%2Fposts%2F23728&print=pdf\" class=\"pdfprnt-button pdfprnt-button-pdf\" target=\"_blank\" ><img decoding=\"async\" src=\"https:\/\/locomociontv.org\/wp-content\/plugins\/pdf-print\/images\/pdf.png\" alt=\"image_pdf\" title=\"View PDF\" \/><span class=\"pdfprnt-button-title pdfprnt-button-pdf-title\">Hacer PDF<\/span><\/a><a href=\"https:\/\/locomociontv.org\/index.php?rest_route=%2Fwp%2Fv2%2Fposts%2F23728&print=print\" class=\"pdfprnt-button pdfprnt-button-print\" target=\"_blank\" ><img decoding=\"async\" src=\"https:\/\/locomociontv.org\/wp-content\/plugins\/pdf-print\/images\/print.png\" alt=\"image_print\" title=\"Print Content\" \/><span class=\"pdfprnt-button-title pdfprnt-button-print-title\">Imprimir<\/span><\/a><\/div><p>Views: 0<\/p>","protected":false},"excerpt":{"rendered":"<p>El referente mapuche Facundo Jones Huala fue trasladado hoy, mientras transcurr\u00eda su tercer d\u00eda de huelga de hambre, al Penal de Esquel, donde permanecer\u00e1 detenido mientras el Gobierno analiza su posible extradici\u00f3n a Chile. El operativo estuvo a cargo de Gendarmer\u00eda Nacional y se realiz\u00f3 desde la comisar\u00eda 36 de Dina Huapi, provincia de R\u00edo &hellip;<\/p>\n","protected":false},"author":1,"featured_media":0,"comment_status":"open","ping_status":"open","sticky":false,"template":"","format":"image","meta":{"footnotes":""},"categories":[20,124,89,36,35,11,73,38,44,39],"tags":[],"class_list":["post-23728","post","type-post","status-publish","format-image","hentry","category-aparatos-de-represion-de-estado","category-avanzada-derechista-antimapuche","category-causas-armadas","category-crimenes-de-lesa-humanidad","category-crimenes-de-odio","category-derechos-humanos","category-desparecidos-en-democracia","category-lumpenes-y-pinekertons","category-persecusiones-politicas","category-precarizacion-y-estafas","post_format-post-format-image","post-dark","post-wide"],"_links":{"self":[{"href":"https:\/\/locomociontv.org\/index.php?rest_route=\/wp\/v2\/posts\/23728","targetHints":{"allow":["GET"]}}],"collection":[{"href":"https:\/\/locomociontv.org\/index.php?rest_route=\/wp\/v2\/posts"}],"about":[{"href":"https:\/\/locomociontv.org\/index.php?rest_route=\/wp\/v2\/types\/post"}],"author":[{"embeddable":true,"href":"https:\/\/locomociontv.org\/index.php?rest_route=\/wp\/v2\/users\/1"}],"replies":[{"embeddable":true,"href":"https:\/\/locomociontv.org\/index.php?rest_route=%2Fwp%2Fv2%2Fcomments&post=23728"}],"version-history":[{"count":2,"href":"https:\/\/locomociontv.org\/index.php?rest_route=\/wp\/v2\/posts\/23728\/revisions"}],"predecessor-version":[{"id":23767,"href":"https:\/\/locomociontv.org\/index.php?rest_route=\/wp\/v2\/posts\/23728\/revisions\/23767"}],"wp:attachment":[{"href":"https:\/\/locomociontv.org\/index.php?rest_route=%2Fwp%2Fv2%2Fmedia&parent=23728"}],"wp:term":[{"taxonomy":"category","embeddable":true,"href":"https:\/\/locomociontv.org\/index.php?rest_route=%2Fwp%2Fv2%2Fcategories&post=23728"},{"taxonomy":"post_tag","embeddable":true,"href":"https:\/\/locomociontv.org\/index.php?rest_route=%2Fwp%2Fv2%2Ftags&post=23728"}],"curies":[{"name":"wp","href":"https:\/\/api.w.org\/{rel}","templated":true}]}}