{"id":23624,"date":"2023-02-02T16:20:42","date_gmt":"2023-02-02T19:20:42","guid":{"rendered":"https:\/\/locomociontv.org\/?p=23624"},"modified":"2023-02-02T16:20:43","modified_gmt":"2023-02-02T19:20:43","slug":"caso-lucio-dupuy-el-veredicto","status":"publish","type":"post","link":"https:\/\/locomociontv.org\/?p=23624","title":{"rendered":"Caso Lucio Dupuy: el veredicto"},"content":{"rendered":"\n<h3 class=\"wp-block-heading\">Veredicto por el crimen de Lucio Dupuy Tribunal de Audiencias de Santa Rosa, La Pampa.<\/h3>\n\n\n\n<p><strong><em>Jueces: <\/em><\/strong>Alejandra Ongaro, Andr\u00e9s Oli\u00e9 y Daniel S\u00e1ez Zamora.<\/p>\n\n\n\n<ul class=\"wp-block-list\"><li><strong><em>Magdalena Esp\u00f3sito Valenti<\/em><\/strong>: responsable del delito de homicidio triplemente, calificado por el v\u00ednculo, alevos\u00eda y ensa\u00f1amiento.<\/li><li><strong><em>Abigail P\u00e1ez<\/em><\/strong>: responsable del delito de homicidio doblemente calificado por alevos\u00eda y ensa\u00f1amiento, en concurso real con el delito de abuso sexual con acceso carnal por v\u00eda anal ejecutado con un objeto f\u00e1lico agravado, por tratarse de la guardadora y por haberse cometido contra un menor de 18 a\u00f1os de edad, aprovechando la situaci\u00f3n de convivencia como delito continuado.<\/li><\/ul>\n\n\n\n<p><a href=\"https:\/\/www.facebook.com\/photo\/?fbid=10228150615726048&amp;set=a.1107320278636&amp;__cft__[0]=AZUMpaOX3uj6hvbPudMbEnVPnKj04PUKHGgrGGwQHHfz8qrC4-RGbSWFJvvjjeIE3WChXGC9mFqK0vf2DVdxE66fOFgCBi-p78CzUUDsaejgHDRbRB1V-7lUKT4wVEzRZahFGoqhQBaHVruSRSx70IpqKgiMrD_ImRMU1x5mCbm1Mw&amp;__tn__=EH-R\"><\/a><\/p>\n<div class=\"pdfprnt-buttons pdfprnt-buttons-post pdfprnt-bottom-right\"><a href=\"https:\/\/locomociontv.org\/index.php?rest_route=%2Fwp%2Fv2%2Fposts%2F23624&print=pdf\" class=\"pdfprnt-button pdfprnt-button-pdf\" target=\"_blank\" ><img decoding=\"async\" src=\"https:\/\/locomociontv.org\/wp-content\/plugins\/pdf-print\/images\/pdf.png\" alt=\"image_pdf\" title=\"View PDF\" \/><span class=\"pdfprnt-button-title pdfprnt-button-pdf-title\">Hacer PDF<\/span><\/a><a href=\"https:\/\/locomociontv.org\/index.php?rest_route=%2Fwp%2Fv2%2Fposts%2F23624&print=print\" class=\"pdfprnt-button pdfprnt-button-print\" target=\"_blank\" ><img decoding=\"async\" src=\"https:\/\/locomociontv.org\/wp-content\/plugins\/pdf-print\/images\/print.png\" alt=\"image_print\" title=\"Print Content\" \/><span class=\"pdfprnt-button-title pdfprnt-button-print-title\">Imprimir<\/span><\/a><\/div><p>Views: 0<\/p>","protected":false},"excerpt":{"rendered":"<p>Veredicto por el crimen de Lucio Dupuy Tribunal de Audiencias de Santa Rosa, La Pampa. Jueces: Alejandra Ongaro, Andr\u00e9s Oli\u00e9 y Daniel S\u00e1ez Zamora. Magdalena Esp\u00f3sito Valenti: responsable del delito de homicidio triplemente, calificado por el v\u00ednculo, alevos\u00eda y ensa\u00f1amiento. Abigail P\u00e1ez: responsable del delito de homicidio doblemente calificado por alevos\u00eda y ensa\u00f1amiento, en concurso &hellip;<\/p>\n","protected":false},"author":732,"featured_media":23625,"comment_status":"open","ping_status":"open","sticky":false,"template":"","format":"video","meta":{"footnotes":""},"categories":[1],"tags":[],"class_list":["post-23624","post","type-post","status-publish","format-video","has-post-thumbnail","hentry","category-sin-categoria","post_format-post-format-video","post-dark","post-wide","has-post-thumb"],"_links":{"self":[{"href":"https:\/\/locomociontv.org\/index.php?rest_route=\/wp\/v2\/posts\/23624","targetHints":{"allow":["GET"]}}],"collection":[{"href":"https:\/\/locomociontv.org\/index.php?rest_route=\/wp\/v2\/posts"}],"about":[{"href":"https:\/\/locomociontv.org\/index.php?rest_route=\/wp\/v2\/types\/post"}],"author":[{"embeddable":true,"href":"https:\/\/locomociontv.org\/index.php?rest_route=\/wp\/v2\/users\/732"}],"replies":[{"embeddable":true,"href":"https:\/\/locomociontv.org\/index.php?rest_route=%2Fwp%2Fv2%2Fcomments&post=23624"}],"version-history":[{"count":2,"href":"https:\/\/locomociontv.org\/index.php?rest_route=\/wp\/v2\/posts\/23624\/revisions"}],"predecessor-version":[{"id":23627,"href":"https:\/\/locomociontv.org\/index.php?rest_route=\/wp\/v2\/posts\/23624\/revisions\/23627"}],"wp:featuredmedia":[{"embeddable":true,"href":"https:\/\/locomociontv.org\/index.php?rest_route=\/wp\/v2\/media\/23625"}],"wp:attachment":[{"href":"https:\/\/locomociontv.org\/index.php?rest_route=%2Fwp%2Fv2%2Fmedia&parent=23624"}],"wp:term":[{"taxonomy":"category","embeddable":true,"href":"https:\/\/locomociontv.org\/index.php?rest_route=%2Fwp%2Fv2%2Fcategories&post=23624"},{"taxonomy":"post_tag","embeddable":true,"href":"https:\/\/locomociontv.org\/index.php?rest_route=%2Fwp%2Fv2%2Ftags&post=23624"}],"curies":[{"name":"wp","href":"https:\/\/api.w.org\/{rel}","templated":true}]}}