{"id":23350,"date":"2022-11-24T15:24:04","date_gmt":"2022-11-24T18:24:04","guid":{"rendered":"https:\/\/locomociontv.org\/?p=23350"},"modified":"2022-11-24T22:27:04","modified_gmt":"2022-11-25T01:27:04","slug":"una-influencer-mas-del-conchetaje-vernaculo-en-el-frente-de-todos-verguenza-no-tenian-de-antes","status":"publish","type":"post","link":"https:\/\/locomociontv.org\/?p=23350","title":{"rendered":"\u00bfUna influencer m\u00e1s del conchetaje vern\u00e1culo en el Frente de Todos? Verg\u00fcenza no ten\u00edan de antes"},"content":{"rendered":"\n<figure class=\"wp-block-embed is-type-video is-provider-youtube wp-block-embed-youtube wp-embed-aspect-16-9 wp-has-aspect-ratio\"><div class=\"wp-block-embed__wrapper\">\n<iframe loading=\"lazy\" title=\"\u00bfUna influencer m\u00e1s del conchetaje vern\u00e1culo en el Frente de Todos? Verg\u00fcenza no ten\u00edan de antes\" width=\"580\" height=\"326\" src=\"https:\/\/www.youtube.com\/embed\/OeXs11T9ulU?feature=oembed\" frameborder=\"0\" allow=\"accelerometer; autoplay; clipboard-write; encrypted-media; gyroscope; picture-in-picture\" allowfullscreen><\/iframe>\n<\/div><\/figure>\n\n\n\n<!--nextpage-->\n\n\n\n<p>Que el Frente de Todos ha sido, es y ser\u00e1 el gerente de las oligaK\u00edas vern\u00e1culas y el imperialismo, no es algo nuevo, es bien sabido y desde estas p\u00e1ginas hemos mostrado por dem\u00e1s esos v\u00ednculos tanto con las multinacionales del veneno y el extractivismo, como con los se\u00f1ores feudales de todo el pa\u00eds. La restauraci\u00f3n menemista hace tiempo que est\u00e1 en marcha y ah\u00ed es donde reaparecen los mercaderes de las desverg\u00fcenza como Moreau, su familia y su partido de farsantes picacargos llamado con el nombre de Igualar (hipocres\u00eda garantizada siempre con Moreau y su Ballet). Algunos, sobre todos los paraKos m\u00e1s culposos de este Gobierno (que son los m\u00e1s repugnantes), pasar\u00e1n en este momento a Silenzio Stampa sobre la cuesti\u00f3n, ya que no saben si su jefa millonaria no lleg\u00f3 tambi\u00e9n a alg\u00fan acuerdo con su par Esmeralda Mitre. <\/p>\n\n\n\n<p>Seg\u00fan le confes\u00f3 al sitio <strong><em><a rel=\"noreferrer noopener\" href=\"https:\/\/www.politicargentina.com\/notas\/202211\/47929-esmeralda-mitre-podria-ser-candidata-a-diputada-nacional-por-el-frente-de-todos.html\" target=\"_blank\">Pol\u00edtica Argentina<\/a><\/em><\/strong>, a la heredera la invitaci\u00f3n lleg\u00f3 por parte de&nbsp;Daniel Llermanos, uno de los dirigentes radicales que en 2015 rechaz\u00f3 el acuerdo del partido centenario con el PRO de Mauricio Macri y fund\u00f3, junto a&nbsp;Leopoldo Moreau, el partido Igualar que integra el Frente de Todos.<\/p>\n\n\n\n<p>\u201cMe manifest\u00f3 que en una Asamblea se propuso que fuera candidata a diputada nacional por ese sector\u201d, explic\u00f3 la accionista del grupo La Naci\u00f3n, la propuesta apunta a que sea parte de una candidatura junto con Moreau.<\/p>\n\n\n\n<p>En el armado de este espacio dentro del Frente de Todos tambi\u00e9n se encuentra la hija del diputado, Carmela Moreau, que tiene buena relaci\u00f3n con Esmeralda y mueve hilos para que termine inclin\u00e1ndose por una respuesta positiva. La propuesta tambi\u00e9n la confirm\u00f3 Llermanos en Radio Nacional, donde sostuvo: &#8220;Le propusimos que sea candidata y esperamos que acepte&#8221;. <\/p>\n\n\n\n<p>El Frente de Todos se ve a si mismo de forma apocal\u00edptica y los principios no tienen cabida, ac\u00e1 la cuesti\u00f3n es sobrevivir a como d\u00e9 lugar, las encuestas abaten las esperanzas de una fuerza pol\u00edtica que se perfila como la madre de todas las descomposturas pol\u00edticas y que si por un dolar vendieron hasta los huesos de la abuela, es inpensable lo que son capaces de  hacer por un voto que ni con toda su mugre parecen conseguir. De \u00faltima, Esmeralda Mitre, ser\u00e1 una m\u00e1s de las bataclanas de este Cabaret sin administradores en el que se ha transformado y seguir\u00e1 transform\u00e1ndose el Frente de Todos.<\/p>\n<div class=\"pdfprnt-buttons pdfprnt-buttons-post pdfprnt-bottom-right\"><a href=\"https:\/\/locomociontv.org\/index.php?rest_route=%2Fwp%2Fv2%2Fposts%2F23350&print=pdf\" class=\"pdfprnt-button pdfprnt-button-pdf\" target=\"_blank\" ><img decoding=\"async\" src=\"https:\/\/locomociontv.org\/wp-content\/plugins\/pdf-print\/images\/pdf.png\" alt=\"image_pdf\" title=\"View PDF\" \/><span class=\"pdfprnt-button-title pdfprnt-button-pdf-title\">Hacer PDF<\/span><\/a><a href=\"https:\/\/locomociontv.org\/index.php?rest_route=%2Fwp%2Fv2%2Fposts%2F23350&print=print\" class=\"pdfprnt-button pdfprnt-button-print\" target=\"_blank\" ><img decoding=\"async\" src=\"https:\/\/locomociontv.org\/wp-content\/plugins\/pdf-print\/images\/print.png\" alt=\"image_print\" title=\"Print Content\" \/><span class=\"pdfprnt-button-title pdfprnt-button-print-title\">Imprimir<\/span><\/a><\/div><p>Views: 0<\/p>","protected":false},"excerpt":{"rendered":"<p> Views: 0<\/p>\n","protected":false},"author":1,"featured_media":23351,"comment_status":"open","ping_status":"open","sticky":false,"template":"","format":"standard","meta":{"footnotes":""},"categories":[1],"tags":[],"class_list":["post-23350","post","type-post","status-publish","format-standard","has-post-thumbnail","hentry","category-sin-categoria","post-bright","has-post-thumb","small-thumb"],"_links":{"self":[{"href":"https:\/\/locomociontv.org\/index.php?rest_route=\/wp\/v2\/posts\/23350","targetHints":{"allow":["GET"]}}],"collection":[{"href":"https:\/\/locomociontv.org\/index.php?rest_route=\/wp\/v2\/posts"}],"about":[{"href":"https:\/\/locomociontv.org\/index.php?rest_route=\/wp\/v2\/types\/post"}],"author":[{"embeddable":true,"href":"https:\/\/locomociontv.org\/index.php?rest_route=\/wp\/v2\/users\/1"}],"replies":[{"embeddable":true,"href":"https:\/\/locomociontv.org\/index.php?rest_route=%2Fwp%2Fv2%2Fcomments&post=23350"}],"version-history":[{"count":7,"href":"https:\/\/locomociontv.org\/index.php?rest_route=\/wp\/v2\/posts\/23350\/revisions"}],"predecessor-version":[{"id":23358,"href":"https:\/\/locomociontv.org\/index.php?rest_route=\/wp\/v2\/posts\/23350\/revisions\/23358"}],"wp:featuredmedia":[{"embeddable":true,"href":"https:\/\/locomociontv.org\/index.php?rest_route=\/wp\/v2\/media\/23351"}],"wp:attachment":[{"href":"https:\/\/locomociontv.org\/index.php?rest_route=%2Fwp%2Fv2%2Fmedia&parent=23350"}],"wp:term":[{"taxonomy":"category","embeddable":true,"href":"https:\/\/locomociontv.org\/index.php?rest_route=%2Fwp%2Fv2%2Fcategories&post=23350"},{"taxonomy":"post_tag","embeddable":true,"href":"https:\/\/locomociontv.org\/index.php?rest_route=%2Fwp%2Fv2%2Ftags&post=23350"}],"curies":[{"name":"wp","href":"https:\/\/api.w.org\/{rel}","templated":true}]}}