{"id":23192,"date":"2022-11-10T10:40:46","date_gmt":"2022-11-10T13:40:46","guid":{"rendered":"https:\/\/locomociontv.org\/?p=23192"},"modified":"2022-11-10T10:40:49","modified_gmt":"2022-11-10T13:40:49","slug":"causa-vialidad-3-informe","status":"publish","type":"post","link":"https:\/\/locomociontv.org\/?p=23192","title":{"rendered":"Causa Vialidad (3\u00b0 Informe)"},"content":{"rendered":"\n<p>Una constante de terror se hace sentir en las filas del Frente de Todos, ante el inexorable avance de la Causa Vialidad y sobre todo que a pesar de poner todos sus aparatos de propaganda, a nivel estatal y paraestatal no se logra que la opini\u00f3n mayoritaria en la poblaci\u00f3n, por muy lejos, sea contraria a la inocencia de Cristina en el asunto.<\/p>\n\n\n\n<p>Millones de malabares se ensayaron que no resultaron m\u00e1s que manotazos de ahogados de quienes se sienten condenados y que seguro saben m\u00e1s de los chanchullos que los fiscales de la causa. Culminar\u00e1n el a\u00f1o ahogados en l\u00e1grimas y deber\u00e1n pagar los costos pol\u00edticos de sus repugnantes &#8220;jugadas magistrales&#8221;. <\/p>\n\n\n\n<p>Tienen una sola ventaja en la cuesti\u00f3n, inmolarse en la mentira y el rid\u00edculo para ellos siempre es una opci\u00f3n y en estos minutos los veremos mostr\u00e1ndose derrotados.<\/p>\n\n\n\n<!--nextpage-->\n\n\n\n<h3 class=\"wp-block-heading\">25\/09\/2022 &#8211; Evo Morales sale a apoyar abiertamente a Cristina<\/h3>\n\n\n\n<figure class=\"wp-block-embed aligncenter is-type-rich is-provider-twitter wp-block-embed-twitter\"><div class=\"wp-block-embed__wrapper\">\n<blockquote class=\"twitter-tweet\" data-width=\"550\" data-dnt=\"true\"><p lang=\"es\" dir=\"ltr\">Felicitamos a nuestra hermana <a href=\"https:\/\/twitter.com\/CFKArgentina?ref_src=twsrc%5Etfw\">@CFKArgentina<\/a> y a su equipo jur\u00eddico comprometido con la verdad y legalidad por su firme defensa ante acusaciones pol\u00edticas e infundadas en su contra. La derecha interna y externa usa la justicia para perseguir a liderazgos que defienden a su pueblo. <a href=\"https:\/\/t.co\/9b2VvZhTk3\">pic.twitter.com\/9b2VvZhTk3<\/a><\/p>&mdash; Evo Morales Ayma (@evoespueblo) <a href=\"https:\/\/twitter.com\/evoespueblo\/status\/1574368139105558529?ref_src=twsrc%5Etfw\">September 26, 2022<\/a><\/blockquote><script async src=\"https:\/\/platform.twitter.com\/widgets.js\" charset=\"utf-8\"><\/script>\n<\/div><\/figure>\n\n\n\n<p>El expresidente de Bolivia Evo Morales Ayma felicit\u00f3 este lunes a la vicepresidenta argentina Cristina Fern\u00e1ndez de Kirchner y a su equipo jur\u00eddico por su &#8220;firme defensa ante acusaciones pol\u00edticas e infundadas en su contra&#8221; en el juicio por la denominada causa Vialidad, y advirti\u00f3 que &#8220;la derecha interna y externa usa la Justicia para perseguir a liderazgos que defienden a su pueblo&#8221;.<\/p>\n\n\n\n<p>Esperable la solidaridad de Evo Morales que no habla como hablaba de Scioli y de Macri de hermanos, ni hermanes. Curioso de parte del ex Presidente boliviano, al cual no se le escapan estos detalles.<\/p>\n\n\n\n<!--nextpage-->\n\n\n\n<h3 class=\"wp-block-heading\">28\/09\/2022 &#8211; Para Graciana Pe\u00f1afort ya Cristina estar\u00eda condenada<\/h3>\n\n\n\n<figure class=\"wp-block-image size-full is-resized\"><img loading=\"lazy\" decoding=\"async\" src=\"https:\/\/locomociontv.org\/wp-content\/uploads\/2022\/11\/image-58.png\" alt=\"\" class=\"wp-image-23195\" width=\"842\" height=\"834\" srcset=\"https:\/\/locomociontv.org\/wp-content\/uploads\/2022\/11\/image-58.png 634w, https:\/\/locomociontv.org\/wp-content\/uploads\/2022\/11\/image-58-300x297.png 300w, https:\/\/locomociontv.org\/wp-content\/uploads\/2022\/11\/image-58-150x150.png 150w\" sizes=\"auto, (max-width: 842px) 100vw, 842px\" \/><\/figure>\n\n\n\n<p>En declaraciones a FM Delta, Graciana Pe\u00f1afort, abogada y Directora de Asuntos Jur\u00eddicos del Senado, critic\u00f3 el devenir de la Causa Vialidad, en la cual se responsabiliza a la vicepresidenta de corrupci\u00f3n en la obra p\u00fablica durante su gobierno. <\/p>\n\n\n\n<p>Compar\u00f3 infelizmente a CFK con De La R\u00faa y los puso en paralelo, asegurando que ambos desconoc\u00edan los hechos que ocurr\u00edan bajo su gesti\u00f3n. \u201cEl doctor Fernando De La R\u00faa no pudo ser acusado porque no hab\u00eda responsabilidad en relaci\u00f3n a los hechos ocurridos en aquella represi\u00f3n, no se entiende con qu\u00e9 criterio le aplican un hecho de responsabilidad distinto a Cristina\u201d dijo Pe\u00f1afort. Ante el advenimiento de una condena parece que los argumentos cambian y quieren manejar la opini\u00f3n p\u00fablica lo mejor posible antes de que ello ocurra y aunque falte mucho tiempo a\u00fan.<\/p>\n\n\n\n<p>\u201cSoy bastante pesimista porque creo que esta sentencia ya est\u00e1 escrita, lamento la situaci\u00f3n inc\u00f3moda en la que se ponen los jueces al tener que firmar una sentencia condenatoria en una causa que carece de pruebas. Est\u00e1 todo fabricado por el poder judicial, Diego Luciani y compa\u00f1\u00eda han ido enmascarando pruebas. Los testigos, incluso los de la fiscal\u00eda, dieron testimonios contrarios a los que los fiscales sostienen\u201d, afirm\u00f3 Pe\u00f1afort. <\/p>\n\n\n\n<p>Desde el Frente de Todos se manejan con encuestas contratadas como gur\u00faes y al parecer ni ellas le dan bien. A falta de gente independiente que la defienda tienen que sacar a una subalterna a hablar como si lo fuera. El kirchnerismo entra en una etapa de hoguera de vanidades, desesperados ante una condena que ven como inminente e inevitable. <\/p>\n\n\n\n<!--nextpage-->\n\n\n\n<h3 class=\"wp-block-heading\">30\/09\/2022 &#8211; Encuesta indica que solamente en 18% la considera inocente<\/h3>\n\n\n\n<figure class=\"wp-block-image size-full\"><img loading=\"lazy\" decoding=\"async\" width=\"838\" height=\"743\" src=\"https:\/\/locomociontv.org\/wp-content\/uploads\/2022\/11\/image-59.png\" alt=\"\" class=\"wp-image-23197\" srcset=\"https:\/\/locomociontv.org\/wp-content\/uploads\/2022\/11\/image-59.png 838w, https:\/\/locomociontv.org\/wp-content\/uploads\/2022\/11\/image-59-300x266.png 300w, https:\/\/locomociontv.org\/wp-content\/uploads\/2022\/11\/image-59-768x681.png 768w\" sizes=\"auto, (max-width: 838px) 100vw, 838px\" \/><\/figure>\n\n\n\n<p>Se conoci\u00f3 una encuesta que preocupa mucho a la fiel alkahueter\u00eda serial de la Vicepresidenta, porque indica que el 63% de la poblaci\u00f3n la percibe culpable de corrupci\u00f3n con la obra p\u00fablica en Santa Cruz, entre 2003 y 2015, en beneficio de L\u00e1zaro B\u00e1ez. Recordamos que los fiscales Diego Luciani y Sergio Mola, solicitaron al Tribunal Oral Federal 2, una condena de 12 a\u00f1os de prisi\u00f3n e inhabilitaci\u00f3n perpetua para ejercer cargos p\u00fablicos para Cristina.<\/p>\n\n\n\n<p>Entre el 15 y el 17 de septiembre, la encuestadora Reyes Filadoro hizo un relevamiento de 1.000 casos en todo el pa\u00eds, analizando el nivel de confianza en los medios de prensa y en la Justicia, las percepciones sobre las redes sociales y, por \u00faltimo, la figura de Cristina Kirchner, en el contexto del avance del juicio por la corrupci\u00f3n con la obra p\u00fablica de Santa Cruz.<\/p>\n\n\n\n<p>\u201cA pesar de la desconfianza que existe hacia la informaci\u00f3n que difunden los medios de comunicaci\u00f3n y respecto de la imparcialidad de la justicia, casi dos tercios de los argentinos considera que CFK es culpable de los hechos de corrupci\u00f3n por los cuales est\u00e1 procesada por la justicia\u201d, resalta la \u00faltima conclusi\u00f3n de esta encuesta.<\/p>\n\n\n\n<p>Todo habla a las claras de una batalla ideol\u00f3gica fracasada por parte del kirchnerismo y sus secuaces para imponer que CFK es inocente. <\/p>\n\n\n\n<!--nextpage-->\n\n\n\n<h3 class=\"wp-block-heading\">03\/10\/2022 &#8211; La Televisi\u00f3n del Estado sale a apoyar a L\u00e1zaro B\u00e1ez<\/h3>\n\n\n\n<figure class=\"wp-block-image size-full is-resized\"><img loading=\"lazy\" decoding=\"async\" src=\"https:\/\/locomociontv.org\/wp-content\/uploads\/2022\/11\/image-60.png\" alt=\"\" class=\"wp-image-23200\" width=\"840\" height=\"560\" srcset=\"https:\/\/locomociontv.org\/wp-content\/uploads\/2022\/11\/image-60.png 580w, https:\/\/locomociontv.org\/wp-content\/uploads\/2022\/11\/image-60-300x200.png 300w\" sizes=\"auto, (max-width: 840px) 100vw, 840px\" \/><\/figure>\n\n\n\n<p>Entrados en una debacle total y con argumentos de las defensas de L\u00e1zaro B\u00e1ez y familia, coincidentes con las de Cristina, que en su caradurismo olig\u00e1rKico dice no conocerlos, la Televisi\u00f3n P\u00fablica brind\u00f3 apoyo al alegato del empresario, como tratando de revertir, al menos entre la militancia, la sensaci\u00f3n de agobio ante la evidente para todes culpabilidad de Cristina.<\/p>\n\n\n\n<p>El defensor de L\u00e1zaro B\u00e1ez anticip\u00f3 que a lo largo de tres audiencias de exposici\u00f3n intentar\u00e1 demostrar que es \u201cinocente\u201d, que su intenci\u00f3n fue \u201capostar por el pa\u00eds\u201d y que los fiscales de la causa Vialidad, Diego Luciani y Sergio Mola, tergiversaron pruebas y \u201cfalsearon\u201d declaraciones de testigos.<\/p>\n\n\n\n<p>El informe de la Televisi\u00f3n P\u00fablica trata de dar letra a una tropa que ya no lucha y acepta su destino: servir tercerizadamente a las oligarK\u00edas y el imperialismo. Bochornoso espect\u00e1culo que muestra la desesperaci\u00f3n estatal y paraestatal del Frente de Todos ante una opini\u00f3n p\u00fablica que les es adversa.<\/p>\n\n\n\n<p>\u00a1Vamos a las im\u00e1genes!<\/p>\n\n\n\n<figure class=\"wp-block-embed is-type-video is-provider-youtube wp-block-embed-youtube wp-embed-aspect-16-9 wp-has-aspect-ratio\"><div class=\"wp-block-embed__wrapper\">\n<iframe loading=\"lazy\" title=\"Juicio Vialidad: alegato de la defensa de L\u00e1zaro B\u00e1ez\" width=\"818\" height=\"460\" src=\"https:\/\/www.youtube.com\/embed\/FITl6p5-gcQ?feature=oembed\" frameborder=\"0\" allow=\"accelerometer; autoplay; clipboard-write; encrypted-media; gyroscope; picture-in-picture\" allowfullscreen><\/iframe>\n<\/div><\/figure>\n\n\n\n<!--nextpage-->\n\n\n\n<h3 class=\"wp-block-heading\">11\/10\/2022 &#8211; La Prensa Parapolicial sigue militando la defensa de L\u00e1zaro B\u00e1ez<\/h3>\n\n\n\n<figure class=\"wp-block-image size-full is-resized\"><img loading=\"lazy\" decoding=\"async\" src=\"https:\/\/locomociontv.org\/wp-content\/uploads\/2022\/11\/image-61.png\" alt=\"\" class=\"wp-image-23202\" width=\"839\" height=\"876\" srcset=\"https:\/\/locomociontv.org\/wp-content\/uploads\/2022\/11\/image-61.png 432w, https:\/\/locomociontv.org\/wp-content\/uploads\/2022\/11\/image-61-287x300.png 287w\" sizes=\"auto, (max-width: 839px) 100vw, 839px\" \/><\/figure>\n\n\n\n<p>La defensa de L\u00e1zaro B\u00e1ez pidi\u00f3 el 11 de octubre la absoluci\u00f3n de de su defendido y la nulidad parcial de las acusaciones en su contra, al finalizar su alegato de tres d\u00edas en la &#8220;Causa Vialidad&#8221; sobre corrupci\u00f3n en  la obra p\u00fablica.<\/p>\n\n\n\n<p>En la \u00faltima jornada de su alegato ante el Tribunal Oral Federal 2, la defensa de B\u00e1ez pidi\u00f3 adem\u00e1s que se investigue la conducta de los peritos Eloy Bonna y Roberto Panizza, firmantes de un estudio sobre cinco de las 51 obras llevadas a juicio y cuestionados por las defensas.<\/p>\n\n\n\n<p>Tambi\u00e9n reclam\u00f3 la nulidad parcial de la acusaci\u00f3n, luego de sostener que fue &#8220;ilegal&#8221; la incorporaci\u00f3n como prueba al debate de mensajes de otro acusado, el ex secretario de Obras P\u00fablicas Jos\u00e9 L\u00f3pez, y que B\u00e1ez ya fue juzgado por los delitos que se ventilan en esta causa.<\/p>\n\n\n\n<p>Toda la prensa paraestatal se ha alineado de repente en defender hasta la inocencia de L\u00e1zaro B\u00e1ez, algo que ni la misma defensa de Cristina plante\u00f3, ya que a\u00fan insisten en que no la conocen. es as\u00ed, no les pagan por pensar, solamente por obedecer y defecar tintas.<\/p>\n\n\n\n<!--nextpage-->\n\n\n\n<h3 class=\"wp-block-heading\">12\/10\/2022 &#8211; Casaci\u00f3n rechaza la chicana un mill\u00f3n de CFK<\/h3>\n\n\n\n<figure class=\"wp-block-image size-full is-resized\"><img loading=\"lazy\" decoding=\"async\" src=\"https:\/\/locomociontv.org\/wp-content\/uploads\/2022\/11\/image-62.png\" alt=\"\" class=\"wp-image-23204\" width=\"841\" height=\"665\" srcset=\"https:\/\/locomociontv.org\/wp-content\/uploads\/2022\/11\/image-62.png 570w, https:\/\/locomociontv.org\/wp-content\/uploads\/2022\/11\/image-62-300x237.png 300w\" sizes=\"auto, (max-width: 841px) 100vw, 841px\" \/><\/figure>\n\n\n\n<p>La C\u00e1mara Federal de Casaci\u00f3n Penal rechaz\u00f3 hoy un planteo formulado por la defensa de la vicepresidenta Cristina Fern\u00e1ndez de Kirchner en el que se reclamaba el apartamiento de los fiscales y algunos de los miembros del tribunal del juicio Vialidad.<\/p>\n\n\n\n<p>La Sala IV del m\u00e1ximo tribunal penal del pa\u00eds resolvi\u00f3 &#8220;no hacer lugar a la queja interpuesta por la defensa particular de Cristina Fern\u00e1ndez de Kirchner&#8221;, seg\u00fan surge de la resoluci\u00f3n de tres p\u00e1ginas.<\/p>\n\n\n\n<p>El abogado de la Vicepresidenta, Carlos Beraldi, hab\u00eda reclamado que Casaci\u00f3n eval\u00fae las recusaciones presentadas contra los fiscales del caso y contra algunos de los miembros del tribunal, luego de que trascendieran v\u00ednculos entre algunos de ellos y visitas a la Casa Rosada durante el gobierno de Mauricio Macri.<\/p>\n\n\n\n<p>Los cuestionamientos, por motivos distintos seg\u00fan cada caso, hab\u00edan sido formulados hacia los fiscales Diego Luciani y Sergio Mola y contra los jueces Rodrigo Gim\u00e9nez Uriburu y Jorge Gorini.<\/p>\n\n\n\n<p>Al rechazar la queja presentada por la defensa de la expresidenta los jueces de Casaci\u00f3n sostuvieron que &#8220;por regla general, las resoluciones que deciden acerca de recusaciones no son susceptibles de ser impugnadas ante esta instancia. Pues, no se trata de la sentencia definitiva de la causa, ni tampoco de alguna equiparable a ella&#8221;.<\/p>\n\n\n\n<p>Un nuevo papel\u00f3n judicial de la brigada del lawfare. Quieren inventar un nuevo proceso judicial en que no se la juzgue a Cristina y menos que se la condene como parece ser el caso. O al menos, como lo ven en su desesperaci\u00f3n partidarios de la Vicepresidenta.<\/p>\n\n\n\n<!--nextpage-->\n\n\n\n<h3 class=\"wp-block-heading\">06\/11\/2022 &#8211; El Presidente sale de nuevo a bancar a su Vicepresidenta<\/h3>\n\n\n\n<figure class=\"wp-block-image size-full\"><img loading=\"lazy\" decoding=\"async\" width=\"855\" height=\"779\" src=\"https:\/\/locomociontv.org\/wp-content\/uploads\/2022\/11\/image-63.png\" alt=\"\" class=\"wp-image-23206\" srcset=\"https:\/\/locomociontv.org\/wp-content\/uploads\/2022\/11\/image-63.png 855w, https:\/\/locomociontv.org\/wp-content\/uploads\/2022\/11\/image-63-300x273.png 300w, https:\/\/locomociontv.org\/wp-content\/uploads\/2022\/11\/image-63-768x700.png 768w\" sizes=\"auto, (max-width: 855px) 100vw, 855px\" \/><\/figure>\n\n\n\n<p>Pas\u00f3 casi un mes de Silenzio Stampa por la Causa Vialidad y de repente alguien volvi\u00f3 a poner el tema en el tapete y no es precisamente el enemigo. Al menos, no deber\u00eda serlo, aunque en el Cabaret de Todos, no hay nada imposible.<\/p>\n\n\n\n<p>Alberto Fern\u00e1ndez dio una entrevista a Futurock FM en la que habl\u00f3 sobre la &#8220;Causa Vialidad&#8221;, en la que Cristina Kirchner est\u00e1 imputada. Para el Presidente, no se entiende c\u00f3mo la vicepresidenta &#8220;puede ser acusada y condenada por un caso as\u00ed&#8221;. <\/p>\n\n\n\n<p>Ante la consulta de una posible condena efectiva a Cristina, Alberto Fern\u00e1ndez expres\u00f3 su desencanto con la idea y dijo que en ese caso \u201cdescreer\u00eda mucho de la justicia\u201d.<\/p>\n\n\n\n<p>Suena raro que el Presidente, que ha mostrado saber poco de derecho y justicia en general, ya la d\u00e9 por condenada. <\/p>\n\n\n\n<p>Sabemos que Alberto no es un &#8220;tiempista&#8221; de la pol\u00edtica en general, pero resulta raro que cuando la &#8220;Causa Vialidad&#8221; no genera grandes noticias salga a hablar de la cosa. Y que los medios de propaganda estatales y paraestatales le den mecha, es bastante sospechoso.<\/p>\n\n\n\n<p><\/p>\n<div class=\"pdfprnt-buttons pdfprnt-buttons-post pdfprnt-bottom-right\"><a href=\"https:\/\/locomociontv.org\/index.php?rest_route=%2Fwp%2Fv2%2Fposts%2F23192&print=pdf\" class=\"pdfprnt-button pdfprnt-button-pdf\" target=\"_blank\" ><img decoding=\"async\" src=\"https:\/\/locomociontv.org\/wp-content\/plugins\/pdf-print\/images\/pdf.png\" alt=\"image_pdf\" title=\"View PDF\" \/><span class=\"pdfprnt-button-title pdfprnt-button-pdf-title\">Hacer PDF<\/span><\/a><a href=\"https:\/\/locomociontv.org\/index.php?rest_route=%2Fwp%2Fv2%2Fposts%2F23192&print=print\" class=\"pdfprnt-button pdfprnt-button-print\" target=\"_blank\" ><img decoding=\"async\" src=\"https:\/\/locomociontv.org\/wp-content\/plugins\/pdf-print\/images\/print.png\" alt=\"image_print\" title=\"Print Content\" \/><span class=\"pdfprnt-button-title pdfprnt-button-print-title\">Imprimir<\/span><\/a><\/div><p>Views: 0<\/p>","protected":false},"excerpt":{"rendered":"<p>Una constante de terror se hace sentir en las filas del Frente de Todos, ante el inexorable avance de la Causa Vialidad y sobre todo que a pesar de poner todos sus aparatos de propaganda, a nivel estatal y paraestatal no se logra que la opini\u00f3n mayoritaria en la poblaci\u00f3n, por muy lejos, sea contraria &hellip;<\/p>\n","protected":false},"author":1,"featured_media":23200,"comment_status":"open","ping_status":"open","sticky":false,"template":"","format":"video","meta":{"footnotes":""},"categories":[114,17],"tags":[],"class_list":["post-23192","post","type-post","status-publish","format-video","has-post-thumbnail","hentry","category-causa-vialidad","category-corruptelas-varias","post_format-post-format-video","post-dark","post-wide","has-post-thumb","small-thumb"],"_links":{"self":[{"href":"https:\/\/locomociontv.org\/index.php?rest_route=\/wp\/v2\/posts\/23192","targetHints":{"allow":["GET"]}}],"collection":[{"href":"https:\/\/locomociontv.org\/index.php?rest_route=\/wp\/v2\/posts"}],"about":[{"href":"https:\/\/locomociontv.org\/index.php?rest_route=\/wp\/v2\/types\/post"}],"author":[{"embeddable":true,"href":"https:\/\/locomociontv.org\/index.php?rest_route=\/wp\/v2\/users\/1"}],"replies":[{"embeddable":true,"href":"https:\/\/locomociontv.org\/index.php?rest_route=%2Fwp%2Fv2%2Fcomments&post=23192"}],"version-history":[{"count":10,"href":"https:\/\/locomociontv.org\/index.php?rest_route=\/wp\/v2\/posts\/23192\/revisions"}],"predecessor-version":[{"id":23209,"href":"https:\/\/locomociontv.org\/index.php?rest_route=\/wp\/v2\/posts\/23192\/revisions\/23209"}],"wp:featuredmedia":[{"embeddable":true,"href":"https:\/\/locomociontv.org\/index.php?rest_route=\/wp\/v2\/media\/23200"}],"wp:attachment":[{"href":"https:\/\/locomociontv.org\/index.php?rest_route=%2Fwp%2Fv2%2Fmedia&parent=23192"}],"wp:term":[{"taxonomy":"category","embeddable":true,"href":"https:\/\/locomociontv.org\/index.php?rest_route=%2Fwp%2Fv2%2Fcategories&post=23192"},{"taxonomy":"post_tag","embeddable":true,"href":"https:\/\/locomociontv.org\/index.php?rest_route=%2Fwp%2Fv2%2Ftags&post=23192"}],"curies":[{"name":"wp","href":"https:\/\/api.w.org\/{rel}","templated":true}]}}