{"id":23081,"date":"2022-11-05T08:43:36","date_gmt":"2022-11-05T11:43:36","guid":{"rendered":"https:\/\/locomociontv.org\/?p=23081"},"modified":"2022-11-05T14:05:28","modified_gmt":"2022-11-05T17:05:28","slug":"esta-gestion-es-una-massa-6-informe","status":"publish","type":"post","link":"https:\/\/locomociontv.org\/?p=23081","title":{"rendered":"Esta gesti\u00f3n es una Massa (6\u00b0 Informe)"},"content":{"rendered":"\n<figure class=\"wp-block-embed is-type-video is-provider-youtube wp-block-embed-youtube wp-embed-aspect-16-9 wp-has-aspect-ratio\"><div class=\"wp-block-embed__wrapper\">\n<iframe loading=\"lazy\" title=\"Esta gesti\u00f3n es una Massa (6\u00b0 Informe)\" width=\"818\" height=\"460\" src=\"https:\/\/www.youtube.com\/embed\/_ZZQ0GSejmI?feature=oembed\" frameborder=\"0\" allow=\"accelerometer; autoplay; clipboard-write; encrypted-media; gyroscope; picture-in-picture\" allowfullscreen><\/iframe>\n<\/div><\/figure>\n\n\n\n<!--nextpage-->\n\n\n\n<h3 class=\"wp-block-heading\">12\/10\/2022 &#8211; Massa probando suerte con el Stand Up en los Estados Unidos<\/h3>\n\n\n\n<p>Dejamos este culebr\u00f3n cuando el Superministro volv\u00eda a ser el hazmerreir planetario con sus quince d\u00f3lares imaginarios. Para qui\u00e9nes lo deseen, les dejamos el link a esta humorada por no llorar.<\/p>\n\n\n\n<iframe loading=\"lazy\" src=\"https:\/\/www.facebook.com\/plugins\/post.php?href=https%3A%2F%2Fwww.facebook.com%2Fpelado.emtv%2Fposts%2Fpfbid0364NDrLa1gFcLZorav5MsxBMx99GMQtNrynysE7nTx5mEgFzTVVAfSYwRoHZZt98xl&amp;show_text=true&amp;width=960\" width=\"960\" height=\"960\" style=\"border:none;overflow:hidden\" scrolling=\"no\" frameborder=\"0\" allowfullscreen=\"true\" allow=\"autoplay; clipboard-write; encrypted-media; picture-in-picture; web-share\"><\/iframe>\n\n\n\n<figure class=\"wp-block-image size-full\"><img loading=\"lazy\" decoding=\"async\" width=\"835\" height=\"691\" src=\"https:\/\/locomociontv.org\/wp-content\/uploads\/2022\/11\/image-25.png\" alt=\"\" class=\"wp-image-23083\" srcset=\"https:\/\/locomociontv.org\/wp-content\/uploads\/2022\/11\/image-25.png 835w, https:\/\/locomociontv.org\/wp-content\/uploads\/2022\/11\/image-25-300x248.png 300w, https:\/\/locomociontv.org\/wp-content\/uploads\/2022\/11\/image-25-768x636.png 768w\" sizes=\"auto, (max-width: 835px) 100vw, 835px\" \/><\/figure>\n\n\n\n<p>El 12 de octubre, un d\u00eda en que el mundo se ri\u00f3 de Massa y no solamente por lo que les dijimos anteriormente, fue el d\u00eda en que se reuni\u00f3 con autoridades del BID y del FMI en Washington a ponerles excusas inveros\u00edmiles, en su ya conocida desfachatez para la venta de humo. Supone que le creen, si no no lo har\u00eda, o lo har\u00eda de otra manera. Lo cierto es que Massa le ech\u00f3 la culpa de los incumplimientos al ajuste del FMI a una nueva pesada herencia. \u00bfDe Macri? No, esta vez de Guzm\u00e1n. El Superministro dijo: &#8220;Ven\u00edamos de un proceso que nos llev\u00f3 a un desborde del 12.4% al mes de junio en t\u00e9rminos del d\u00e9ficit&#8221; en referencia a la gesti\u00f3n de Guzm\u00e1n, que renunci\u00f3 en julio pasado y dej\u00f3 una pesada deuda con pagos atrasados ocultos, que se conocieron (o al menos eso aseguran) despu\u00e9s de su renuncia.<\/p>\n\n\n\n<!--nextpage-->\n\n\n\n<h3 class=\"wp-block-heading\">17\/10\/2022 &#8211; D\u00eda de Lealtad con promesas y futuros dolores de cabeza<\/h3>\n\n\n\n<figure class=\"wp-block-image size-full\"><a href=\"https:\/\/www.ambito.com\/massa-seduce-cgt-148-mil-millones-pero-los-gremios-desconfian-n5560397\" target=\"_blank\" rel=\"noreferrer noopener\"><img loading=\"lazy\" decoding=\"async\" width=\"853\" height=\"660\" src=\"https:\/\/locomociontv.org\/wp-content\/uploads\/2022\/11\/image-26.png\" alt=\"\" class=\"wp-image-23085\" srcset=\"https:\/\/locomociontv.org\/wp-content\/uploads\/2022\/11\/image-26.png 853w, https:\/\/locomociontv.org\/wp-content\/uploads\/2022\/11\/image-26-300x232.png 300w, https:\/\/locomociontv.org\/wp-content\/uploads\/2022\/11\/image-26-768x594.png 768w\" sizes=\"auto, (max-width: 853px) 100vw, 853px\" \/><\/a><\/figure>\n\n\n\n<p>Massa les hizo saber a sus gorditos que en el Presupuesto 2023 hay asignados 148 mil millones (unos 510 milloncitos de d\u00f3lares blue) para Obras Sociales. La partida no es muy clara tampoco y no indica que los muchachos de la CGT vayan a ver ese dinero o que se los den a ellos. Sepan que as\u00ed las cosas se hacen en la Argentina, lo m\u00e1s importante en el el presupuesto hist\u00f3ricamente es poder dejar recursos a mano, para asignar luego a qui\u00e9n m\u00e1s le convenga al Gobierno d\u00e1rselo.<\/p>\n\n\n\n<p>Los gremios desconf\u00edan de todes, sobre todo trat\u00e1ndose de gente que en este d\u00eda petrifica sus caras y hace la V, mientras sirven a las oligarK\u00edas y el imperialismo.<\/p>\n\n\n\n<!--nextpage-->\n\n\n\n<h3 class=\"wp-block-heading\">20\/10\/2022 &#8211; Massa expresa su voluntad de un &#8220;Plan Platita&#8221; urgente<\/h3>\n\n\n\n<figure class=\"wp-block-image size-full is-resized\"><img loading=\"lazy\" decoding=\"async\" src=\"https:\/\/locomociontv.org\/wp-content\/uploads\/2022\/11\/image-27.png\" alt=\"\" class=\"wp-image-23089\" width=\"839\" height=\"840\" srcset=\"https:\/\/locomociontv.org\/wp-content\/uploads\/2022\/11\/image-27.png 785w, https:\/\/locomociontv.org\/wp-content\/uploads\/2022\/11\/image-27-300x300.png 300w, https:\/\/locomociontv.org\/wp-content\/uploads\/2022\/11\/image-27-150x150.png 150w, https:\/\/locomociontv.org\/wp-content\/uploads\/2022\/11\/image-27-768x769.png 768w\" sizes=\"auto, (max-width: 839px) 100vw, 839px\" \/><\/figure>\n\n\n\n<p>El 20 de octubre, cumpli\u00e9ndose 12 a\u00f1os del asesinato de Mariano Ferreyra el Superministro expres\u00f3 su voluntad de inyectar dinero en el bolsillo de la gente, sin importarle mucho de d\u00f3nde salga la plata. Lo necesita con urgencia, ya que el malestar social de la poblaci\u00f3n por la carest\u00eda de la vida, esta llegando a l\u00edmites peligrosos para las aspiraciones de la banda que gobierna en 2023.<\/p>\n\n\n\n<p>Sabe perfectamente que si la inflaci\u00f3n no baja dr\u00e1sticamente al mismo tiempo, ser\u00eda m\u00e1s de lo mismo: una transferencia del Estado de mayor riqueza a los sectores que menos lo necesitan y los que menos tienen jugar\u00edan el rol de mensajeros de dinero de corporaciones, solamente eso.<\/p>\n\n\n\n<p>Otro &#8220;tengo ganas&#8221; de un Massa que promete demasiado y que muestra no tener mucha idea de que la gesti\u00f3n de un Estado no es solamente conseguir d\u00f3lares de reserva. No tiene idea de qu\u00e9 hacer realmente, m\u00e1s teniendo a toda su coalici\u00f3n arranc\u00e1ndose los ojos por un 2023 que a este paso los tendr\u00e1 muy lejos de la Rosada.<\/p>\n\n\n\n<!--nextpage-->\n\n\n\n<h3 class=\"wp-block-heading\">26\/10\/2022 &#8211; Una buena para el Superministro: Diputados le da media sanci\u00f3n al Presupuesto 2023<\/h3>\n\n\n\n<figure class=\"wp-block-image size-large is-resized\"><img loading=\"lazy\" decoding=\"async\" src=\"https:\/\/locomociontv.org\/wp-content\/uploads\/2022\/11\/image-29-1024x576.png\" alt=\"\" class=\"wp-image-23093\" width=\"839\" height=\"471\" srcset=\"https:\/\/locomociontv.org\/wp-content\/uploads\/2022\/11\/image-29-1024x576.png 1024w, https:\/\/locomociontv.org\/wp-content\/uploads\/2022\/11\/image-29-300x169.png 300w, https:\/\/locomociontv.org\/wp-content\/uploads\/2022\/11\/image-29-768x432.png 768w, https:\/\/locomociontv.org\/wp-content\/uploads\/2022\/11\/image-29.png 1200w\" sizes=\"auto, (max-width: 839px) 100vw, 839px\" \/><\/figure>\n\n\n\n<p>Massa consigui\u00f3 la media sanci\u00f3n en una sesi\u00f3n que se extendi\u00f3 casi por 20 horas. No logr\u00f3 incorporar la para eliminaci\u00f3n de la exenci\u00f3n de Ganancias a los integrantes del Poder Judicial y baj\u00f3 solito el tema de que el Gobierno modifique las retenciones agropecuarias sin pasar por el Congreso.<\/p>\n\n\n\n<p>Consultado sobre el tema, Sergio Massa expres\u00f3 su satisfacci\u00f3n, tras haber conseguido la media sanci\u00f3n  del proyecto de Presupuesto 2023, en la C\u00e1mara de Diputados. <\/p>\n\n\n\n<p><strong>&#8220;Estoy tranquilo, con la tranquilidad de que tenemos un Presupuesto 2023 con 180 votos&#8221;, dijo Massa<\/strong>&nbsp;en declaraciones a T\u00e9lam sobre el resultado de la votaci\u00f3n, y subray\u00f3: &#8220;Era el objetivo que busc\u00e1bamos&#8221;.<\/p>\n\n\n\n<!--nextpage-->\n\n\n\n<h3 class=\"wp-block-heading\">30\/10\/2022 &#8211; Massa y Taiana acuerdan llenar los bolsillos de los milKos<\/h3>\n\n\n\n<figure class=\"wp-block-image size-full\"><a href=\"https:\/\/www.cronista.com\/economia-politica\/fuerzas-armadas-massa-amplio-el-presupuesto-otorgo-un-bono-y-adelanta-aumentos\/\" target=\"_blank\" rel=\"noreferrer noopener\"><img loading=\"lazy\" decoding=\"async\" width=\"852\" height=\"499\" src=\"https:\/\/locomociontv.org\/wp-content\/uploads\/2022\/11\/image-30.png\" alt=\"\" class=\"wp-image-23094\" srcset=\"https:\/\/locomociontv.org\/wp-content\/uploads\/2022\/11\/image-30.png 852w, https:\/\/locomociontv.org\/wp-content\/uploads\/2022\/11\/image-30-300x176.png 300w, https:\/\/locomociontv.org\/wp-content\/uploads\/2022\/11\/image-30-768x450.png 768w\" sizes=\"auto, (max-width: 852px) 100vw, 852px\" \/><\/a><\/figure>\n\n\n\n<p>El Ministerio de Econom\u00eda acord\u00f3 el 30 de octubre con el Ministerio de Defensa instrumentar en los pr\u00f3ximos d\u00edas una ampliaci\u00f3n presupuestaria para los gastos de funcionamiento de las Fuerzas Armadas a la vez que habilit\u00f3 el pago de un bono de fin de a\u00f1o de 30.000 pesos y un adelanto del aumento salarial que se iba a dar en el 2023 para los militares.<\/p>\n\n\n\n<p>Todes parecen querer quedar bien con los miliKos por alguna raz\u00f3n solamente explicables si los van a usar para algo. Y cuando decimos para algo, hablamos de represi\u00f3n. Es raro, pareciera tener m\u00e1s prisa en llenar los bolsillos de los las Fuerzas Armadas y de Seguridad, que los de la gente, como declaman cada vez que pueden en su esquizofrenia de ser y no ser parte.<\/p>\n\n\n\n<!--nextpage-->\n\n\n\n<h3 class=\"wp-block-heading\">31\/10\/2022 &#8211; Massa lanza un congelamiento de precios por cuatro meses<\/h3>\n\n\n\n<figure class=\"wp-block-image size-large\"><a href=\"https:\/\/www.minutouno.com\/economia\/sergio-massa\/congelamiento-precios-4-meses-todo-lo-que-hay-que-saber-n5572761\" target=\"_blank\" rel=\"noreferrer noopener\"><img loading=\"lazy\" decoding=\"async\" width=\"1024\" height=\"792\" src=\"https:\/\/locomociontv.org\/wp-content\/uploads\/2022\/11\/image-31-1024x792.png\" alt=\"\" class=\"wp-image-23098\" srcset=\"https:\/\/locomociontv.org\/wp-content\/uploads\/2022\/11\/image-31-1024x792.png 1024w, https:\/\/locomociontv.org\/wp-content\/uploads\/2022\/11\/image-31-300x232.png 300w, https:\/\/locomociontv.org\/wp-content\/uploads\/2022\/11\/image-31-768x594.png 768w, https:\/\/locomociontv.org\/wp-content\/uploads\/2022\/11\/image-31.png 1275w\" sizes=\"auto, (max-width: 1024px) 100vw, 1024px\" \/><\/a><\/figure>\n\n\n\n<p>Este lunes, el ministro de&nbsp;Econom\u00eda,<strong>&nbsp;Sergio Massa, adelant\u00f3 que planea avanzar en un&nbsp;programa&nbsp;para &#8220;tratar de estabilizar&nbsp;precios al consumidor&nbsp;en general, en un bloque de cuatro meses&#8221; que ir\u00eda&nbsp;desde diciembre hasta marzo pr\u00f3ximo.<\/strong><\/p>\n\n\n\n<p>Massa&nbsp;indic\u00f3 que el objetivo de este programa es&nbsp;<strong>&#8220;que permita que la gente vaya al&nbsp;supermercado&nbsp;con cierta tranquilidad y seguridad&#8221;<\/strong>, en cuanto a los precios de productos de&nbsp;higiene personal, alimentos y de consumo masivo, en declaraciones formuladas a El Destape Radio.<\/p>\n\n\n\n<p>Por ahora est\u00e1 discutiendo el tema con los empresarios y parece que no le est\u00e1 yendo muy bien. Una iniciativa m\u00e1s para ver si logran desacelerar la inflaci\u00f3n antes que la mismo se devore toda su gesti\u00f3n, que no es la gran cosa, tampoco.<\/p>\n\n\n\n<!--nextpage-->\n\n\n\n<h3 class=\"wp-block-heading\">04\/11\/2022 &#8211; Massa con presupuesto encaminado y elogiado hasta por Cristina<\/h3>\n\n\n\n<figure class=\"wp-block-image size-full\"><img loading=\"lazy\" decoding=\"async\" width=\"992\" height=\"558\" src=\"https:\/\/locomociontv.org\/wp-content\/uploads\/2022\/11\/image-32.png\" alt=\"\" class=\"wp-image-23100\" srcset=\"https:\/\/locomociontv.org\/wp-content\/uploads\/2022\/11\/image-32.png 992w, https:\/\/locomociontv.org\/wp-content\/uploads\/2022\/11\/image-32-300x169.png 300w, https:\/\/locomociontv.org\/wp-content\/uploads\/2022\/11\/image-32-768x432.png 768w\" sizes=\"auto, (max-width: 992px) 100vw, 992px\" \/><\/figure>\n\n\n\n<p>El Presupuesto 2023 ya obtuvo dictamen favorable de la Comisi\u00f3n del Senado y en dos semanas ser\u00e1 tratado y seguramente aprobado. <\/p>\n\n\n\n<p>Si bien, le ordena a todes que no hablen de candidaturas (sensata decisi\u00f3n del Superministro), no es casual que la Cristina elogiara el ajuste de Massa en su primera aparici\u00f3n p\u00fablica luego del atentado. Desde el entorno de Cristina hac\u00edan saber a quien quisiera o\u00edrlos que no les desagradar\u00eda una f\u00f3rmula de la Vicepresidenta de la Naci\u00f3n con Sergio Massa. <\/p>\n\n\n\n<p>Sabemos que Massa tiene buena onda con M\u00e1ximo al menos con el tema de la suspensi\u00f3n de las PASO 2023 y parece que el monotema los tiene ocupados solamente en ver si pueden acabar con Alberto sin acabar con las chances de ganar las elecciones del a\u00f1o pr\u00f3ximo. Tarea \u00edmproba tendr\u00e1n y ya carecen de ideas para cambiar nada a favor del pueblo.<\/p>\n<div class=\"pdfprnt-buttons pdfprnt-buttons-post pdfprnt-bottom-right\"><a href=\"https:\/\/locomociontv.org\/index.php?rest_route=%2Fwp%2Fv2%2Fposts%2F23081&print=pdf\" class=\"pdfprnt-button pdfprnt-button-pdf\" target=\"_blank\" ><img decoding=\"async\" src=\"https:\/\/locomociontv.org\/wp-content\/plugins\/pdf-print\/images\/pdf.png\" alt=\"image_pdf\" title=\"View PDF\" \/><span class=\"pdfprnt-button-title pdfprnt-button-pdf-title\">Hacer PDF<\/span><\/a><a href=\"https:\/\/locomociontv.org\/index.php?rest_route=%2Fwp%2Fv2%2Fposts%2F23081&print=print\" class=\"pdfprnt-button pdfprnt-button-print\" target=\"_blank\" ><img decoding=\"async\" src=\"https:\/\/locomociontv.org\/wp-content\/plugins\/pdf-print\/images\/print.png\" alt=\"image_print\" title=\"Print Content\" \/><span class=\"pdfprnt-button-title pdfprnt-button-print-title\">Imprimir<\/span><\/a><\/div><p>Views: 2<\/p>","protected":false},"excerpt":{"rendered":"<p> Views: 2<\/p>\n","protected":false},"author":1,"featured_media":22794,"comment_status":"open","ping_status":"open","sticky":false,"template":"","format":"video","meta":{"footnotes":""},"categories":[1],"tags":[],"class_list":["post-23081","post","type-post","status-publish","format-video","has-post-thumbnail","hentry","category-sin-categoria","post_format-post-format-video","post-dark","post-wide","has-post-thumb"],"_links":{"self":[{"href":"https:\/\/locomociontv.org\/index.php?rest_route=\/wp\/v2\/posts\/23081","targetHints":{"allow":["GET"]}}],"collection":[{"href":"https:\/\/locomociontv.org\/index.php?rest_route=\/wp\/v2\/posts"}],"about":[{"href":"https:\/\/locomociontv.org\/index.php?rest_route=\/wp\/v2\/types\/post"}],"author":[{"embeddable":true,"href":"https:\/\/locomociontv.org\/index.php?rest_route=\/wp\/v2\/users\/1"}],"replies":[{"embeddable":true,"href":"https:\/\/locomociontv.org\/index.php?rest_route=%2Fwp%2Fv2%2Fcomments&post=23081"}],"version-history":[{"count":13,"href":"https:\/\/locomociontv.org\/index.php?rest_route=\/wp\/v2\/posts\/23081\/revisions"}],"predecessor-version":[{"id":23103,"href":"https:\/\/locomociontv.org\/index.php?rest_route=\/wp\/v2\/posts\/23081\/revisions\/23103"}],"wp:featuredmedia":[{"embeddable":true,"href":"https:\/\/locomociontv.org\/index.php?rest_route=\/wp\/v2\/media\/22794"}],"wp:attachment":[{"href":"https:\/\/locomociontv.org\/index.php?rest_route=%2Fwp%2Fv2%2Fmedia&parent=23081"}],"wp:term":[{"taxonomy":"category","embeddable":true,"href":"https:\/\/locomociontv.org\/index.php?rest_route=%2Fwp%2Fv2%2Fcategories&post=23081"},{"taxonomy":"post_tag","embeddable":true,"href":"https:\/\/locomociontv.org\/index.php?rest_route=%2Fwp%2Fv2%2Ftags&post=23081"}],"curies":[{"name":"wp","href":"https:\/\/api.w.org\/{rel}","templated":true}]}}