{"id":23027,"date":"2022-11-01T15:58:37","date_gmt":"2022-11-01T18:58:37","guid":{"rendered":"https:\/\/locomociontv.org\/?p=23027"},"modified":"2022-11-02T21:06:41","modified_gmt":"2022-11-03T00:06:41","slug":"juntos-por-los-cargos-franquicia-de-cabaret-de-reserva-del-sistema","status":"publish","type":"post","link":"https:\/\/locomociontv.org\/?p=23027","title":{"rendered":"Juntos por los Cargos: Franquicia de Cabaret de reserva del Sistema"},"content":{"rendered":"\n<h3 class=\"wp-block-heading\">FEROZ INTERNA DE LOS &#8220;ESPUMANTES&#8221; DE JUNTOS POR EL CAMBIO<\/h3>\n\n\n\n<p>Sabemos que en la alianza Juntos por el Cambio, se esfuerzan en golpearse duro y generar internas feroces que terminan a los abrazos cuando llega la hora de disputar los porotos con los otros. Por eso el nombre que le dimos en este canal a esta alianza y sus internas es Juntos por los Cargos. Como el Cabaret de Todos no alcanza a colmar las expectativas de clientes imperiales y extractivistas, necesitan tener una franquicia de Cabaret de reserva en caso de que alguna se agote o se le acaben las pilas. <\/p>\n\n\n\n<p>Esta gente es muy optimista con respecto a elecciones que ser\u00e1n reci\u00e9n dentro de un a\u00f1o. Suponen que tienen tan ganada la elecci\u00f3n que se matan por ser los candidatos presidenciales. Hacen malabares, mienten lealtades, se al\u00edan con Lucifer si les da votos. Nada menos que lo esperable en esta gente.<\/p>\n\n\n\n<figure class=\"wp-block-embed is-type-video is-provider-youtube wp-block-embed-youtube wp-embed-aspect-16-9 wp-has-aspect-ratio\"><div class=\"wp-block-embed__wrapper\">\n<iframe loading=\"lazy\" title=\"Juntos por los Cargos: Franquicia de Cabaret de reserva del Sistema\" width=\"818\" height=\"460\" src=\"https:\/\/www.youtube.com\/embed\/OSfJIlEyXW4?feature=oembed\" frameborder=\"0\" allow=\"accelerometer; autoplay; clipboard-write; encrypted-media; gyroscope; picture-in-picture\" allowfullscreen><\/iframe>\n<\/div><\/figure>\n\n\n\n<!--nextpage-->\n\n\n\n<h3 class=\"wp-block-heading\">Se abre el fuego interno en el PRO por la Candidatura a Gobernador de Provincia de Buenos Aires<\/h3>\n\n\n<div class=\"wp-block-image\">\n<figure class=\"aligncenter size-large\"><a href=\"https:\/\/www.a24.com\/politica\/juntos-el-cambio-las-estrategias-santilli-y-ritondo-quedarse-la-provincia-buenos-aires-n1045766\" target=\"_blank\" rel=\"noreferrer noopener\"><img loading=\"lazy\" decoding=\"async\" width=\"1024\" height=\"812\" src=\"https:\/\/locomociontv.org\/wp-content\/uploads\/2022\/11\/image-2-1024x812.png\" alt=\"\" class=\"wp-image-23032\" srcset=\"https:\/\/locomociontv.org\/wp-content\/uploads\/2022\/11\/image-2-1024x812.png 1024w, https:\/\/locomociontv.org\/wp-content\/uploads\/2022\/11\/image-2-300x238.png 300w, https:\/\/locomociontv.org\/wp-content\/uploads\/2022\/11\/image-2-768x609.png 768w, https:\/\/locomociontv.org\/wp-content\/uploads\/2022\/11\/image-2.png 1059w\" sizes=\"auto, (max-width: 1024px) 100vw, 1024px\" \/><\/a><\/figure>\n<\/div>\n\n\n<p>El mes de octubre le puso mucha efervescencia a una interna feroz en apariencia que terminar\u00e1 cuando se ponga en peligro la victoria que ellos (y solamente ellos) ven como garantizada.<\/p>\n\n\n\n<p>El Pro empez\u00f3 el mes desembarcando mascarones de proa para disputar la candidatura a Gobernador de la Provincia de Buenos Aires. Con dos candidatos bancados fuerte desde arriba y otros cuatro que probar\u00e1n suerte. S\u00ed, como m\u00ednimo tienen seis precandidatos a Gobernador, ellos son: <strong>Diego Santilli<\/strong>,&nbsp;<strong>Cristian Ritondo<\/strong>,&nbsp;<strong>N\u00e9stor Grindetti&nbsp;<\/strong>,&nbsp;<strong>Javier Iguacel&nbsp;<\/strong>,&nbsp;<strong>Joaqu\u00edn de la Torre&nbsp;<\/strong>y&nbsp;<strong>Diego Valenzuela<\/strong>. La UCR seguramente debe tener un par m\u00e1s de precandidatos, pero el cargo de Gobernador es uno solo. <\/p>\n\n\n\n<p>Si bien, est\u00e1n lanzados en velocidad por imponer sus candidaturas, la estrategia es recorrer con los candidatos y participar de cuanta inauguraci\u00f3n para posicionar sus personas y figuras.<\/p>\n\n\n\n<!--nextpage-->\n\n\n\n<h3 class=\"wp-block-heading\">02\/10\/2022 &#8211; Sale a pelear alguna cosita L\u00f3pez Murphy<\/h3>\n\n\n<div class=\"wp-block-image\">\n<figure class=\"aligncenter size-full is-resized\"><a href=\"https:\/\/www.laprensa.com.ar\/520957-Lopez-Murphy-afirmo-que-Macri-ya-no-esta-en-control-de-Juntos-Por-el-Cambio.note.aspx\" target=\"_blank\" rel=\"noreferrer noopener\"><img loading=\"lazy\" decoding=\"async\" src=\"https:\/\/locomociontv.org\/wp-content\/uploads\/2022\/11\/image-3.png\" alt=\"\" class=\"wp-image-23037\" width=\"841\" height=\"673\" srcset=\"https:\/\/locomociontv.org\/wp-content\/uploads\/2022\/11\/image-3.png 600w, https:\/\/locomociontv.org\/wp-content\/uploads\/2022\/11\/image-3-300x240.png 300w\" sizes=\"auto, (max-width: 841px) 100vw, 841px\" \/><\/a><\/figure>\n<\/div>\n\n\n<p>En entrevista hecha por la agencia Noticias Argentina, el diputado nacional por Republicanos Unidos Ricardo L\u00f3pez Murphy, que integra Juntos por el Cambio, afirm\u00f3 que el ex presidente Mauricio Macri no est\u00e1 en el control del proceso que definir\u00e1 el rumbo de la oposici\u00f3n frente a las elecciones generales del pr\u00f3ximo a\u00f1o.<\/p>\n\n\n\n<p>Adem\u00e1s, no se baj\u00f3 de una posible precandidatura presidencial, aunque aclar\u00f3 que desde su espacio prioriza el debate para &#8220;jerarquizar&#8221; las discusiones internas: &#8220;Tengo disposici\u00f3n. Nos vamos a hacer cargo de lo que se haya que hacerse cargo&#8221;.<\/p>\n\n\n\n<p>Opin\u00f3 sobre el ministro de Econom\u00eda, Sergio Massa, y su paquete de medidas a casi dos meses de ingresar a la cartera que dej\u00f3 Silvina Batakis: &#8220;Me temo que un d\u00eda descubramos, no muy lejos en el tiempo, que todo esto no tiene fundamento y tengamos un disgusto muy grande&#8221;. Sin embargo, se\u00f1al\u00f3 que el ex presidente de la C\u00e1mara de Diputados logr\u00f3 cambiar la &#8220;ret\u00f3rica&#8221; al &#8220;sentido com\u00fan&#8221;.<\/p>\n\n\n\n<!--nextpage-->\n\n\n\n<h3 class=\"wp-block-heading\">03\/10\/2022 &#8211; Vidal dice que los unen los valores, sin aclarar mucho cu\u00e1les<\/h3>\n\n\n<div class=\"wp-block-image\">\n<figure class=\"aligncenter size-full is-resized\"><a href=\"https:\/\/www.laprensa.com.ar\/521002-Vidal-minimizo-la-interna-de-Juntos-por-el-Cambio.note.aspx\" target=\"_blank\" rel=\"noreferrer noopener\"><img loading=\"lazy\" decoding=\"async\" src=\"https:\/\/locomociontv.org\/wp-content\/uploads\/2022\/11\/image-4.png\" alt=\"\" class=\"wp-image-23039\" width=\"838\" height=\"911\" srcset=\"https:\/\/locomociontv.org\/wp-content\/uploads\/2022\/11\/image-4.png 571w, https:\/\/locomociontv.org\/wp-content\/uploads\/2022\/11\/image-4-276x300.png 276w\" sizes=\"auto, (max-width: 838px) 100vw, 838px\" \/><\/a><\/figure>\n<\/div>\n\n\n<p>Ante las avalanchas de cr\u00edticas que dejan los lanzamientos de Manes a Macri, Mar\u00eda Eugenia Vidal sali\u00f3 a poner pa\u00f1os fr\u00edos a la cosa. Asegur\u00f3 que cuando terminan las elecciones internas en Juntos por el Cambio trabajan unidos por que los unen los valores. Unos valores que deben ser en efectivo y cheques, ya que no se ven ni en sus gestiones anteriores ni en las presentes. <\/p>\n\n\n\n<p>Volver\u00e1 a jugar el rol de buenita, pero sabemos que esa es una fachada que a la primera de cambios deja de lado. <\/p>\n\n\n\n<!--nextpage-->\n\n\n\n<h3 class=\"wp-block-heading\">06\/10\/2022 &#8211; Reafirma Larreta candidatura presidencial<\/h3>\n\n\n\n<figure class=\"wp-block-image size-large\"><img loading=\"lazy\" decoding=\"async\" width=\"743\" height=\"1024\" src=\"https:\/\/locomociontv.org\/wp-content\/uploads\/2022\/11\/image-5-743x1024.png\" alt=\"\" class=\"wp-image-23042\" srcset=\"https:\/\/locomociontv.org\/wp-content\/uploads\/2022\/11\/image-5-743x1024.png 743w, https:\/\/locomociontv.org\/wp-content\/uploads\/2022\/11\/image-5-218x300.png 218w, https:\/\/locomociontv.org\/wp-content\/uploads\/2022\/11\/image-5-768x1059.png 768w, https:\/\/locomociontv.org\/wp-content\/uploads\/2022\/11\/image-5.png 813w\" sizes=\"auto, (max-width: 743px) 100vw, 743px\" \/><\/figure>\n\n\n\n<p>El 6 de octubre Horacio Rodr\u00edguez Larreta ante declaraciones de Macri que en Espa\u00f1a asegur\u00f3 que si ni Larreta ni Bullrich garantizan el cambio, \u00e9l entrar\u00eda al juego por la Presidencia, afirm\u00f3<strong>: <em>&#8220;Respecto de lo que dijo Mauricio, el verdadero cambio es el que estamos haciendo en la Ciudad. Lo estamos haciendo bajando la tasa del delito, la m\u00e1s baja de la historia, defendiendo las escuelas abiertas, luchando contra el cambio clim\u00e1tico&#8221;<\/em>.<\/strong><\/p>\n\n\n\n<p>Las cosas parecen perfilarse para que a Juntos por el Cambio se le sumen m\u00e1s y m\u00e1s candidatos, para todos los cargos habidos y por haber. Las rencillas de la coalici\u00f3n opositora comienzan a ser p\u00fablicas.<\/p>\n\n\n\n<!--nextpage-->\n\n\n\n<h3 class=\"wp-block-heading\">07\/10\/2022 &#8211; Patricia Bullrich tambi\u00e9n sigue firme con su candidatura<\/h3>\n\n\n\n<figure class=\"wp-block-image size-large\"><img loading=\"lazy\" decoding=\"async\" width=\"1024\" height=\"824\" src=\"https:\/\/locomociontv.org\/wp-content\/uploads\/2022\/11\/image-6-1024x824.png\" alt=\"\" class=\"wp-image-23046\" srcset=\"https:\/\/locomociontv.org\/wp-content\/uploads\/2022\/11\/image-6-1024x824.png 1024w, https:\/\/locomociontv.org\/wp-content\/uploads\/2022\/11\/image-6-300x241.png 300w, https:\/\/locomociontv.org\/wp-content\/uploads\/2022\/11\/image-6-768x618.png 768w, https:\/\/locomociontv.org\/wp-content\/uploads\/2022\/11\/image-6.png 1063w\" sizes=\"auto, (max-width: 1024px) 100vw, 1024px\" \/><\/figure>\n\n\n\n<p>En entrevista a A24, consultada por una posible candidatura presidencial de Mauricio Macri, la Presidenta del PRO sali\u00f3 a responder que ella pase lo que pase seguir\u00e1 con su postura. Mientras tanto sigue sus giras proselitistas y program\u00e1ticas como aquellas en las que se pone al frente del segregacionismo a pueblos originarios.<\/p>\n\n\n\n<p>Ya solamente en el PRO hay dos candidatos presidenciales y un tercero en espera de lo que pase con los otros dos. <\/p>\n\n\n\n<!--nextpage-->\n\n\n\n<h3 class=\"wp-block-heading\">09\/10\/2022 &#8211; Gerardo Morales se candidatea y desaf\u00eda a Macri<\/h3>\n\n\n\n<figure class=\"wp-block-image size-large\"><img loading=\"lazy\" decoding=\"async\" width=\"1024\" height=\"645\" src=\"https:\/\/locomociontv.org\/wp-content\/uploads\/2022\/11\/image-7-1024x645.png\" alt=\"\" class=\"wp-image-23049\" srcset=\"https:\/\/locomociontv.org\/wp-content\/uploads\/2022\/11\/image-7-1024x645.png 1024w, https:\/\/locomociontv.org\/wp-content\/uploads\/2022\/11\/image-7-300x189.png 300w, https:\/\/locomociontv.org\/wp-content\/uploads\/2022\/11\/image-7-768x484.png 768w, https:\/\/locomociontv.org\/wp-content\/uploads\/2022\/11\/image-7.png 1065w\" sizes=\"auto, (max-width: 1024px) 100vw, 1024px\" \/><\/figure>\n\n\n\n<p>El 9 de octubre, el Gobernador de Jujuy y precandidato a presidente por la UCR,&nbsp;Gerardo Morales, desafi\u00f3 a Mauricio Macri&nbsp;a competir en elecciones primarias para dirimir la candidatura presidencial de Juntos por el Cambio. Dijo: <strong><em>&#8220;A m\u00ed me gustar\u00eda que Macri sea candidato, as\u00ed le gano bien. Me gustar\u00eda, porque le voy a ganar, le voy a poner una paliza en las elecciones si es candidato\u201d<\/em><\/strong>.<\/p>\n\n\n\n<p>Se va sumando gente para probarse las pilchas de candidatos, la UCR ya tiene al menos uno que quiere anotarse en la carrera por la Rosada dentro de Juntos por el Cambio.<\/p>\n\n\n\n<!--nextpage-->\n\n\n\n<h3 class=\"wp-block-heading\">12\/10\/2022 &#8211; Una encuesta entusiama a Larreta<\/h3>\n\n\n<div class=\"wp-block-image\">\n<figure class=\"aligncenter size-full is-resized\"><a href=\"https:\/\/www.dosbases.com.ar\/2022\/10\/toma-ventaja-segun-encuestas-larreta-ganaria-las-internas-con-mas-votos-que-macri-y-bullrich-juntos\/\" target=\"_blank\" rel=\"noreferrer noopener\"><img loading=\"lazy\" decoding=\"async\" src=\"https:\/\/locomociontv.org\/wp-content\/uploads\/2022\/11\/image-8.png\" alt=\"\" class=\"wp-image-23051\" width=\"840\" height=\"587\" srcset=\"https:\/\/locomociontv.org\/wp-content\/uploads\/2022\/11\/image-8.png 747w, https:\/\/locomociontv.org\/wp-content\/uploads\/2022\/11\/image-8-300x210.png 300w\" sizes=\"auto, (max-width: 840px) 100vw, 840px\" \/><\/a><\/figure>\n<\/div>\n\n\n<p>Horacio Rodr\u00edguez Larreta se impondr\u00eda en una primaria de Juntos por el Cambio contra Mauricio Macri y Patricia Bullrich seg\u00fan una encuesta de Management &amp; Fit. En el Frente de Todos, Alberto le gana a Cristina, incluso en el Conurbano.<\/p>\n\n\n\n<p>El jefe de Gobierno porte\u00f1o saca ventaja frente a los halcones y acumula el 24,9% de las preferencia ante una eventual interna o primaria de Juntos por el Cambio. Tanto el ex presidente, como la ex ministra de Seguridad y Mar\u00eda Eugenia Vidal obtendr\u00edan algo m\u00e1s del 8%.<\/p>\n\n\n\n<p>En esa pregunta el sondeo tambi\u00e9n incluy\u00f3 \u00abun candidato radical como Facundo Manes o Gerardo Morales\u00bb y fue la opci\u00f3n elegida por el 16.7% de los consultados.<\/p>\n\n\n\n<p>Ante una presidencial que tuviera a Larreta compitiendo con Sergio Massa, Javier Milei y Myriam Bregman, el jefe de gobierno porte\u00f1o ganar\u00eda con el 36,1%, frente al 27,6% del ministro de Econom\u00eda, el 16.3% del diputado libertario y el 7,7% de la diputada de izquierda.<\/p>\n\n\n\n<p>Larreta quiere probarse las prendas de Presidente, pero lo hace con cautela, sin confrontar m\u00e1s que lo necesario.<\/p>\n\n\n\n<!--nextpage-->\n\n\n\n<h3 class=\"wp-block-heading\">13\/10\/2022 &#8211; Pichetto tambi\u00e9n se candidatea a Presidente por Juntos por el Cambio<\/h3>\n\n\n\n<figure class=\"wp-block-image size-full\"><img loading=\"lazy\" decoding=\"async\" width=\"828\" height=\"731\" src=\"https:\/\/locomociontv.org\/wp-content\/uploads\/2022\/11\/image-9.png\" alt=\"\" class=\"wp-image-23054\" srcset=\"https:\/\/locomociontv.org\/wp-content\/uploads\/2022\/11\/image-9.png 828w, https:\/\/locomociontv.org\/wp-content\/uploads\/2022\/11\/image-9-300x265.png 300w, https:\/\/locomociontv.org\/wp-content\/uploads\/2022\/11\/image-9-768x678.png 768w\" sizes=\"auto, (max-width: 828px) 100vw, 828px\" \/><figcaption>El titular de la Auditoria General de la Naci\u00f3n, Miguel \u00c1ngel Pichetto, se lanz\u00f3 formalmente como precandidato presidencial por Encuentro Republicano Federal para los comicios de 2023 en un acto realizado en el sindicato de gastron\u00f3micos porte\u00f1o, en el cual reivindic\u00f3 \u201cel peronismo de Per\u00f3n\u201d y prometi\u00f3 &#8220;poner orden y administraci\u00f3n\u201d en caso de ser electo.<br>El acto se desarroll\u00f3 en la sede de Grastron\u00f3micos de la Ciudad de Buenos Aires y&nbsp;cont\u00f3 con la presencia de su secretario general, Dante Cama\u00f1o, y de referentes de esa agrupaci\u00f3n como Ram\u00f3n Puerta, Alberto Piotti y unos 500 invitados de todo el pa\u00eds.<br>\u201cTodos reivindicamos nuestro origen, nuestra pertenencia desde nuestra juventud y vida que es el peronismo de Per\u00f3n, pero estamos poniendo en marcha a un nuevo partido en Argentina\u201d, remarc\u00f3 Pichetto durante su discurso, seg\u00fan se consign\u00f3 a trav\u00e9s de un comunicado difundido por la agrupaci\u00f3n que encabeza.<br>El ex Senador nacional agrego que su intenci\u00f3n es \u201cponer&nbsp;orden y administraci\u00f3n, lo mismo que dec\u00eda e hizo ese gran argentino, Julio A. Roca, y que como nunca hacen falta ahora\u201d.<\/figcaption><\/figure>\n\n\n\n<!--nextpage-->\n\n\n\n<h3 class=\"wp-block-heading\">28\/10\/2022 &#8211; Morales torea a sus rivales en la carrera presidencial<\/h3>\n\n\n\n<figure class=\"wp-block-image size-full is-resized\"><img loading=\"lazy\" decoding=\"async\" src=\"https:\/\/locomociontv.org\/wp-content\/uploads\/2022\/11\/image-12.png\" alt=\"\" class=\"wp-image-23058\" width=\"794\" height=\"884\" srcset=\"https:\/\/locomociontv.org\/wp-content\/uploads\/2022\/11\/image-12.png 794w, https:\/\/locomociontv.org\/wp-content\/uploads\/2022\/11\/image-12-269x300.png 269w, https:\/\/locomociontv.org\/wp-content\/uploads\/2022\/11\/image-12-768x855.png 768w\" sizes=\"auto, (max-width: 794px) 100vw, 794px\" \/><\/figure>\n\n\n\n<p>La desesperaci\u00f3n por los cargos ha llenado el mes de nombres y candidaturas inveros\u00edmiles, mostrando que la alianza opositora no tiene m\u00e1s cohesi\u00f3n que la matem\u00e1tica de los cargos que obtendr\u00e1n juntos y por separado. <\/p>\n\n\n\n<p>As\u00ed las cosas, el Gobernador de Jujuy, Gerardo Morales, quiso ponerse m\u00e1s picante y en declaraciones radiales dijo:<strong><em> \u201cTengo un di\u00e1logo personal con Patricia Bullrich, tambi\u00e9n con Horacio. Que tiren la moneda a ver qui\u00e9n me acompa\u00f1a\u201d<\/em><\/strong>. <\/p>\n\n\n\n<p>Asegur\u00f3 que:<strong><em> \u201cLa idea es que en el radicalismo tengamos un solo candidato. Entre marzo y abril vamos a tomar definiciones. S\u00ed creo que necesitamos un gobierno de coalici\u00f3n de verdad, no lo que pas\u00f3 entre 2015 y 2019\u201d<\/em><\/strong>. <\/p>\n\n\n\n<p>En cuanto a su candidatura reafirm\u00f3 que:<strong><em> \u201cPronto voy a lanzar mi campa\u00f1a como candidato y voy a trabajar para que el radicalismo tenga un candidato a Presidente, siempre en el marco de Juntos por el Cambio\u201d<\/em><\/strong>.<\/p>\n\n\n\n<!--nextpage-->\n\n\n\n<h3 class=\"wp-block-heading\">30\/10\/2022 &#8211; Acto en Costa Salguero de la UCR, abri\u00f3 de nuevo la interna<\/h3>\n\n\n\n<figure class=\"wp-block-image size-full\"><img loading=\"lazy\" decoding=\"async\" width=\"842\" height=\"832\" src=\"https:\/\/locomociontv.org\/wp-content\/uploads\/2022\/11\/image-13.png\" alt=\"\" class=\"wp-image-23060\" srcset=\"https:\/\/locomociontv.org\/wp-content\/uploads\/2022\/11\/image-13.png 842w, https:\/\/locomociontv.org\/wp-content\/uploads\/2022\/11\/image-13-300x296.png 300w, https:\/\/locomociontv.org\/wp-content\/uploads\/2022\/11\/image-13-768x759.png 768w\" sizes=\"auto, (max-width: 842px) 100vw, 842px\" \/><\/figure>\n\n\n\n<p>En el acto de la UCR en Costa Salguero a los 39 a\u00f1os del triunfo de Alfons\u00edn, el Gobernador de Jujuy sali\u00f3 a calentar la interna de Juntos por el Cambio y a instar al radicalismo a unirse tras \u00e9l. Dijo: <strong><em>&#8220;Voy a ser candidato. Voy a presentar la candidatura antes de fin de a\u00f1o&#8221;, anunci\u00f3 Morales. Estoy dispuesto a llevar de vice m\u00edo a alguien del PRO. Vengo de a poquito remando, vamos a llegar y con buenas chances desde el radicalismo&#8221;.<\/em><\/strong><\/p>\n\n\n\n<p>En esa l\u00ednea, insisti\u00f3 en lanzar formulas integradas entre las fuerzas para avanzar en un Gobierno de coalici\u00f3n: <strong><em>&#8220;En la Ciudad debemos lograr formulas integradas para que el gobierno sea de coalici\u00f3n. Es un aprendizaje, estamos en ese tr\u00e1nsito\u2026 en febrero, marzo vamos a tener encuentros con las experiencias de los gobiernos de coalici\u00f3n en Europa&#8221;<\/em><\/strong>.<\/p>\n\n\n\n<p>A su vez, asegur\u00f3 que el senador Mart\u00edn Lousteau ser\u00e1 candidato a jefe de Gobierno porte\u00f1o por la UCR y cuestion\u00f3 los reclamos del PRO ante su posible candidatura. <strong><em>&#8220;Mart\u00edn Lousteau ser\u00e1 uno de los candidatos, no s\u00e9 por qu\u00e9 agraviarse o cortarse las venas, es uno de los candidatos como los va a haber a nivel presidencial, digo, tranquilos&#8221;<\/em><\/strong>.<\/p>\n\n\n\n<p>En cuanto a Juntos por el Cambio dijo: <strong><em>&#8220;Somos una coalici\u00f3n de partido, no las carmelitas descalzas. Hay diferencias, lo que no podemos hacer y no debemos permitir es lo que est\u00e1 haciendo el Frente de Todos que no lleg\u00f3 con un plan y se pelean en la gesti\u00f3n de Gobierno&#8221;<\/em><\/strong>.<\/p>\n\n\n\n<p><\/p>\n<div class=\"pdfprnt-buttons pdfprnt-buttons-post pdfprnt-bottom-right\"><a href=\"https:\/\/locomociontv.org\/index.php?rest_route=%2Fwp%2Fv2%2Fposts%2F23027&print=pdf\" class=\"pdfprnt-button pdfprnt-button-pdf\" target=\"_blank\" ><img decoding=\"async\" src=\"https:\/\/locomociontv.org\/wp-content\/plugins\/pdf-print\/images\/pdf.png\" alt=\"image_pdf\" title=\"View PDF\" \/><span class=\"pdfprnt-button-title pdfprnt-button-pdf-title\">Hacer PDF<\/span><\/a><a href=\"https:\/\/locomociontv.org\/index.php?rest_route=%2Fwp%2Fv2%2Fposts%2F23027&print=print\" class=\"pdfprnt-button pdfprnt-button-print\" target=\"_blank\" ><img decoding=\"async\" src=\"https:\/\/locomociontv.org\/wp-content\/plugins\/pdf-print\/images\/print.png\" alt=\"image_print\" title=\"Print Content\" \/><span class=\"pdfprnt-button-title pdfprnt-button-print-title\">Imprimir<\/span><\/a><\/div><p>Views: 0<\/p>","protected":false},"excerpt":{"rendered":"<p>FEROZ INTERNA DE LOS &#8220;ESPUMANTES&#8221; DE JUNTOS POR EL CAMBIO Sabemos que en la alianza Juntos por el Cambio, se esfuerzan en golpearse duro y generar internas feroces que terminan a los abrazos cuando llega la hora de disputar los porotos con los otros. Por eso el nombre que le dimos en este canal a &hellip;<\/p>\n","protected":false},"author":1,"featured_media":23028,"comment_status":"open","ping_status":"open","sticky":false,"template":"","format":"video","meta":{"footnotes":""},"categories":[1],"tags":[],"class_list":["post-23027","post","type-post","status-publish","format-video","has-post-thumbnail","hentry","category-sin-categoria","post_format-post-format-video","post-dark","post-wide","has-post-thumb"],"_links":{"self":[{"href":"https:\/\/locomociontv.org\/index.php?rest_route=\/wp\/v2\/posts\/23027","targetHints":{"allow":["GET"]}}],"collection":[{"href":"https:\/\/locomociontv.org\/index.php?rest_route=\/wp\/v2\/posts"}],"about":[{"href":"https:\/\/locomociontv.org\/index.php?rest_route=\/wp\/v2\/types\/post"}],"author":[{"embeddable":true,"href":"https:\/\/locomociontv.org\/index.php?rest_route=\/wp\/v2\/users\/1"}],"replies":[{"embeddable":true,"href":"https:\/\/locomociontv.org\/index.php?rest_route=%2Fwp%2Fv2%2Fcomments&post=23027"}],"version-history":[{"count":24,"href":"https:\/\/locomociontv.org\/index.php?rest_route=\/wp\/v2\/posts\/23027\/revisions"}],"predecessor-version":[{"id":23076,"href":"https:\/\/locomociontv.org\/index.php?rest_route=\/wp\/v2\/posts\/23027\/revisions\/23076"}],"wp:featuredmedia":[{"embeddable":true,"href":"https:\/\/locomociontv.org\/index.php?rest_route=\/wp\/v2\/media\/23028"}],"wp:attachment":[{"href":"https:\/\/locomociontv.org\/index.php?rest_route=%2Fwp%2Fv2%2Fmedia&parent=23027"}],"wp:term":[{"taxonomy":"category","embeddable":true,"href":"https:\/\/locomociontv.org\/index.php?rest_route=%2Fwp%2Fv2%2Fcategories&post=23027"},{"taxonomy":"post_tag","embeddable":true,"href":"https:\/\/locomociontv.org\/index.php?rest_route=%2Fwp%2Fv2%2Ftags&post=23027"}],"curies":[{"name":"wp","href":"https:\/\/api.w.org\/{rel}","templated":true}]}}