{"id":22865,"date":"2022-10-15T19:33:43","date_gmt":"2022-10-15T22:33:43","guid":{"rendered":"https:\/\/locomociontv.org\/?p=22865"},"modified":"2022-10-15T22:35:32","modified_gmt":"2022-10-16T01:35:32","slug":"la-derecha-unificada-en-cruzada-antimapuche","status":"publish","type":"post","link":"https:\/\/locomociontv.org\/?p=22865","title":{"rendered":"La derecha unificada en cruzada antimapuche"},"content":{"rendered":"\n<figure class=\"wp-block-embed is-type-video is-provider-youtube wp-block-embed-youtube wp-embed-aspect-16-9 wp-has-aspect-ratio\"><div class=\"wp-block-embed__wrapper\">\n<iframe loading=\"lazy\" title=\"La derecha unificada en cruzada antimapuche\" width=\"818\" height=\"460\" src=\"https:\/\/www.youtube.com\/embed\/ruBBE_VleuA?feature=oembed\" frameborder=\"0\" allow=\"accelerometer; autoplay; clipboard-write; encrypted-media; gyroscope; picture-in-picture\" allowfullscreen><\/iframe>\n<\/div><\/figure>\n\n\n\n<!--nextpage-->\n\n\n\n<figure class=\"wp-block-image size-full\"><img loading=\"lazy\" decoding=\"async\" width=\"1024\" height=\"569\" src=\"https:\/\/locomociontv.org\/wp-content\/uploads\/2022\/10\/image-33.png\" alt=\"\" class=\"wp-image-22866\" srcset=\"https:\/\/locomociontv.org\/wp-content\/uploads\/2022\/10\/image-33.png 1024w, https:\/\/locomociontv.org\/wp-content\/uploads\/2022\/10\/image-33-300x167.png 300w, https:\/\/locomociontv.org\/wp-content\/uploads\/2022\/10\/image-33-768x427.png 768w\" sizes=\"auto, (max-width: 1024px) 100vw, 1024px\" \/><\/figure>\n\n\n\n<p>Los discursos de la gente de Juntos por el Cambio se unifican y endurecen con el extremo antimapuche, pidiendo palos, balas y ej\u00e9rcitos y el sometimiento expreso y definitivo al Estado Argentino, el invasor defensor del sentido com\u00fan, ese viejo reaccionario, marido de la Do\u00f1a Rosa de Neustadt antes y ahora de Aliverti.<\/p>\n\n\n\n<p>Juntos por el Cambio siempre se va a asociar con el Estado para hacer Patria, Soberan\u00eda y todas esas c\u00ednicas expresiones e identidades de la que se disfraza el mismo Estado para matar.<\/p>\n\n\n\n<p>Hoy hablan de &#8220;pseudo mapuches&#8221;, &#8220;maputruchos&#8221; o simplemente &#8220;terroristas&#8221;. Ya el 10 de octubre salieron a poner el grito en el cielo por que el Presidente se reuni\u00f3 con algunos referentes comunitarios mapuches y esa fue la chispa que unific\u00f3 a Juntos por el Cambio, alguien a qui\u00e9n dispararle y que lo hagan los que hoy son oficialismo mientras comen pochoclo tras bambalinas. Una pol\u00edtica de exterminio sin costos pol\u00edticos, tercerizada y siniestra.<\/p>\n\n\n\n<p>Pens\u00e1bamos que la opini\u00f3n diarreica y desvergonzada de L\u00f3pez Murphy (a la que ya nos hemos referido),  era extrema y solitaria, pero nos equivocamos. Ya es una cuesti\u00f3n institucional, en la derecha que en los pr\u00f3ximos d\u00edas ganar\u00eda con la cuesti\u00f3n mucho espacio en todos los medios.<\/p>\n\n\n\n<!--nextpage-->\n\n\n\n<h3 class=\"wp-block-heading\"><strong><em>11 de octubre: el d\u00eda D para el macrismo y su estrategia segregacionista<\/em><\/strong>:<\/h3>\n\n\n\n<figure class=\"wp-block-image size-full is-resized\"><a href=\"https:\/\/twitter.com\/mariuvidal\/status\/1579979661580570624\" target=\"_blank\" rel=\"noreferrer noopener\"><img loading=\"lazy\" decoding=\"async\" src=\"https:\/\/locomociontv.org\/wp-content\/uploads\/2022\/10\/image-34.png\" alt=\"\" class=\"wp-image-22868\" width=\"839\" height=\"1046\" srcset=\"https:\/\/locomociontv.org\/wp-content\/uploads\/2022\/10\/image-34.png 536w, https:\/\/locomociontv.org\/wp-content\/uploads\/2022\/10\/image-34-241x300.png 241w\" sizes=\"auto, (max-width: 839px) 100vw, 839px\" \/><\/a><figcaption><strong><em><a rel=\"noreferrer noopener\" href=\"https:\/\/twitter.com\/mariuvidal\/status\/1579979661580570624\" target=\"_blank\">11\/10\/2022 &#8211; Vidal sale a pelear una guerra santa y le pregunta al Presidente \u00bfDe que lado est\u00e1?<\/a><\/em><\/strong><\/figcaption><\/figure>\n\n\n\n<p>El 11 de octubre salieron a cargar contra les mapuches todo el que pintara en el PRO (salvo Larreta, por ahora). Destacamos, por su grado de desaprensi\u00f3n el tweet de Mar\u00eda Eugenia Vidal en la que plantea un tema de soberan\u00eda nacional, una de las variables del discurso, la otra es llamarlos &#8220;pseudo mapuches&#8221;.<\/p>\n\n\n\n<figure class=\"wp-block-image size-full is-resized\"><img loading=\"lazy\" decoding=\"async\" src=\"https:\/\/locomociontv.org\/wp-content\/uploads\/2022\/10\/image-35.png\" alt=\"\" class=\"wp-image-22870\" width=\"838\" height=\"1080\" srcset=\"https:\/\/locomociontv.org\/wp-content\/uploads\/2022\/10\/image-35.png 540w, https:\/\/locomociontv.org\/wp-content\/uploads\/2022\/10\/image-35-233x300.png 233w\" sizes=\"auto, (max-width: 838px) 100vw, 838px\" \/><\/figure>\n\n\n\n<p>Ritondo fue directamente a negar el caracter de mapuches y usa el t\u00e9rmino que se va imponer en adelante adem\u00e1s del de &#8220;terroristas&#8221;: &#8220;pseudo mapuches&#8221;. El 11 de octubre llovieron esv\u00e1sticas en los Twitter de los paraKos de la derecha oficial, imposible seguirlos y mostrarlos, leerlos es un dolor de ojos.<\/p>\n\n\n\n<figure class=\"wp-block-image size-full is-resized\"><img loading=\"lazy\" decoding=\"async\" src=\"https:\/\/locomociontv.org\/wp-content\/uploads\/2022\/10\/image-39.png\" alt=\"\" class=\"wp-image-22874\" width=\"841\" height=\"1028\" srcset=\"https:\/\/locomociontv.org\/wp-content\/uploads\/2022\/10\/image-39.png 822w, https:\/\/locomociontv.org\/wp-content\/uploads\/2022\/10\/image-39-245x300.png 245w, https:\/\/locomociontv.org\/wp-content\/uploads\/2022\/10\/image-39-768x939.png 768w\" sizes=\"auto, (max-width: 841px) 100vw, 841px\" \/><figcaption><strong><em><a rel=\"noreferrer noopener\" href=\"https:\/\/www.pagina12.com.ar\/489064-la-peligrosa-propuesta-de-patricia-bullrich-involucrar-a-las\" target=\"_blank\">11\/10\/2022 &#8211; P\u00e1gina\/12 considera peligroso el uso de las Fuerzas en Seguridad Interior, s\u00f3lo si lo hace el P<\/a><a rel=\"noreferrer noopener\" href=\"https:\/\/www.pagina12.com.ar\/489064-la-peligrosa-propuesta-de-patricia-bullrich-involucrar-a-las\" target=\"_blank\">R<\/a><a href=\"https:\/\/www.pagina12.com.ar\/489064-la-peligrosa-propuesta-de-patricia-bullrich-involucrar-a-las\" target=\"_blank\" rel=\"noreferrer noopener\">O<\/a><\/em><\/strong><\/figcaption><\/figure>\n\n\n\n<p>Patricia Bullrich, Presidenta del Pro, asegur\u00f3 que si llega al Gobierno, utilizar\u00eda a las Fuerzas Armadas para la seguridad interior, lo cual es una aberraci\u00f3n que intent\u00f3 mil veces el kirchnerismo con escaso resultado. Aunque para P\u00e1gina\/12 la cosa pareci\u00f3 ser peligrosa solo si lo dice Patricia Bullrich y no Milani, que para ellos es buenito.<\/p>\n\n\n\n<!--nextpage-->\n\n\n\n<figure class=\"wp-block-image size-full\"><img loading=\"lazy\" decoding=\"async\" width=\"884\" height=\"578\" src=\"https:\/\/locomociontv.org\/wp-content\/uploads\/2022\/10\/image-36.png\" alt=\"\" class=\"wp-image-22871\" srcset=\"https:\/\/locomociontv.org\/wp-content\/uploads\/2022\/10\/image-36.png 884w, https:\/\/locomociontv.org\/wp-content\/uploads\/2022\/10\/image-36-300x196.png 300w, https:\/\/locomociontv.org\/wp-content\/uploads\/2022\/10\/image-36-768x502.png 768w\" sizes=\"auto, (max-width: 884px) 100vw, 884px\" \/><\/figure>\n\n\n\n<p>Hasta aqu\u00ed nos faltaban escuchar algunas voces de la derecha argenta para asegurar que en la t\u00e1ctica antimapuche est\u00e1n m\u00e1s unidos que nunca. Pero, los tweets de Milei  y Macri terminaron de cerrar ese punto de unidad de la derecha vern\u00e1cula, con enemigo al cual abatir.<\/p>\n\n\n<div class=\"wp-block-image\">\n<figure class=\"aligncenter size-full is-resized\"><a href=\"https:\/\/twitter.com\/horaciorlarreta\/status\/1580956960480190464\" target=\"_blank\" rel=\"noreferrer noopener\"><img loading=\"lazy\" decoding=\"async\" src=\"https:\/\/locomociontv.org\/wp-content\/uploads\/2022\/10\/image-37.png\" alt=\"\" class=\"wp-image-22872\" width=\"842\" height=\"861\" srcset=\"https:\/\/locomociontv.org\/wp-content\/uploads\/2022\/10\/image-37.png 541w, https:\/\/locomociontv.org\/wp-content\/uploads\/2022\/10\/image-37-293x300.png 293w\" sizes=\"auto, (max-width: 842px) 100vw, 842px\" \/><\/a><\/figure>\n<\/div>\n\n\n<p>El 14 de octubre, el Jefe de Gobierno porte\u00f1o, Horacio Rodr\u00edguez Larreta, eligi\u00f3 la versi\u00f3n de los &#8220;pseudo mapuches&#8221; y le exigi\u00f3 al Gobierno mayor rudeza sobre los mismos. <\/p>\n\n\n<div class=\"wp-block-image\">\n<figure class=\"aligncenter size-full is-resized\"><a href=\"https:\/\/twitter.com\/JMilei\/status\/1580663967961083904\" target=\"_blank\" rel=\"noreferrer noopener\"><img loading=\"lazy\" decoding=\"async\" src=\"https:\/\/locomociontv.org\/wp-content\/uploads\/2022\/10\/image-38.png\" alt=\"\" class=\"wp-image-22873\" width=\"839\" height=\"319\" srcset=\"https:\/\/locomociontv.org\/wp-content\/uploads\/2022\/10\/image-38.png 537w, https:\/\/locomociontv.org\/wp-content\/uploads\/2022\/10\/image-38-300x114.png 300w\" sizes=\"auto, (max-width: 839px) 100vw, 839px\" \/><\/a><\/figure>\n<\/div>\n\n\n<p>Milei, ya el d\u00eda anterior eligi\u00f3 la f\u00f3rmula de los &#8220;maputruchos&#8221; y se puso al igual que Vidal y otros tantos del lado de pedir m\u00e1s palos y balas para las comunidades.<\/p>\n\n\n\n<p>En los pr\u00f3ximos d\u00edas esta tendencia a justificar cr\u00edmenes de Estado ir\u00e1 in crescendo, hasta llegar a niveles insoportables. Que a\u00fan debemos tolerar, la intolerancia es toda de ellos.<\/p>\n<div class=\"pdfprnt-buttons pdfprnt-buttons-post pdfprnt-bottom-right\"><a href=\"https:\/\/locomociontv.org\/index.php?rest_route=%2Fwp%2Fv2%2Fposts%2F22865&print=pdf\" class=\"pdfprnt-button pdfprnt-button-pdf\" target=\"_blank\" ><img decoding=\"async\" src=\"https:\/\/locomociontv.org\/wp-content\/plugins\/pdf-print\/images\/pdf.png\" alt=\"image_pdf\" title=\"View PDF\" \/><span class=\"pdfprnt-button-title pdfprnt-button-pdf-title\">Hacer PDF<\/span><\/a><a href=\"https:\/\/locomociontv.org\/index.php?rest_route=%2Fwp%2Fv2%2Fposts%2F22865&print=print\" class=\"pdfprnt-button pdfprnt-button-print\" target=\"_blank\" ><img decoding=\"async\" src=\"https:\/\/locomociontv.org\/wp-content\/plugins\/pdf-print\/images\/print.png\" alt=\"image_print\" title=\"Print Content\" \/><span class=\"pdfprnt-button-title pdfprnt-button-print-title\">Imprimir<\/span><\/a><\/div><p>Views: 0<\/p>","protected":false},"excerpt":{"rendered":"<p> Views: 0<\/p>\n","protected":false},"author":1,"featured_media":22874,"comment_status":"open","ping_status":"open","sticky":false,"template":"","format":"video","meta":{"footnotes":""},"categories":[1],"tags":[],"class_list":["post-22865","post","type-post","status-publish","format-video","has-post-thumbnail","hentry","category-sin-categoria","post_format-post-format-video","post-dark","post-wide","has-post-thumb"],"_links":{"self":[{"href":"https:\/\/locomociontv.org\/index.php?rest_route=\/wp\/v2\/posts\/22865","targetHints":{"allow":["GET"]}}],"collection":[{"href":"https:\/\/locomociontv.org\/index.php?rest_route=\/wp\/v2\/posts"}],"about":[{"href":"https:\/\/locomociontv.org\/index.php?rest_route=\/wp\/v2\/types\/post"}],"author":[{"embeddable":true,"href":"https:\/\/locomociontv.org\/index.php?rest_route=\/wp\/v2\/users\/1"}],"replies":[{"embeddable":true,"href":"https:\/\/locomociontv.org\/index.php?rest_route=%2Fwp%2Fv2%2Fcomments&post=22865"}],"version-history":[{"count":4,"href":"https:\/\/locomociontv.org\/index.php?rest_route=\/wp\/v2\/posts\/22865\/revisions"}],"predecessor-version":[{"id":22876,"href":"https:\/\/locomociontv.org\/index.php?rest_route=\/wp\/v2\/posts\/22865\/revisions\/22876"}],"wp:featuredmedia":[{"embeddable":true,"href":"https:\/\/locomociontv.org\/index.php?rest_route=\/wp\/v2\/media\/22874"}],"wp:attachment":[{"href":"https:\/\/locomociontv.org\/index.php?rest_route=%2Fwp%2Fv2%2Fmedia&parent=22865"}],"wp:term":[{"taxonomy":"category","embeddable":true,"href":"https:\/\/locomociontv.org\/index.php?rest_route=%2Fwp%2Fv2%2Fcategories&post=22865"},{"taxonomy":"post_tag","embeddable":true,"href":"https:\/\/locomociontv.org\/index.php?rest_route=%2Fwp%2Fv2%2Ftags&post=22865"}],"curies":[{"name":"wp","href":"https:\/\/api.w.org\/{rel}","templated":true}]}}