{"id":22487,"date":"2022-08-14T20:00:35","date_gmt":"2022-08-14T23:00:35","guid":{"rendered":"https:\/\/locomociontv.org\/?p=22487"},"modified":"2022-08-16T21:49:27","modified_gmt":"2022-08-17T00:49:27","slug":"locomocion-tv-noticias-emision-04","status":"publish","type":"post","link":"https:\/\/locomociontv.org\/?p=22487","title":{"rendered":"Locomoci\u00f3n TV Noticias &#8211; Emisi\u00f3n #04"},"content":{"rendered":"\n<h4 class=\"wp-block-heading\">Bloque #01 &#8211; Introducci\u00f3n a la Emisi\u00f3n #04<\/h4>\n\n\n\n<p>Temas a tratar:<\/p>\n\n\n\n<ul class=\"wp-block-list\"><li>Liberan a Ana, la madre correntina judicializada por sufrir un aborto espont\u00e1neo.<\/li><li>Cambian al fiscal en la causa de Facundo Astudillo Castro.<\/li><li>Novedades sin nada nuevo: avances hacia el olvido del incidente de los vuelos irregulares entre Chile y Malvinas.<\/li><li>El kirchnerismo gana las elecciones municipales en Santiago del Estero de la mano del se\u00f1or feudal local Gerardo Zamora.<\/li><li>Larreta pone presi\u00f3n a los pibes que reciben la AUH. Siniestro.<\/li><li>Sali\u00f3 la inflaci\u00f3n del mes de julio.<\/li><li>Cabandi\u00e9 sigue demostrando que su rol en el Ministerio de Ambiente es servir a las oligark\u00edas y el imperialismo.<\/li><li>Falta Rivotril en las farmacias.<\/li><li>La destrucci\u00f3n ambiental en la Provincia de C\u00f3rdoba y la Autov\u00eda 5<\/li><li>Cae la recusaci\u00f3n de Cristina Elisabet Fern\u00e1ndez al Fiscal Luciani y al Juez Gim\u00e9nez Uriburu.<\/li><li>Esta gesti\u00f3n del Frente de Todos es una Massa.<\/li><li>Un queso de bola en la Rosada: nuestro Presidente es un dibujo.<\/li><\/ul>\n\n\n\n<figure class=\"wp-block-embed is-type-video is-provider-youtube wp-block-embed-youtube wp-embed-aspect-16-9 wp-has-aspect-ratio\"><div class=\"wp-block-embed__wrapper\">\n<iframe loading=\"lazy\" title=\"Locomoci\u00f3n TV Noticias \u2013 Emisi\u00f3n #04 - Bloque #01\" width=\"818\" height=\"460\" src=\"https:\/\/www.youtube.com\/embed\/4Hwia2-QUAw?list=PL8Vh50wrvniw9LagQROdjYna_OOMg4-gM\" frameborder=\"0\" allow=\"accelerometer; autoplay; clipboard-write; encrypted-media; gyroscope; picture-in-picture\" allowfullscreen><\/iframe>\n<\/div><\/figure>\n\n\n\n<!--nextpage-->\n\n\n\n<h4 class=\"wp-block-heading\">Bloque #02<\/h4>\n\n\n\n<p>Temas:<\/p>\n\n\n\n<ul class=\"wp-block-list\"><li><em><strong>00:00 &#8211; <\/strong><\/em>Liberan a Ana, la madre correntina judicializada por sufrir un aborto espont\u00e1neo.<\/li><li><strong><em>01:31 &#8211; <\/em><\/strong>Nuevo fiscal en la causa de Facundo Astudillo Castro.<\/li><li><strong><em>02:17 &#8211; <\/em><\/strong>Caen las recusaciones de CFK sobre el juez Gim\u00e9nez Uriburu y los fiscales Luciani y Mola.<\/li><li><strong><em>05:02 &#8211; <\/em><\/strong>Novedades sobre el incidente de los vuelos irregulares entre Chile y Malvinas.<\/li><li><strong><em>05:41 &#8211; <\/em><\/strong>El 11 de agosto pasado el INDEC inform\u00f3 la inflaci\u00f3n del mes de julio de 2022.<\/li><li><strong><em>06:27 &#8211; <\/em><\/strong><span style=\"color: initial;\">Falta Rivotril en las farmacias del pa\u00eds.<\/span><\/li><\/ul>\n\n\n\n<figure class=\"wp-block-embed is-type-video is-provider-youtube wp-block-embed-youtube wp-embed-aspect-16-9 wp-has-aspect-ratio\"><div class=\"wp-block-embed__wrapper\">\n<iframe loading=\"lazy\" title=\"Locomoci\u00f3n TV Noticias #04 - Bloque #02\" width=\"818\" height=\"460\" src=\"https:\/\/www.youtube.com\/embed\/vRwMg-8Xz24?feature=oembed\" frameborder=\"0\" allow=\"accelerometer; autoplay; clipboard-write; encrypted-media; gyroscope; picture-in-picture\" allowfullscreen><\/iframe>\n<\/div><\/figure>\n\n\n\n<!--nextpage-->\n\n\n\n<h4 class=\"wp-block-heading\">Bloque #03:<\/h4>\n\n\n\n<ul class=\"wp-block-list\"><li>00:00 &#8211; La debilidad del Gobierno se hace sentir y m\u00e1s en la intervenci\u00f3n estatal en temas de la Pacha con incapaces como Cabandi\u00e9 al frente de la cosa. <\/li><li>06:22 &#8211; Heroica lucha de las asambleas cordobesas contra la destrucci\u00f3n ambiental que produce la Autov\u00eda 5.<\/li><\/ul>\n\n\n\n<figure class=\"wp-block-embed is-type-video is-provider-youtube wp-block-embed-youtube wp-embed-aspect-16-9 wp-has-aspect-ratio\"><div class=\"wp-block-embed__wrapper\">\n<iframe loading=\"lazy\" title=\"Locomoci\u00f3n TV Noticias #04 -Bloque #03\" width=\"818\" height=\"460\" src=\"https:\/\/www.youtube.com\/embed\/P2HwLcm6jKY?feature=oembed\" frameborder=\"0\" allow=\"accelerometer; autoplay; clipboard-write; encrypted-media; gyroscope; picture-in-picture\" allowfullscreen><\/iframe>\n<\/div><\/figure>\n\n\n\n<!--nextpage-->\n\n\n\n<h4 class=\"wp-block-heading\">Bloque #04:<\/h4>\n\n\n\n<ul class=\"wp-block-list\"><li><strong><em>00:00 &#8211; <\/em><\/strong>Victoria del oficialista Frente C\u00edvico por Santiago en las elecciones municipales de Santiago del Estero. <\/li><li><strong><em>01:03 &#8211; <\/em><\/strong>Larreta le pone presi\u00f3n a los pibes pobres cuyas familias reciben ayuda del Estado. <\/li><li><strong><em>04:55 &#8211; <\/em><\/strong>En la Rosada tenemos un dibujo al que le llaman &#8220;Se\u00f1or Presidente&#8221;. <\/li><li><strong><em>09:08 &#8211; <\/em><\/strong>La gesti\u00f3n de Gobierno es una aut\u00e9ntica Massa.<\/li><\/ul>\n\n\n\n<figure class=\"wp-block-embed is-type-video is-provider-youtube wp-block-embed-youtube wp-embed-aspect-16-9 wp-has-aspect-ratio\"><div class=\"wp-block-embed__wrapper\">\n<iframe loading=\"lazy\" title=\"Locomoci\u00f3n TV Noticias #04 - Bloque #04\" width=\"818\" height=\"460\" src=\"https:\/\/www.youtube.com\/embed\/w0JQ6j9W8Pk?feature=oembed\" frameborder=\"0\" allow=\"accelerometer; autoplay; clipboard-write; encrypted-media; gyroscope; picture-in-picture\" allowfullscreen><\/iframe>\n<\/div><\/figure>\n<div class=\"pdfprnt-buttons pdfprnt-buttons-post pdfprnt-bottom-right\"><a href=\"https:\/\/locomociontv.org\/index.php?rest_route=%2Fwp%2Fv2%2Fposts%2F22487&print=pdf\" class=\"pdfprnt-button pdfprnt-button-pdf\" target=\"_blank\" ><img decoding=\"async\" src=\"https:\/\/locomociontv.org\/wp-content\/plugins\/pdf-print\/images\/pdf.png\" alt=\"image_pdf\" title=\"View PDF\" \/><span class=\"pdfprnt-button-title pdfprnt-button-pdf-title\">Hacer PDF<\/span><\/a><a href=\"https:\/\/locomociontv.org\/index.php?rest_route=%2Fwp%2Fv2%2Fposts%2F22487&print=print\" class=\"pdfprnt-button pdfprnt-button-print\" target=\"_blank\" ><img decoding=\"async\" src=\"https:\/\/locomociontv.org\/wp-content\/plugins\/pdf-print\/images\/print.png\" alt=\"image_print\" title=\"Print Content\" \/><span class=\"pdfprnt-button-title pdfprnt-button-print-title\">Imprimir<\/span><\/a><\/div><p>Views: 0<\/p>","protected":false},"excerpt":{"rendered":"<p>Bloque #01 &#8211; Introducci\u00f3n a la Emisi\u00f3n #04 Temas a tratar: Liberan a Ana, la madre correntina judicializada por sufrir un aborto espont\u00e1neo. Cambian al fiscal en la causa de Facundo Astudillo Castro. Novedades sin nada nuevo: avances hacia el olvido del incidente de los vuelos irregulares entre Chile y Malvinas. El kirchnerismo gana las &hellip;<\/p>\n","protected":false},"author":1,"featured_media":22490,"comment_status":"open","ping_status":"open","sticky":false,"template":"","format":"video","meta":{"footnotes":""},"categories":[105,106,9,6],"tags":[],"class_list":["post-22487","post","type-post","status-publish","format-video","has-post-thumbnail","hentry","category-locomocion-tv-noticias","category-locomocion-tv-noticias-el-estado-de-las-luchas","category-politica-nacional","category-programas","post_format-post-format-video","post-dark","post-wide","has-post-thumb"],"_links":{"self":[{"href":"https:\/\/locomociontv.org\/index.php?rest_route=\/wp\/v2\/posts\/22487","targetHints":{"allow":["GET"]}}],"collection":[{"href":"https:\/\/locomociontv.org\/index.php?rest_route=\/wp\/v2\/posts"}],"about":[{"href":"https:\/\/locomociontv.org\/index.php?rest_route=\/wp\/v2\/types\/post"}],"author":[{"embeddable":true,"href":"https:\/\/locomociontv.org\/index.php?rest_route=\/wp\/v2\/users\/1"}],"replies":[{"embeddable":true,"href":"https:\/\/locomociontv.org\/index.php?rest_route=%2Fwp%2Fv2%2Fcomments&post=22487"}],"version-history":[{"count":7,"href":"https:\/\/locomociontv.org\/index.php?rest_route=\/wp\/v2\/posts\/22487\/revisions"}],"predecessor-version":[{"id":22499,"href":"https:\/\/locomociontv.org\/index.php?rest_route=\/wp\/v2\/posts\/22487\/revisions\/22499"}],"wp:featuredmedia":[{"embeddable":true,"href":"https:\/\/locomociontv.org\/index.php?rest_route=\/wp\/v2\/media\/22490"}],"wp:attachment":[{"href":"https:\/\/locomociontv.org\/index.php?rest_route=%2Fwp%2Fv2%2Fmedia&parent=22487"}],"wp:term":[{"taxonomy":"category","embeddable":true,"href":"https:\/\/locomociontv.org\/index.php?rest_route=%2Fwp%2Fv2%2Fcategories&post=22487"},{"taxonomy":"post_tag","embeddable":true,"href":"https:\/\/locomociontv.org\/index.php?rest_route=%2Fwp%2Fv2%2Ftags&post=22487"}],"curies":[{"name":"wp","href":"https:\/\/api.w.org\/{rel}","templated":true}]}}