{"id":22449,"date":"2022-08-06T17:39:49","date_gmt":"2022-08-06T20:39:49","guid":{"rendered":"https:\/\/locomociontv.org\/?p=22449"},"modified":"2022-08-06T17:39:49","modified_gmt":"2022-08-06T20:39:49","slug":"argentina-pide-explicaciones-vuelos-irregulares-entre-chile-y-las-islas-malvinas","status":"publish","type":"post","link":"https:\/\/locomociontv.org\/?p=22449","title":{"rendered":"Argentina pide explicaciones: vuelos irregulares entre Chile y las Islas Malvinas"},"content":{"rendered":"\n<p>Radares de la Rep\u00fablica Argentina detectaron al menos cinco vuelos irregulares entre Chile y las Islas Malvinas entre los d\u00eda 27 y 30 de julio, violando el espacio a\u00e9reo argentino. El Gobernador de Tierra del Fuego calific\u00f3 al hecho como de extrema gravedad. El mismo personaje aprovech\u00f3 la ocasi\u00f3n para pedir m\u00e1s fierros y platita para las Fuerzas Armadas. Lo de siempre con este Gobierno del Hambre y sus vasallos: pura espuma en el reclamo en si y mangazo para quedar bien con el milicaje. <\/p>\n\n\n\n<p>El Ministerio de Defensa inform\u00f3 de los hechos al Gobierno mientras eval\u00faan qu\u00e9 hacer o como pedirle &#8220;porfis porfis&#8221; a Boric que les cuente qu\u00e9 pas\u00f3. Finalmente se conoci\u00f3 que Canciller\u00eda solicit\u00f3 informaci\u00f3n sobre el particular al Gobierno de Chile a traves de su embajador en Santiago. Ante la lentitud del Gobierno argentino, muy preocupado por la tensi\u00f3n social dentro del pa\u00eds, el Gobierno chileno les gan\u00f3 de mano y ya hab\u00eda salido a hacer control de da\u00f1os ante la prensa local negando la existencia de esos vuelos directamente.<\/p>\n\n\n\n<p>No vamos a cargar m\u00e1s las tintas sobre este tema, lo cierto es que el Gobierno de Chile huele la debilidad del argentino y se la hace sentir. No podemos pretender m\u00e1s que dar verg\u00fcenza con una diplomacia peronista m\u00e1s preocupada en mendigar d\u00f3lares que cualquier otra cosa. <\/p>\n<div class=\"pdfprnt-buttons pdfprnt-buttons-post pdfprnt-bottom-right\"><a href=\"https:\/\/locomociontv.org\/index.php?rest_route=%2Fwp%2Fv2%2Fposts%2F22449&print=pdf\" class=\"pdfprnt-button pdfprnt-button-pdf\" target=\"_blank\" ><img decoding=\"async\" src=\"https:\/\/locomociontv.org\/wp-content\/plugins\/pdf-print\/images\/pdf.png\" alt=\"image_pdf\" title=\"View PDF\" \/><span class=\"pdfprnt-button-title pdfprnt-button-pdf-title\">Hacer PDF<\/span><\/a><a href=\"https:\/\/locomociontv.org\/index.php?rest_route=%2Fwp%2Fv2%2Fposts%2F22449&print=print\" class=\"pdfprnt-button pdfprnt-button-print\" target=\"_blank\" ><img decoding=\"async\" src=\"https:\/\/locomociontv.org\/wp-content\/plugins\/pdf-print\/images\/print.png\" alt=\"image_print\" title=\"Print Content\" \/><span class=\"pdfprnt-button-title pdfprnt-button-print-title\">Imprimir<\/span><\/a><\/div><p>Views: 0<\/p>","protected":false},"excerpt":{"rendered":"<p>Radares de la Rep\u00fablica Argentina detectaron al menos cinco vuelos irregulares entre Chile y las Islas Malvinas entre los d\u00eda 27 y 30 de julio, violando el espacio a\u00e9reo argentino. El Gobernador de Tierra del Fuego calific\u00f3 al hecho como de extrema gravedad. El mismo personaje aprovech\u00f3 la ocasi\u00f3n para pedir m\u00e1s fierros y platita &hellip;<\/p>\n","protected":false},"author":1,"featured_media":22450,"comment_status":"open","ping_status":"open","sticky":false,"template":"","format":"standard","meta":{"footnotes":""},"categories":[106,15,9,6],"tags":[],"class_list":["post-22449","post","type-post","status-publish","format-standard","has-post-thumbnail","hentry","category-locomocion-tv-noticias-el-estado-de-las-luchas","category-politica-internacional","category-politica-nacional","category-programas","post-bright","has-post-thumb"],"_links":{"self":[{"href":"https:\/\/locomociontv.org\/index.php?rest_route=\/wp\/v2\/posts\/22449","targetHints":{"allow":["GET"]}}],"collection":[{"href":"https:\/\/locomociontv.org\/index.php?rest_route=\/wp\/v2\/posts"}],"about":[{"href":"https:\/\/locomociontv.org\/index.php?rest_route=\/wp\/v2\/types\/post"}],"author":[{"embeddable":true,"href":"https:\/\/locomociontv.org\/index.php?rest_route=\/wp\/v2\/users\/1"}],"replies":[{"embeddable":true,"href":"https:\/\/locomociontv.org\/index.php?rest_route=%2Fwp%2Fv2%2Fcomments&post=22449"}],"version-history":[{"count":2,"href":"https:\/\/locomociontv.org\/index.php?rest_route=\/wp\/v2\/posts\/22449\/revisions"}],"predecessor-version":[{"id":22452,"href":"https:\/\/locomociontv.org\/index.php?rest_route=\/wp\/v2\/posts\/22449\/revisions\/22452"}],"wp:featuredmedia":[{"embeddable":true,"href":"https:\/\/locomociontv.org\/index.php?rest_route=\/wp\/v2\/media\/22450"}],"wp:attachment":[{"href":"https:\/\/locomociontv.org\/index.php?rest_route=%2Fwp%2Fv2%2Fmedia&parent=22449"}],"wp:term":[{"taxonomy":"category","embeddable":true,"href":"https:\/\/locomociontv.org\/index.php?rest_route=%2Fwp%2Fv2%2Fcategories&post=22449"},{"taxonomy":"post_tag","embeddable":true,"href":"https:\/\/locomociontv.org\/index.php?rest_route=%2Fwp%2Fv2%2Ftags&post=22449"}],"curies":[{"name":"wp","href":"https:\/\/api.w.org\/{rel}","templated":true}]}}