{"id":22356,"date":"2022-07-21T11:05:28","date_gmt":"2022-07-21T14:05:28","guid":{"rendered":"https:\/\/locomociontv.org\/?p=22356"},"modified":"2022-07-21T11:05:30","modified_gmt":"2022-07-21T14:05:30","slug":"locomocion-tv-noticias-emision-01","status":"publish","type":"post","link":"https:\/\/locomociontv.org\/?p=22356","title":{"rendered":"Locomoci\u00f3n TV &#8211; Noticias &#8211; Emisi\u00f3n #01"},"content":{"rendered":"\n<p>Hola amigues:<\/p>\n\n\n\n<p>Sean bienvenides a la primera emisi\u00f3n de Locomoci\u00f3n TV &#8211; Noticias: un espacio informativo donde desarrollaremos los temas m\u00e1s importantes de cada semana.<\/p>\n\n\n\n<ul class=\"wp-block-list\"><li>00:00 &#8211; Introducci\u00f3n a Locomoci\u00f3n TV &#8211; Noticias<\/li><li>00:25 &#8211; Se cumplen dos a\u00f1os de lo que se ha dado en llamar el Olivos Gate. Para nosotros, en adelante celebraremos cada 14 de julio el D\u00eda del HDP.<\/li><li>01:06 &#8211; Los n\u00fameros de la inflaci\u00f3n de julio, al menos los reconocidos por el INDEC.<\/li><li>01:54 &#8211; Rossi: la pasi\u00f3n por la violencia estatal y la defensa de la impunidad de los poderosos.<\/li><li>06:34 &#8211; Sergio Massa re\u00fane al Frente Renovador con el fin de posicionarse y pedir lo que crea que le pertenece de la gran repartija estatal.<\/li><li>07:24 &#8211; El Ministro de Educaci\u00f3n sali\u00f3 al ruedo con el proyecto que se pasen los partidos del Mundial de Qatar 2022 en las escuelas.<\/li><li>08:20 &#8211; Mientras el Gobierno se re\u00fane con piqueteros afines, el Poder Judicial manda allanar locales de la Corriente Clasista y Combativa en la Aut\u00f3noma y el Conurbano.<\/li><li>09:10 &#8211; Los Movimientos Sociales se movilizan reclamando contra los ajustes del cogobierno del FMI en pol\u00edticas sociales.<\/li><li>10:35 &#8211; Cierre de la Emisi\u00f3n.<\/li><\/ul>\n\n\n\n<figure class=\"wp-block-embed is-type-video is-provider-youtube wp-block-embed-youtube wp-embed-aspect-16-9 wp-has-aspect-ratio\"><div class=\"wp-block-embed__wrapper\">\n<iframe loading=\"lazy\" title=\"Locomoci\u00f3n TV \u2013 Noticias \u2013 Emisi\u00f3n #01\" width=\"818\" height=\"460\" src=\"https:\/\/www.youtube.com\/embed\/TcOgkhXFc94?feature=oembed\" frameborder=\"0\" allow=\"accelerometer; autoplay; clipboard-write; encrypted-media; gyroscope; picture-in-picture\" allowfullscreen><\/iframe>\n<\/div><\/figure>\n<div class=\"pdfprnt-buttons pdfprnt-buttons-post pdfprnt-bottom-right\"><a href=\"https:\/\/locomociontv.org\/index.php?rest_route=%2Fwp%2Fv2%2Fposts%2F22356&print=pdf\" class=\"pdfprnt-button pdfprnt-button-pdf\" target=\"_blank\" ><img decoding=\"async\" src=\"https:\/\/locomociontv.org\/wp-content\/plugins\/pdf-print\/images\/pdf.png\" alt=\"image_pdf\" title=\"View PDF\" \/><span class=\"pdfprnt-button-title pdfprnt-button-pdf-title\">Hacer PDF<\/span><\/a><a href=\"https:\/\/locomociontv.org\/index.php?rest_route=%2Fwp%2Fv2%2Fposts%2F22356&print=print\" class=\"pdfprnt-button pdfprnt-button-print\" target=\"_blank\" ><img decoding=\"async\" src=\"https:\/\/locomociontv.org\/wp-content\/plugins\/pdf-print\/images\/print.png\" alt=\"image_print\" title=\"Print Content\" \/><span class=\"pdfprnt-button-title pdfprnt-button-print-title\">Imprimir<\/span><\/a><\/div><p>Views: 0<\/p>","protected":false},"excerpt":{"rendered":"<p>Hola amigues: Sean bienvenides a la primera emisi\u00f3n de Locomoci\u00f3n TV &#8211; Noticias: un espacio informativo donde desarrollaremos los temas m\u00e1s importantes de cada semana. 00:00 &#8211; Introducci\u00f3n a Locomoci\u00f3n TV &#8211; Noticias 00:25 &#8211; Se cumplen dos a\u00f1os de lo que se ha dado en llamar el Olivos Gate. Para nosotros, en adelante celebraremos &hellip;<\/p>\n","protected":false},"author":1,"featured_media":22357,"comment_status":"open","ping_status":"open","sticky":false,"template":"","format":"video","meta":{"footnotes":""},"categories":[1],"tags":[],"class_list":["post-22356","post","type-post","status-publish","format-video","has-post-thumbnail","hentry","category-sin-categoria","post_format-post-format-video","post-dark","post-wide","has-post-thumb"],"_links":{"self":[{"href":"https:\/\/locomociontv.org\/index.php?rest_route=\/wp\/v2\/posts\/22356","targetHints":{"allow":["GET"]}}],"collection":[{"href":"https:\/\/locomociontv.org\/index.php?rest_route=\/wp\/v2\/posts"}],"about":[{"href":"https:\/\/locomociontv.org\/index.php?rest_route=\/wp\/v2\/types\/post"}],"author":[{"embeddable":true,"href":"https:\/\/locomociontv.org\/index.php?rest_route=\/wp\/v2\/users\/1"}],"replies":[{"embeddable":true,"href":"https:\/\/locomociontv.org\/index.php?rest_route=%2Fwp%2Fv2%2Fcomments&post=22356"}],"version-history":[{"count":3,"href":"https:\/\/locomociontv.org\/index.php?rest_route=\/wp\/v2\/posts\/22356\/revisions"}],"predecessor-version":[{"id":22360,"href":"https:\/\/locomociontv.org\/index.php?rest_route=\/wp\/v2\/posts\/22356\/revisions\/22360"}],"wp:featuredmedia":[{"embeddable":true,"href":"https:\/\/locomociontv.org\/index.php?rest_route=\/wp\/v2\/media\/22357"}],"wp:attachment":[{"href":"https:\/\/locomociontv.org\/index.php?rest_route=%2Fwp%2Fv2%2Fmedia&parent=22356"}],"wp:term":[{"taxonomy":"category","embeddable":true,"href":"https:\/\/locomociontv.org\/index.php?rest_route=%2Fwp%2Fv2%2Fcategories&post=22356"},{"taxonomy":"post_tag","embeddable":true,"href":"https:\/\/locomociontv.org\/index.php?rest_route=%2Fwp%2Fv2%2Ftags&post=22356"}],"curies":[{"name":"wp","href":"https:\/\/api.w.org\/{rel}","templated":true}]}}