{"id":21986,"date":"2022-05-10T00:59:22","date_gmt":"2022-05-10T03:59:22","guid":{"rendered":"https:\/\/locomociontv.org\/?p=21986"},"modified":"2022-05-10T00:59:22","modified_gmt":"2022-05-10T03:59:22","slug":"novedades-en-el-caso-de-santiago-maldonado","status":"publish","type":"post","link":"https:\/\/locomociontv.org\/?p=21986","title":{"rendered":"Novedades en el caso de Santiago Maldonado"},"content":{"rendered":"\n<p>En declaraciones a LRA9 &#8211; Radio Nacional de Esquel, el pasado 4 de mayo, Sergio Maldonado confirm\u00f3 la declaraci\u00f3n de un testigo en la causa que indicar\u00eda que Santiago Maldonado (algo que supimos desde un principio) fue detenido-desaparecido y que su deceso se produjo a causa de los abusos perpetrados por funcionarios de Gendarmer\u00eda Nacional Argentina. Tal declaraci\u00f3n, pondr\u00eda de nuevo la cuesti\u00f3n en que el Estado deber\u00e1 responder muchas preguntas m\u00e1s de las que su corta paciencia soporta hoy.<\/p>\n\n\n\n<p>Habr\u00e1 que esperar en los pr\u00f3ximos d\u00edas para saber si \u00e9sto dar\u00eda un giro enorme en materia judicial a la causa o si la desfachatez de los poderosos est\u00e1 blindada en los Tribunales.<\/p>\n<div class=\"pdfprnt-buttons pdfprnt-buttons-post pdfprnt-bottom-right\"><a href=\"https:\/\/locomociontv.org\/index.php?rest_route=%2Fwp%2Fv2%2Fposts%2F21986&print=pdf\" class=\"pdfprnt-button pdfprnt-button-pdf\" target=\"_blank\" ><img decoding=\"async\" src=\"https:\/\/locomociontv.org\/wp-content\/plugins\/pdf-print\/images\/pdf.png\" alt=\"image_pdf\" title=\"View PDF\" \/><span class=\"pdfprnt-button-title pdfprnt-button-pdf-title\">Hacer PDF<\/span><\/a><a href=\"https:\/\/locomociontv.org\/index.php?rest_route=%2Fwp%2Fv2%2Fposts%2F21986&print=print\" class=\"pdfprnt-button pdfprnt-button-print\" target=\"_blank\" ><img decoding=\"async\" src=\"https:\/\/locomociontv.org\/wp-content\/plugins\/pdf-print\/images\/print.png\" alt=\"image_print\" title=\"Print Content\" \/><span class=\"pdfprnt-button-title pdfprnt-button-print-title\">Imprimir<\/span><\/a><\/div><p>Views: 0<\/p>","protected":false},"excerpt":{"rendered":"<p>En declaraciones a LRA9 &#8211; Radio Nacional de Esquel, el pasado 4 de mayo, Sergio Maldonado confirm\u00f3 la declaraci\u00f3n de un testigo en la causa que indicar\u00eda que Santiago Maldonado (algo que supimos desde un principio) fue detenido-desaparecido y que su deceso se produjo a causa de los abusos perpetrados por funcionarios de Gendarmer\u00eda Nacional &hellip;<\/p>\n","protected":false},"author":1,"featured_media":21990,"comment_status":"open","ping_status":"open","sticky":false,"template":"","format":"standard","meta":{"footnotes":""},"categories":[18,46,20,89,36,35,11,73,7,83,8,23,2,38,44,9,39,6,5],"tags":[],"class_list":["post-21986","post","type-post","status-publish","format-standard","has-post-thumbnail","hentry","category-aborto-legal","category-accion-antinazi","category-aparatos-de-represion-de-estado","category-causas-armadas","category-crimenes-de-lesa-humanidad","category-crimenes-de-odio","category-derechos-humanos","category-desparecidos-en-democracia","category-el-estado-de-las-luchas","category-el-heraldo-furioso","category-el-irreverente","category-fracking","category-luchas-por-la-pacha","category-lumpenes-y-pinekertons","category-persecusiones-politicas","category-politica-nacional","category-precarizacion-y-estafas","category-programas","category-pueblo-originarios","post-bright","has-post-thumb"],"_links":{"self":[{"href":"https:\/\/locomociontv.org\/index.php?rest_route=\/wp\/v2\/posts\/21986","targetHints":{"allow":["GET"]}}],"collection":[{"href":"https:\/\/locomociontv.org\/index.php?rest_route=\/wp\/v2\/posts"}],"about":[{"href":"https:\/\/locomociontv.org\/index.php?rest_route=\/wp\/v2\/types\/post"}],"author":[{"embeddable":true,"href":"https:\/\/locomociontv.org\/index.php?rest_route=\/wp\/v2\/users\/1"}],"replies":[{"embeddable":true,"href":"https:\/\/locomociontv.org\/index.php?rest_route=%2Fwp%2Fv2%2Fcomments&post=21986"}],"version-history":[{"count":3,"href":"https:\/\/locomociontv.org\/index.php?rest_route=\/wp\/v2\/posts\/21986\/revisions"}],"predecessor-version":[{"id":21991,"href":"https:\/\/locomociontv.org\/index.php?rest_route=\/wp\/v2\/posts\/21986\/revisions\/21991"}],"wp:featuredmedia":[{"embeddable":true,"href":"https:\/\/locomociontv.org\/index.php?rest_route=\/wp\/v2\/media\/21990"}],"wp:attachment":[{"href":"https:\/\/locomociontv.org\/index.php?rest_route=%2Fwp%2Fv2%2Fmedia&parent=21986"}],"wp:term":[{"taxonomy":"category","embeddable":true,"href":"https:\/\/locomociontv.org\/index.php?rest_route=%2Fwp%2Fv2%2Fcategories&post=21986"},{"taxonomy":"post_tag","embeddable":true,"href":"https:\/\/locomociontv.org\/index.php?rest_route=%2Fwp%2Fv2%2Ftags&post=21986"}],"curies":[{"name":"wp","href":"https:\/\/api.w.org\/{rel}","templated":true}]}}