{"id":21833,"date":"2022-04-07T17:52:25","date_gmt":"2022-04-07T20:52:25","guid":{"rendered":"https:\/\/locomociontv.org\/?p=21833"},"modified":"2022-04-07T17:52:27","modified_gmt":"2022-04-07T20:52:27","slug":"acoso-policial-a-vecinas-y-vecinos-de-san-roque-en-lucha-por-la-madre-tierra","status":"publish","type":"post","link":"https:\/\/locomociontv.org\/?p=21833","title":{"rendered":"Acoso policial a Vecinas y Vecinos de San Roque en lucha por la Madre Tierra"},"content":{"rendered":"\n<figure class=\"wp-block-gallery has-nested-images columns-default is-cropped wp-block-gallery-1 is-layout-flex wp-block-gallery-is-layout-flex\">\n<figure class=\"wp-block-image size-large\"><img loading=\"lazy\" decoding=\"async\" width=\"1024\" height=\"576\" data-id=\"21837\" src=\"https:\/\/locomociontv.org\/wp-content\/uploads\/2022\/04\/sanroque01-1024x576.jpeg\" alt=\"\" class=\"wp-image-21837\" srcset=\"https:\/\/locomociontv.org\/wp-content\/uploads\/2022\/04\/sanroque01-1024x576.jpeg 1024w, https:\/\/locomociontv.org\/wp-content\/uploads\/2022\/04\/sanroque01-300x169.jpeg 300w, https:\/\/locomociontv.org\/wp-content\/uploads\/2022\/04\/sanroque01-768x432.jpeg 768w, https:\/\/locomociontv.org\/wp-content\/uploads\/2022\/04\/sanroque01-1536x864.jpeg 1536w, https:\/\/locomociontv.org\/wp-content\/uploads\/2022\/04\/sanroque01.jpeg 1599w\" sizes=\"auto, (max-width: 1024px) 100vw, 1024px\" \/><\/figure>\n\n\n\n<figure class=\"wp-block-image size-large\"><img loading=\"lazy\" decoding=\"async\" width=\"1024\" height=\"576\" data-id=\"21834\" src=\"https:\/\/locomociontv.org\/wp-content\/uploads\/2022\/04\/sanroque02-1024x576.jpeg\" alt=\"\" class=\"wp-image-21834\" srcset=\"https:\/\/locomociontv.org\/wp-content\/uploads\/2022\/04\/sanroque02-1024x576.jpeg 1024w, https:\/\/locomociontv.org\/wp-content\/uploads\/2022\/04\/sanroque02-300x169.jpeg 300w, https:\/\/locomociontv.org\/wp-content\/uploads\/2022\/04\/sanroque02-768x432.jpeg 768w, https:\/\/locomociontv.org\/wp-content\/uploads\/2022\/04\/sanroque02-1536x864.jpeg 1536w, https:\/\/locomociontv.org\/wp-content\/uploads\/2022\/04\/sanroque02.jpeg 1599w\" sizes=\"auto, (max-width: 1024px) 100vw, 1024px\" \/><\/figure>\n\n\n\n<figure class=\"wp-block-image size-large\"><img loading=\"lazy\" decoding=\"async\" width=\"1024\" height=\"576\" data-id=\"21836\" src=\"https:\/\/locomociontv.org\/wp-content\/uploads\/2022\/04\/sanroque03-1024x576.jpeg\" alt=\"\" class=\"wp-image-21836\" srcset=\"https:\/\/locomociontv.org\/wp-content\/uploads\/2022\/04\/sanroque03-1024x576.jpeg 1024w, https:\/\/locomociontv.org\/wp-content\/uploads\/2022\/04\/sanroque03-300x169.jpeg 300w, https:\/\/locomociontv.org\/wp-content\/uploads\/2022\/04\/sanroque03-768x432.jpeg 768w, https:\/\/locomociontv.org\/wp-content\/uploads\/2022\/04\/sanroque03-1536x864.jpeg 1536w, https:\/\/locomociontv.org\/wp-content\/uploads\/2022\/04\/sanroque03.jpeg 1599w\" sizes=\"auto, (max-width: 1024px) 100vw, 1024px\" \/><\/figure>\n\n\n\n<figure class=\"wp-block-image size-large\"><img loading=\"lazy\" decoding=\"async\" width=\"1024\" height=\"576\" data-id=\"21835\" src=\"https:\/\/locomociontv.org\/wp-content\/uploads\/2022\/04\/sanroque04-1024x576.jpeg\" alt=\"\" class=\"wp-image-21835\" srcset=\"https:\/\/locomociontv.org\/wp-content\/uploads\/2022\/04\/sanroque04-1024x576.jpeg 1024w, https:\/\/locomociontv.org\/wp-content\/uploads\/2022\/04\/sanroque04-300x169.jpeg 300w, https:\/\/locomociontv.org\/wp-content\/uploads\/2022\/04\/sanroque04-768x432.jpeg 768w, https:\/\/locomociontv.org\/wp-content\/uploads\/2022\/04\/sanroque04-1536x864.jpeg 1536w, https:\/\/locomociontv.org\/wp-content\/uploads\/2022\/04\/sanroque04.jpeg 1599w\" sizes=\"auto, (max-width: 1024px) 100vw, 1024px\" \/><\/figure>\n<\/figure>\n\n\n\n<figure class=\"wp-block-audio aligncenter\"><audio controls src=\"https:\/\/locomociontv.org\/wp-content\/uploads\/2022\/04\/WhatsApp-Audio-2022-04-07-at-3.32.21-PM.ogg\"><\/audio><figcaption>Una compa\u00f1era del lugar nos informa de la situaci\u00f3n de acoso policial<\/figcaption><\/figure>\n\n\n\n<p>Hace mucho tiempo, desde el mismo momento en que surgi\u00f3 el ecocida proyecto de una Autov\u00eda sobre el Lago San Roque, Vecinas y Vecinos Autoconvocados se han expresado por diversos medios y han implementado diversas iniciativas pac\u00edficas contra el proyecto.<\/p>\n\n\n\n<p>El poder hoy no admite el m\u00e1s m\u00ednimo desliz de oposici\u00f3n a sus proyectos para llevarse puesta la Madre Tierra. Por eso, este tarde la Polic\u00eda est\u00e1 molestando y acosando a los manifestantes exigi\u00e9ndoles el fin de la protesta que llevan a cabo, so pena de llev\u00e1rselos detenidos.<\/p>\n\n\n\n<p>La arbitrariedad de la medida nos ahorra comentar mucho m\u00e1s. Desde Locomoci\u00f3n TV solamente exigimos el inmediato retiro de la tropa policial y que se permita que los manifestantes se expresen como hasta ahora. No han violado ninguna ley, ni las m\u00e1s absurdas de este sistema como la antiterrorista, por lo cual estamos ante una persecuci\u00f3n por razones pol\u00edticas inadmisibles y que deben cesar inmediatamente.<\/p>\n<div class=\"pdfprnt-buttons pdfprnt-buttons-post pdfprnt-bottom-right\"><a href=\"https:\/\/locomociontv.org\/index.php?rest_route=%2Fwp%2Fv2%2Fposts%2F21833&print=pdf\" class=\"pdfprnt-button pdfprnt-button-pdf\" target=\"_blank\" ><img decoding=\"async\" src=\"https:\/\/locomociontv.org\/wp-content\/plugins\/pdf-print\/images\/pdf.png\" alt=\"image_pdf\" title=\"View PDF\" \/><span class=\"pdfprnt-button-title pdfprnt-button-pdf-title\">Hacer PDF<\/span><\/a><a href=\"https:\/\/locomociontv.org\/index.php?rest_route=%2Fwp%2Fv2%2Fposts%2F21833&print=print\" class=\"pdfprnt-button pdfprnt-button-print\" target=\"_blank\" ><img decoding=\"async\" src=\"https:\/\/locomociontv.org\/wp-content\/plugins\/pdf-print\/images\/print.png\" alt=\"image_print\" title=\"Print Content\" \/><span class=\"pdfprnt-button-title pdfprnt-button-print-title\">Imprimir<\/span><\/a><\/div><p>Views: 1<\/p>","protected":false},"excerpt":{"rendered":"<p>Hace mucho tiempo, desde el mismo momento en que surgi\u00f3 el ecocida proyecto de una Autov\u00eda sobre el Lago San Roque, Vecinas y Vecinos Autoconvocados se han expresado por diversos medios y han implementado diversas iniciativas pac\u00edficas contra el proyecto. El poder hoy no admite el m\u00e1s m\u00ednimo desliz de oposici\u00f3n a sus proyectos para &hellip;<\/p>\n","protected":false},"author":1,"featured_media":21838,"comment_status":"open","ping_status":"open","sticky":false,"template":"","format":"standard","meta":{"footnotes":""},"categories":[57,4,20,71,89,17,36,35,11,7,83,8,28,23,52,16,42,10,26,2,38,31,12,44,9,39,53,6,5],"tags":[],"class_list":["post-21833","post","type-post","status-publish","format-standard","has-post-thumbnail","hentry","category-abuso-de-poder","category-agrotoxicos","category-aparatos-de-represion-de-estado","category-burradas-del-poder","category-causas-armadas","category-corruptelas-varias","category-crimenes-de-lesa-humanidad","category-crimenes-de-odio","category-derechos-humanos","category-el-estado-de-las-luchas","category-el-heraldo-furioso","category-el-irreverente","category-extractivismo-urbano","category-fracking","category-gente-de-lucha","category-lecturas-irreverentes","category-ley-de-glaciares","category-luchas-de-mujeres","category-luchas-por-la-educacion","category-luchas-por-la-pacha","category-lumpenes-y-pinekertons","category-megamineria","category-mision-gringo-panza-verde","category-persecusiones-politicas","category-politica-nacional","category-precarizacion-y-estafas","category-primavera-sin-monsantto","category-programas","category-pueblo-originarios","post-bright","has-post-thumb"],"_links":{"self":[{"href":"https:\/\/locomociontv.org\/index.php?rest_route=\/wp\/v2\/posts\/21833","targetHints":{"allow":["GET"]}}],"collection":[{"href":"https:\/\/locomociontv.org\/index.php?rest_route=\/wp\/v2\/posts"}],"about":[{"href":"https:\/\/locomociontv.org\/index.php?rest_route=\/wp\/v2\/types\/post"}],"author":[{"embeddable":true,"href":"https:\/\/locomociontv.org\/index.php?rest_route=\/wp\/v2\/users\/1"}],"replies":[{"embeddable":true,"href":"https:\/\/locomociontv.org\/index.php?rest_route=%2Fwp%2Fv2%2Fcomments&post=21833"}],"version-history":[{"count":3,"href":"https:\/\/locomociontv.org\/index.php?rest_route=\/wp\/v2\/posts\/21833\/revisions"}],"predecessor-version":[{"id":21842,"href":"https:\/\/locomociontv.org\/index.php?rest_route=\/wp\/v2\/posts\/21833\/revisions\/21842"}],"wp:featuredmedia":[{"embeddable":true,"href":"https:\/\/locomociontv.org\/index.php?rest_route=\/wp\/v2\/media\/21838"}],"wp:attachment":[{"href":"https:\/\/locomociontv.org\/index.php?rest_route=%2Fwp%2Fv2%2Fmedia&parent=21833"}],"wp:term":[{"taxonomy":"category","embeddable":true,"href":"https:\/\/locomociontv.org\/index.php?rest_route=%2Fwp%2Fv2%2Fcategories&post=21833"},{"taxonomy":"post_tag","embeddable":true,"href":"https:\/\/locomociontv.org\/index.php?rest_route=%2Fwp%2Fv2%2Ftags&post=21833"}],"curies":[{"name":"wp","href":"https:\/\/api.w.org\/{rel}","templated":true}]}}