{"id":21404,"date":"2021-11-12T21:59:44","date_gmt":"2021-11-13T00:59:44","guid":{"rendered":"https:\/\/locomociontv.org\/?p=21404"},"modified":"2021-11-12T22:01:30","modified_gmt":"2021-11-13T01:01:30","slug":"el-estado-de-las-luchas-emision-de-emergencia-otra-represion-en-chaco","status":"publish","type":"post","link":"https:\/\/locomociontv.org\/?p=21404","title":{"rendered":"El Estado de las Luchas &#8211; Emisi\u00f3n de Emergencia: otra represi\u00f3n en Chaco"},"content":{"rendered":"\n<p>Desde Locomoci\u00f3n TV nos hemos anoticiado de la acci\u00f3n represiva de la Polic\u00eda del Chaco contra los manifestantes de la Marcha del Pueblo de Quitilipi en el mediod\u00eda de hoy. Adem\u00e1s de generar cuantiosos heridos, a\u00fan no contabilizados, produjeron 30 detenciones y alojaron a los compa\u00f1eros detenidos en las menudas instalaciones de la Comisar\u00eda Segunda de Presidencia Roque S\u00e1enz Pe\u00f1a.<\/p>\n\n\n\n<p>De esta represi\u00f3n hacemos responsables por igual al impresentable Fiscal Cristian Aranda y al Gobernador Jorge Milton Capitanich, que durante estos d\u00edas solamente mintieron a los compa\u00f1eros de Quitilipi y hoy decidieron escarmentarlos. <\/p>\n\n\n\n<p>Ayer el Gobernador se declaraba Mes\u00edas y desde ese lugar, que no habla muy bien al menos de sus facultades mentales, perseguir y reprimir a aquellos que no los obedezcan. <\/p>\n\n\n\n<p>Queremos expresar nuestro m\u00e1s en\u00e9rgico repudio a los tres poderes de la Provincia que act\u00faan como agencias de servicios de represi\u00f3n para los poderosos locales.<\/p>\n\n\n\n<figure class=\"wp-block-embed is-type-video is-provider-youtube wp-block-embed-youtube wp-embed-aspect-16-9 wp-has-aspect-ratio\"><div class=\"wp-block-embed__wrapper\">\n<iframe loading=\"lazy\" title=\"El Estado de las Luchas - Emisi\u00f3n de Emergencia: otra represi\u00f3n en Chaco\" width=\"818\" height=\"460\" src=\"https:\/\/www.youtube.com\/embed\/IpUxJQHvQ_w?feature=oembed\" frameborder=\"0\" allow=\"accelerometer; autoplay; clipboard-write; encrypted-media; gyroscope; picture-in-picture\" allowfullscreen><\/iframe>\n<\/div><\/figure>\n<div class=\"pdfprnt-buttons pdfprnt-buttons-post pdfprnt-bottom-right\"><a href=\"https:\/\/locomociontv.org\/index.php?rest_route=%2Fwp%2Fv2%2Fposts%2F21404&print=pdf\" class=\"pdfprnt-button pdfprnt-button-pdf\" target=\"_blank\" ><img decoding=\"async\" src=\"https:\/\/locomociontv.org\/wp-content\/plugins\/pdf-print\/images\/pdf.png\" alt=\"image_pdf\" title=\"View PDF\" \/><span class=\"pdfprnt-button-title pdfprnt-button-pdf-title\">Hacer PDF<\/span><\/a><a href=\"https:\/\/locomociontv.org\/index.php?rest_route=%2Fwp%2Fv2%2Fposts%2F21404&print=print\" class=\"pdfprnt-button pdfprnt-button-print\" target=\"_blank\" ><img decoding=\"async\" src=\"https:\/\/locomociontv.org\/wp-content\/plugins\/pdf-print\/images\/print.png\" alt=\"image_print\" title=\"Print Content\" \/><span class=\"pdfprnt-button-title pdfprnt-button-print-title\">Imprimir<\/span><\/a><\/div><p>Views: 0<\/p>","protected":false},"excerpt":{"rendered":"<p>Desde Locomoci\u00f3n TV nos hemos anoticiado de la acci\u00f3n represiva de la Polic\u00eda del Chaco contra los manifestantes de la Marcha del Pueblo de Quitilipi en el mediod\u00eda de hoy. Adem\u00e1s de generar cuantiosos heridos, a\u00fan no contabilizados, produjeron 30 detenciones y alojaron a los compa\u00f1eros detenidos en las menudas instalaciones de la Comisar\u00eda Segunda &hellip;<\/p>\n","protected":false},"author":1,"featured_media":21391,"comment_status":"open","ping_status":"open","sticky":false,"template":"","format":"video","meta":{"footnotes":""},"categories":[46,20,71,89,17,36,35,59,70,11,73,48,7,83,8,16,72,25,38,93,44,9,39,6,94,37],"tags":[],"class_list":["post-21404","post","type-post","status-publish","format-video","has-post-thumbnail","hentry","category-accion-antinazi","category-aparatos-de-represion-de-estado","category-burradas-del-poder","category-causas-armadas","category-corruptelas-varias","category-crimenes-de-lesa-humanidad","category-crimenes-de-odio","category-crisis-sanitaria-en-la-argentina","category-derecho-a-la-salud","category-derechos-humanos","category-desparecidos-en-democracia","category-discapacidad","category-el-estado-de-las-luchas","category-el-heraldo-furioso","category-el-irreverente","category-lecturas-irreverentes","category-locuras-en-pandemia-2020","category-luchas-de-clase","category-lumpenes-y-pinekertons","category-marcha-a-resistencia","category-persecusiones-politicas","category-politica-nacional","category-precarizacion-y-estafas","category-programas","category-proseltitismo-extremo","category-violencias-contra-las-mujeres","post_format-post-format-video","post-dark","post-wide","has-post-thumb"],"_links":{"self":[{"href":"https:\/\/locomociontv.org\/index.php?rest_route=\/wp\/v2\/posts\/21404","targetHints":{"allow":["GET"]}}],"collection":[{"href":"https:\/\/locomociontv.org\/index.php?rest_route=\/wp\/v2\/posts"}],"about":[{"href":"https:\/\/locomociontv.org\/index.php?rest_route=\/wp\/v2\/types\/post"}],"author":[{"embeddable":true,"href":"https:\/\/locomociontv.org\/index.php?rest_route=\/wp\/v2\/users\/1"}],"replies":[{"embeddable":true,"href":"https:\/\/locomociontv.org\/index.php?rest_route=%2Fwp%2Fv2%2Fcomments&post=21404"}],"version-history":[{"count":2,"href":"https:\/\/locomociontv.org\/index.php?rest_route=\/wp\/v2\/posts\/21404\/revisions"}],"predecessor-version":[{"id":21406,"href":"https:\/\/locomociontv.org\/index.php?rest_route=\/wp\/v2\/posts\/21404\/revisions\/21406"}],"wp:featuredmedia":[{"embeddable":true,"href":"https:\/\/locomociontv.org\/index.php?rest_route=\/wp\/v2\/media\/21391"}],"wp:attachment":[{"href":"https:\/\/locomociontv.org\/index.php?rest_route=%2Fwp%2Fv2%2Fmedia&parent=21404"}],"wp:term":[{"taxonomy":"category","embeddable":true,"href":"https:\/\/locomociontv.org\/index.php?rest_route=%2Fwp%2Fv2%2Fcategories&post=21404"},{"taxonomy":"post_tag","embeddable":true,"href":"https:\/\/locomociontv.org\/index.php?rest_route=%2Fwp%2Fv2%2Ftags&post=21404"}],"curies":[{"name":"wp","href":"https:\/\/api.w.org\/{rel}","templated":true}]}}