{"id":20997,"date":"2021-10-05T20:00:00","date_gmt":"2021-10-05T23:00:00","guid":{"rendered":"https:\/\/locomociontv.org\/?p=20997"},"modified":"2021-10-06T05:05:11","modified_gmt":"2021-10-06T08:05:11","slug":"perpetua-para-los-asesinos-de-facundo-ferreira","status":"publish","type":"post","link":"https:\/\/locomociontv.org\/?p=20997","title":{"rendered":"\u00a1Perpetua para los asesinos de Facundo Ferreira!"},"content":{"rendered":"\n<p>En el d\u00eda de hoy, la C\u00e1mara Conclusional de Tucum\u00e1n conden\u00f3 a prisi\u00f3n perpetua a los polic\u00edas Mauro Gabriel D\u00edaz C\u00e1ceres y Nicol\u00e1s Javier Gonz\u00e1lez Montes de Oca.<br>En la madrugada del 8 de marzo de 2018, Facundo Ferreira(12) viajaba en moto con un amigo, cuando C\u00e1ceres y Montes de Oca comenzaron a perseguirlos. Durante la persecusi\u00f3n, sacaron su arma reglamentaria y dispararon contra los chicos.<br>Uno de los disparos impact\u00f3 en la nuca de Facundo Ferreira y lo asesin\u00f3 en el acto.<\/p>\n\n\n\n<p>M\u00e1s de tres a\u00f1os despu\u00e9s, con la lucha incansable de la familia de Facundo y las organizaciones sociales, pol\u00edticas y de DDHH que lxs acompa\u00f1aron, se hizo justicia y se conden\u00f3 con la pena m\u00e1xima al gatillo f\u00e1cil.<\/p>\n\n\n\n<p>\u00a1Basta de gatillo f\u00e1cil!<br>\u00a1El estado es responsable!<\/p>\n<div class=\"pdfprnt-buttons pdfprnt-buttons-post pdfprnt-bottom-right\"><a href=\"https:\/\/locomociontv.org\/index.php?rest_route=%2Fwp%2Fv2%2Fposts%2F20997&print=pdf\" class=\"pdfprnt-button pdfprnt-button-pdf\" target=\"_blank\" ><img decoding=\"async\" src=\"https:\/\/locomociontv.org\/wp-content\/plugins\/pdf-print\/images\/pdf.png\" alt=\"image_pdf\" title=\"View PDF\" \/><span class=\"pdfprnt-button-title pdfprnt-button-pdf-title\">Hacer PDF<\/span><\/a><a href=\"https:\/\/locomociontv.org\/index.php?rest_route=%2Fwp%2Fv2%2Fposts%2F20997&print=print\" class=\"pdfprnt-button pdfprnt-button-print\" target=\"_blank\" ><img decoding=\"async\" src=\"https:\/\/locomociontv.org\/wp-content\/plugins\/pdf-print\/images\/print.png\" alt=\"image_print\" title=\"Print Content\" \/><span class=\"pdfprnt-button-title pdfprnt-button-print-title\">Imprimir<\/span><\/a><\/div><p>Views: 0<\/p>","protected":false},"excerpt":{"rendered":"<p>En el d\u00eda de hoy, la C\u00e1mara Conclusional de Tucum\u00e1n conden\u00f3 a prisi\u00f3n perpetua a los polic\u00edas Mauro Gabriel D\u00edaz C\u00e1ceres y Nicol\u00e1s Javier Gonz\u00e1lez Montes de Oca.En la madrugada del 8 de marzo de 2018, Facundo Ferreira(12) viajaba en moto con un amigo, cuando C\u00e1ceres y Montes de Oca comenzaron a perseguirlos. Durante la &hellip;<\/p>\n","protected":false},"author":1,"featured_media":20998,"comment_status":"open","ping_status":"open","sticky":false,"template":"","format":"standard","meta":{"footnotes":""},"categories":[57,20,89,36,35,11,7,83,8,16,25,38,44,9,39,6],"tags":[],"class_list":["post-20997","post","type-post","status-publish","format-standard","has-post-thumbnail","hentry","category-abuso-de-poder","category-aparatos-de-represion-de-estado","category-causas-armadas","category-crimenes-de-lesa-humanidad","category-crimenes-de-odio","category-derechos-humanos","category-el-estado-de-las-luchas","category-el-heraldo-furioso","category-el-irreverente","category-lecturas-irreverentes","category-luchas-de-clase","category-lumpenes-y-pinekertons","category-persecusiones-politicas","category-politica-nacional","category-precarizacion-y-estafas","category-programas","post-bright","has-post-thumb","small-thumb"],"_links":{"self":[{"href":"https:\/\/locomociontv.org\/index.php?rest_route=\/wp\/v2\/posts\/20997","targetHints":{"allow":["GET"]}}],"collection":[{"href":"https:\/\/locomociontv.org\/index.php?rest_route=\/wp\/v2\/posts"}],"about":[{"href":"https:\/\/locomociontv.org\/index.php?rest_route=\/wp\/v2\/types\/post"}],"author":[{"embeddable":true,"href":"https:\/\/locomociontv.org\/index.php?rest_route=\/wp\/v2\/users\/1"}],"replies":[{"embeddable":true,"href":"https:\/\/locomociontv.org\/index.php?rest_route=%2Fwp%2Fv2%2Fcomments&post=20997"}],"version-history":[{"count":1,"href":"https:\/\/locomociontv.org\/index.php?rest_route=\/wp\/v2\/posts\/20997\/revisions"}],"predecessor-version":[{"id":20999,"href":"https:\/\/locomociontv.org\/index.php?rest_route=\/wp\/v2\/posts\/20997\/revisions\/20999"}],"wp:featuredmedia":[{"embeddable":true,"href":"https:\/\/locomociontv.org\/index.php?rest_route=\/wp\/v2\/media\/20998"}],"wp:attachment":[{"href":"https:\/\/locomociontv.org\/index.php?rest_route=%2Fwp%2Fv2%2Fmedia&parent=20997"}],"wp:term":[{"taxonomy":"category","embeddable":true,"href":"https:\/\/locomociontv.org\/index.php?rest_route=%2Fwp%2Fv2%2Fcategories&post=20997"},{"taxonomy":"post_tag","embeddable":true,"href":"https:\/\/locomociontv.org\/index.php?rest_route=%2Fwp%2Fv2%2Ftags&post=20997"}],"curies":[{"name":"wp","href":"https:\/\/api.w.org\/{rel}","templated":true}]}}