{"id":20882,"date":"2021-09-15T17:51:39","date_gmt":"2021-09-15T20:51:39","guid":{"rendered":"https:\/\/locomociontv.org\/?p=20882"},"modified":"2021-09-15T17:51:40","modified_gmt":"2021-09-15T20:51:40","slug":"algunas-reflexiones-sobre-las-paso-setiembre-2021","status":"publish","type":"post","link":"https:\/\/locomociontv.org\/?p=20882","title":{"rendered":"ALGUNAS REFLEXIONES SOBRE LAS PASO (SETIEMBRE 2021)"},"content":{"rendered":"\n<div class=\"wp-block-image\"><figure class=\"alignleft\"><img decoding=\"async\" src=\"https:\/\/scontent.faep9-1.fna.fbcdn.net\/v\/t39.30808-6\/241995673_10224902289880569_8532337408576528931_n.jpg?_nc_cat=104&amp;ccb=1-5&amp;_nc_sid=730e14&amp;_nc_eui2=AeE5yH59QSoIw8n1AQsYWuzGL8pJIBYkWN4vykkgFiRY3iPcRCWzpGdbKc1ZoAwRmkipr8MvRJwfg87OE8vi1m37&amp;_nc_ohc=RtVOJ1BIRJMAX9Vx61X&amp;_nc_ht=scontent.faep9-1.fna&amp;oh=a509224adf4dd9d41d3218c216632577&amp;oe=6146BD04\" alt=\"Puede ser una ilustraci\u00f3n\"\/><\/figure><\/div>\n\n\n\n<p class=\"has-text-align-right\"><strong><em><a href=\"https:\/\/www.facebook.com\/gustavo.robles.3388\" target=\"_blank\" rel=\"noreferrer noopener\">por Gustavo Robles<\/a><\/em><\/strong><\/p>\n\n\n\n<p>El gobierno recibi\u00f3 una paliza hist\u00f3rica, como nunca sufri\u00f3 el peronismo a\u00fan perdiendo en otras ocasiones. Con los 6.774.427 votos conseguidos el domingo, respecto de las generales del 2019 (12.946.037), perdi\u00f3 la enormidad de 6.171.610 votos. Si se quiere medir respecto de las PASO 2019 (12.205.938), perdi\u00f3 la friolera de 5.431.511.<br>Sin dudas muchos ungieron a la f\u00f3rmula Fern\u00e1ndez-Fern\u00e1ndez en 2019 para echar a Macri y creyendo \u2013c\u00e1ndidamente- que el FDT pod\u00eda cambiar de ra\u00edz lo hecho (mejor dicho lo destruido) por el fugador serial y su Banda de Ceos. Evidentemente muchos de ellos no le perdonan que s\u00f3lo se haya dedicado a administrar la herencia de los globos amarillos y lo demostraron en las urnas. No es gratis optar por los empresarios y el FMI en lugar de por el pueblo. No es gratis el salvaje ajuste del gobierno de los Fern\u00e1ndez.<br>Esto ha profundizado la tensi\u00f3n interna en el oficialismo, entre el kirchnerismo que exige cambios a la pol\u00edtica del gobierno \u2013que s\u00f3lo implican intentar repartir algunas migajas m\u00e1s que las que ahora se reparten a las masas populares; ni de lejos se les pasa por la cabeza algo as\u00ed como los programas de La Falda o Huerta Grande que el propio peronismo supo engendrar- y el albertismo-massismo que quiere seguir con su completa genuflexi\u00f3n a los dictados del poder econ\u00f3mico.<\/p>\n\n\n\n<p>El \u201cvoto castigo\u201d, a pesar de los titulares de los diarios y medios de comunicaci\u00f3n, afect\u00f3 tambi\u00e9n a la derecha criminal de los Juntos por el Cambio, que respecto del 2019 tambi\u00e9n perdi\u00f3 millones: con sus 8.714.544 votos, perdi\u00f3 respecto de las generales 2019 (10.811.586), 2.097.042 de votos. Respecto de las PASO, sum\u00f3 592.855 votos. Lo que parece ser su techo, porque en noviembre dif\u00edcilmente puedan aspirar a sumar mucho m\u00e1s que los 642.568 votos conseguidos por la derecha fascista encarnada por Milei y Espert.<\/p>\n\n\n\n<p>El fen\u00f3meno de la \u201cderechizaci\u00f3n\u201d del electorado s\u00f3lo se percibe en los medios de comunicaci\u00f3n. Algo as\u00ed como en las pel\u00edculas de Holywood parecen haber ganado los yanquis en Vietnam: la realidad es otra cosa. Los yanquis perdieron en Vietnam y aqu\u00ed y ahora la derecha parece no avanzar tanto \u2013sino todo lo contrario- en las preferencias populares, comparado con la \u2013para los par\u00e1metros en los que se maneja- buena elecci\u00f3n de la izquierda (sobre todo el FITU, que en estas circunstancias acaricia su cielo so\u00f1ado, al recibir parte de la estampida de votantes que huy\u00f3 espantado del FDT, al menos en las urnas, y por ahora). Para los medios de comunicaci\u00f3n, voceros del sistema de explotaci\u00f3n, los poco m\u00e1s de 600mil votos de la impresentable dupla nazi (Milei-Espert) valen m\u00e1s que los 1.033.321 del FITU y los cientos de miles m\u00e1s sumados por Zamora, Altamira y el resto de la izquierda electoralera.<\/p>\n\n\n\n<p>Lo que mostraron las PASO del domingo pasado es otra cosa<br>La participaci\u00f3n del 65,73% del electorado es la m\u00e1s baja de la historia, no s\u00f3lo de las PASO, sino de las generales. Incluso m\u00e1s baja que en el 2001, cuando particip\u00f3 el 75% del padr\u00f3n (y despu\u00e9s pas\u00f3 lo que pas\u00f3\u2026).<br>El 34,27% de los habilitados para votar SE AUSENT\u00d3, es decir \u00a1\u00a1 11.781.731 personas!!<br>De los que votaron, 1.442.609 lo hicieron en blanco a anularon su voto, introduciendo en los sobres im\u00e1genes de, entre otros, carpinchos, Messi, Scaloni o insultos varios a la clase pol\u00edtica del sistema.<br>A esos 13.224.340 (suma de los ausentes + voto blanco + anulados) expresiones de bronca popular pueden sum\u00e1rseles los 1.033.321 del FITU (lo que da 14.257.661). Si sumamos el resto de los votos a las diferentes expresiones de la izquierda, el voto BRONCA rondar\u00eda los 15 millones de personas: el 43% del padr\u00f3n electoral. Una cantidad que ning\u00fan presidente electo desde la recuperaci\u00f3n de la \u201cdemocracia\u201d pudo ara\u00f1ar siquiera (los porcentajes esgrimidos en todas las elecciones son medidos respecto del total de votos, no del padr\u00f3n).<\/p>\n\n\n\n<!--nextpage-->\n\n\n\n<h4 class=\"wp-block-heading\">LO QUE SE EXPRES\u00d3 EL DOMINGO FUE LA BRONCA POPULAR<\/h4>\n\n\n\n<div class=\"wp-block-image\"><figure class=\"alignright\"><img decoding=\"async\" src=\"https:\/\/scontent.faep9-1.fna.fbcdn.net\/v\/t39.30808-6\/241995673_10224902289880569_8532337408576528931_n.jpg?_nc_cat=104&amp;ccb=1-5&amp;_nc_sid=730e14&amp;_nc_eui2=AeE5yH59QSoIw8n1AQsYWuzGL8pJIBYkWN4vykkgFiRY3iPcRCWzpGdbKc1ZoAwRmkipr8MvRJwfg87OE8vi1m37&amp;_nc_ohc=RtVOJ1BIRJMAX9Vx61X&amp;_nc_ht=scontent.faep9-1.fna&amp;oh=a509224adf4dd9d41d3218c216632577&amp;oe=6146BD04\" alt=\"Puede ser una ilustraci\u00f3n\"\/><\/figure><\/div>\n\n\n\n<p>Es posible que en noviembre los guarismos cambien. Es posible que muchos de los que el pasado domingo repudiaron al gobierno lo voten, como acto instintivo de supervivencia ante el peligro amarillo.<br>Institucionalmente, tendr\u00e1 valor la formalidad de noviembre.<br>Pero lo concreto, lo central, lo que hay que tener en cuenta \u2013porque va a determinar sin dudas el porvenir de este pa\u00eds-, es el humor social que qued\u00f3 plasmado en las \u00faltimas PASO. Esa bronca, esa rabia, viene acumul\u00e1ndose desde hace a\u00f1os, d\u00e9cadas, por el traslado incesante de riqueza desde las mayor\u00edas populares hacia la minor\u00eda due\u00f1a del poder econ\u00f3mico, que se plasma en la pobreza, en la indigencia, en el hambre de millones, en una deuda que tomaron y fugaron empresarios, terratenientes, ceos y sus gobiernos, pero que paga el pueblo con sudor y sufrimiento; en el d\u00e9ficit de viviendas dignas, en la represi\u00f3n por ocupar tierras bald\u00edas; en la falta de trabajo, y en la sobra de precarizaci\u00f3n. Las clases dominantes y sus instrumentos institucionales y de comunicaci\u00f3n querr\u00e1n barrer esa rabia bajo la alfombra de la formalidad institucional, pero como el sol, esa rabia est\u00e1\u2026 y est\u00e1 creciendo. Y su expresi\u00f3n en las urnas puede trasladarse a las calles cualquier d\u00eda de los que vendr\u00e1n.<br>La sociedad argentina es un volc\u00e1n que puede entrar en erupci\u00f3n en cualquier momento.<\/p>\n\n\n\n<p>En el marco de este diagn\u00f3stico, con la bronca popular a flor de piel y creciendo, parece un contrasentido para quienes se pretendan revolucionarios, querer encausarla dentro del sistema que est\u00e1 siendo cuestionado, m\u00e1s por necesidad e instinto que por ideolog\u00eda, pero cuestionado al fin.<br>Si la obligaci\u00f3n de todo revolucionario es hacer la Revoluci\u00f3n, la tarea es sin dudas hacer madurar las condiciones para ello, por m\u00e1s lejos que est\u00e9. La tarea de la hora no es llamar a votar dentro de un sistema que genera la realidad que las masas cuestionan y hasta repudian, si no todo lo contrario. Si las condiciones sociales son peores que las del 2001, en lugar de encausar la bronca hacia las urnas, hay que agitar la rebeli\u00f3n.<\/p>\n\n\n\n<p>Encausar la bronca. Denunciar la farsa democr\u00e1tica, se\u00f1alar con claridad las causas de todos los males populares, llenar de volantes y afiches cada plaza, calle, f\u00e1brica, universidad o terminal del pa\u00eds, pintar las paredes desde Ushuaia a La Quiaca, movilizar contra los centros de poder, llamar a la unidad de acci\u00f3n a las fuerzas revolucionarias, convocar al pueblo a boicotear las elecciones.<br>Derruir la legitimidad de toda la institucionalidad de este pa\u00eds que concentra la riqueza en pocas manos condenando a la angustia y la pobreza a las mayor\u00edas populares es el camino entonces.<br>Se\u00f1alar que otra forma de organizar la sociedad es posible, una donde nadie viva del sudor ajeno y donde los medios de producci\u00f3n, de servicio y la tierra se socialicen entre todos los seres humanos.<\/p>\n\n\n\n<p>Quien piense que semejante tarea puede llevarla a cabo por s\u00ed s\u00f3lo \u2013sea el grupo que sea-, no s\u00f3lo le miente al pueblo: se miente a s\u00ed mismo. La divisi\u00f3n es funcional al inter\u00e9s de las clases dominantes y su sistema. Se avizoran tiempos turbulentos en el horizonte y s\u00f3lo la unidad de los que pretenden cambiar la realidad de ra\u00edz har\u00e1 posible enfrentarlos con coherencia. La izquierda no puede repetir la experiencia del 2001. Hacer lo correcto puede hacer la diferencia. Si eso ocurre, entonces esta vez la historia puede ser otra.<\/p>\n\n\n\n<!--nextpage-->\n\n\n\n<h4 class=\"wp-block-heading\">Anexo<\/h4>\n\n\n\n<p><em><strong>PASO setiembre 2021<\/strong><\/em><\/p>\n\n\n\n<p>Padr\u00f3n<br>34.385.460<\/p>\n\n\n\n<p>Total votos<br>22.603.729<br>65.73% del padr\u00f3n<\/p>\n\n\n\n<p>Votos positivos<br>21.134.011<br>61.46% del padr\u00f3n<\/p>\n\n\n\n<p>Ausentes<br>11.781.741<br>34.26% del padr\u00f3n<\/p>\n\n\n\n<p>Blanco<br>827.120<br>2.40% del padr\u00f3n<\/p>\n\n\n\n<p>Nulo<br>615.489<br>1.78% del padr\u00f3n<\/p>\n\n\n\n<p>Blanco + nulo<br>1.452.609<br>4.19% del padr\u00f3n<\/p>\n\n\n\n<p>Ausentes+ blanco + nulo<br>13.224.340<br>38.45% del padr\u00f3n<\/p>\n\n\n\n<p>Votos por principales partidos o frentes<\/p>\n\n\n\n<p>JXC<br>8.714.544<br>25.34% del padr\u00f3n<\/p>\n\n\n\n<p>FDT<br>6.774.427<br>19.70% del padr\u00f3n<\/p>\n\n\n\n<p>FITU<br>1.033.321<br>3% del padr\u00f3n<\/p>\n\n\n\n<p>Milei-Spert<br>642.568<br>1.86% del padr\u00f3n<\/p>\n\n\n\n<p><strong><em>PASO 2019<\/em><\/strong><\/p>\n\n\n\n<p>Padr\u00f3n<br>34.231.895<\/p>\n\n\n\n<p>Total de votos<br>25.861.050<br>75.54%<\/p>\n\n\n\n<p>Ausentes:<br>7.983.890<br>23.32%<\/p>\n\n\n\n<p>Blanco<br>758.955<br>2.21%<\/p>\n\n\n\n<p>Nulo-Impugnado<br>335.726<br>0.98%<\/p>\n\n\n\n<p>FDT<br>Generales 12.946.037<br>PASO 12.205.938<\/p>\n\n\n\n<p>JXC<br>Generales 10.812.586<br>PASO 8.121.689<\/p>\n\n\n\n<p>FITU<br>Generales 579.228<br>PASO 723.147<\/p>\n<p>Visits: 0<\/p>","protected":false},"excerpt":{"rendered":"<p>por Gustavo Robles El gobierno recibi\u00f3 una paliza hist\u00f3rica, como nunca sufri\u00f3 el peronismo a\u00fan perdiendo en otras ocasiones. Con los 6.774.427 votos conseguidos el domingo, respecto de las generales del 2019 (12.946.037), perdi\u00f3 la enormidad de 6.171.610 votos. Si se quiere medir respecto de las PASO 2019 (12.205.938), perdi\u00f3 la friolera de 5.431.511.Sin dudas &hellip;<\/p>\n","protected":false},"author":732,"featured_media":0,"comment_status":"open","ping_status":"open","sticky":false,"template":"","format":"standard","meta":{"footnotes":""},"categories":[1],"tags":[],"class_list":["post-20882","post","type-post","status-publish","format-standard","hentry","category-sin-categoria","post-bright"],"_links":{"self":[{"href":"https:\/\/locomociontv.org\/index.php?rest_route=\/wp\/v2\/posts\/20882","targetHints":{"allow":["GET"]}}],"collection":[{"href":"https:\/\/locomociontv.org\/index.php?rest_route=\/wp\/v2\/posts"}],"about":[{"href":"https:\/\/locomociontv.org\/index.php?rest_route=\/wp\/v2\/types\/post"}],"author":[{"embeddable":true,"href":"https:\/\/locomociontv.org\/index.php?rest_route=\/wp\/v2\/users\/732"}],"replies":[{"embeddable":true,"href":"https:\/\/locomociontv.org\/index.php?rest_route=%2Fwp%2Fv2%2Fcomments&post=20882"}],"version-history":[{"count":2,"href":"https:\/\/locomociontv.org\/index.php?rest_route=\/wp\/v2\/posts\/20882\/revisions"}],"predecessor-version":[{"id":20884,"href":"https:\/\/locomociontv.org\/index.php?rest_route=\/wp\/v2\/posts\/20882\/revisions\/20884"}],"wp:attachment":[{"href":"https:\/\/locomociontv.org\/index.php?rest_route=%2Fwp%2Fv2%2Fmedia&parent=20882"}],"wp:term":[{"taxonomy":"category","embeddable":true,"href":"https:\/\/locomociontv.org\/index.php?rest_route=%2Fwp%2Fv2%2Fcategories&post=20882"},{"taxonomy":"post_tag","embeddable":true,"href":"https:\/\/locomociontv.org\/index.php?rest_route=%2Fwp%2Fv2%2Ftags&post=20882"}],"curies":[{"name":"wp","href":"https:\/\/api.w.org\/{rel}","templated":true}]}}