{"id":20662,"date":"2021-08-16T21:49:06","date_gmt":"2021-08-17T00:49:06","guid":{"rendered":"https:\/\/locomociontv.org\/?p=20662"},"modified":"2021-08-19T13:00:10","modified_gmt":"2021-08-19T16:00:10","slug":"olivos-gate-el-presidente-se-deschaveto-en-la-matanza","status":"publish","type":"post","link":"https:\/\/locomociontv.org\/?p=20662","title":{"rendered":"Olivos Gate: el presidente se deschavet\u00f3 en La Matanza"},"content":{"rendered":"\n<div class=\"wp-block-image\"><figure class=\"aligncenter size-large is-resized\"><img loading=\"lazy\" decoding=\"async\" src=\"https:\/\/locomociontv.org\/wp-content\/uploads\/2021\/08\/AlbertArio.jpg\" alt=\"\" class=\"wp-image-20665\" width=\"841\" height=\"689\" srcset=\"https:\/\/locomociontv.org\/wp-content\/uploads\/2021\/08\/AlbertArio.jpg 504w, https:\/\/locomociontv.org\/wp-content\/uploads\/2021\/08\/AlbertArio-300x246.jpg 300w\" sizes=\"auto, (max-width: 841px) 100vw, 841px\" \/><figcaption><strong><em>Alberto Fern\u00e1ndez sacado, perdido y asustado, al contraataque a puro realismo m\u00e1gico.<\/em><\/strong><\/figcaption><\/figure><\/div>\n\n\n\n<p>El Presidente se ve muy afectado por la situaci\u00f3n que &#8220;le&#8221; gener\u00f3 una serie de problemas con todes. Para \u00e9l, fue s\u00f3lo un simple error, de esos que \u00e9l no admit\u00eda a nadie, que dec\u00eda que con \u00e9l se terminaba la Argentina de los Vivos, de esos &#8220;errores&#8221; que acabaron con la desaparici\u00f3n seguida de muerte de Facundo Astudillo Castro y tantos otros que mataron las fuerzas de seguridad ante el aval criminal que desde la Rosada se les brindaba a esas bandas armadas para someter todas las libertades ciudadanas sin ninguna piedad. Esta vez, no nos acus\u00f3 de idiotas, si no de miserables por no perdonar tan facilmente su desidia e irrespeto hacia el otro, hacia el Pueblo, al cual encarcel\u00f3, diciendo que era por su propio bien. En Olivos estaban de fiesta con un pueblo prisionero de la falta de ideas de un Gobierno que ten\u00eda un lobbysta en el Ministerio de Salud y que actuaba como empresario en medio de la pandemia. El primero y m\u00e1s nocivos de los idiotas es el Presidente de la Rep\u00fablica y lo confirma cada d\u00eda m\u00e1s. Primero nos dec\u00eda que \u00edbamos a buscar nosotres el virus y que despu\u00e9s no quer\u00eda lamentos y fue \u00e9l el que se contagi\u00f3 de Covid y pretend\u00eda ense\u00f1arnos a lavarnos las manos. El sucio fue el Presidente, que ahora adem\u00e1s se siente ofendido por qu\u00e9 sus supuestas disculpas de campa\u00f1a surgieron a destiempo y expresadas en forma poco clara. La batalla por superar el rid\u00edculo est\u00e1 perdida, ahora hay que recurrir a la Segunda Doctrina Kirchner, que se basa en denunciar una acci\u00f3n del golpismo invisible que est\u00e1 agazapado, esperando el error. Proyectan en los otros lo que ellos son, como si al hacerlo no aumentara nuestra convicci\u00f3n de lo siniestros que pueden llegar a ser cuando se asustan. Sobre todo, cuando ya no hay manera de justificar m\u00e1s mentiras, pero se tiene que seguir haci\u00e9ndolo por necesidad casi. Hay que agitar el fantasma golpista, no les importa que hace seis meses eran los fundamentalistas del toque de queda. <\/p>\n\n\n\n<p>Es el ante\u00faltimo exabrupto presidencial, de este que ya es el Presidente del Berrinche y se produjo en otra de esas desfachatadas inauguraciones proselitistas, que el &#8220;banana&#8221; que tenemos de fiesta en Olivos no puede dejar de hacer, aunque sea una para de omnibus en Quem\u00fa-Quem\u00fa. Inaugurar, aunque sea nada y que se puede rectificar de uno a otro discurso las metidas de pata que se mande. Ni siquiera eso puede hacer bien, tanta soberbia, con la que pretenden ocultarsus m\u00faltiples mezquindades, entonces, llegado el caso, recurren a las ense\u00f1anzas de N\u00e9stor Kirchner de salir a insultar a un enemigo invisible que prepara un Golpe de Estado. <\/p>\n\n\n\n<p>El Presidente pretende que hablando como un barrabrava emocionado lo hace ver fuerte, pero lo que todo el mundo ve es como se transforma en un nenito de mami asustado que tiene que enfrentrarse a las consecuencias de sus actos y no quiere. El credo peronista toma aqu\u00ed nueva dimensi\u00f3n: la culpa del otro. <\/p>\n\n\n\n<p>El Presidente ha perdido la chaveta y gritando como un desaforado empez\u00f3 a llamar miserables a los que entendieron que el mandatario le echaba la culpa a la Primera Dama por la realizaci\u00f3n del festejo. Tambi\u00e9n, a los gritos, como si asustara a alguien poderoso, que no es el caso del Dr. Alberto Fern\u00e1ndez, asegur\u00f3 que \u00e9l se hab\u00eda disculpado y que nunca le ech\u00f3 la culpa a su esposa y que el responsable es \u00e9l y que se hace cargo, todo ante un grupo de beneficiarios estatales que aplaudieron con pasi\u00f3n cada exabrupto del Primer Mandatario. Imagino que entre los miserables incluir\u00e1, el caprichoso mand\u00f3n al Ministro de Seguridad Bonaerense, Sergio Berni por esta cuesti\u00f3n o a vastos miembros del Frente de Todos que lo criticaron por eso mismo. hecho \u00e9so y ante la complicidad del aplauso alKahuete, inici\u00f3 de nuevo una transferencia de responsabilidades al ex-presidente Mauricio Macri, de lo que sigue admitiendo a\u00fan como un simple error. El Presidente est\u00e1 asustado y lo gobierna el miedo. Imaginen solamente si hubiera obtenido los superpoderes que ped\u00eda. Hoy todo el mundo sabe que gobern\u00f3 desde la mentira, poni\u00e9ndose por encima de las normas de dudosa constitucionalidad que \u00e9l mismo dictaba y que aplicaba con suma fiereza contra los menos poderosos. Durante la cuarentena no respet\u00f3 sus propios designios hechos decreto, tampoco respet\u00f3 la vida ni la libertad de las personas y fue el principal cultor de un Estado Burocr\u00e1tico Autoritario que no sirvi\u00f3 para combatir el Covid-19 y que ni el Gobierno respetar siquiera un poco. <\/p>\n\n\n\n<p>A continuaci\u00f3n les bridamos el rid\u00edculo y siniestro discurso presidencial, m\u00e1s precisamente, la parte de los desvar\u00edos del primer mandatario sobre la cuesti\u00f3n que la calle ha dado en llamar &#8220;Olivos Gate&#8221;.<\/p>\n\n\n\n<figure class=\"wp-block-embed is-type-video is-provider-youtube wp-block-embed-youtube wp-embed-aspect-16-9 wp-has-aspect-ratio\"><div class=\"wp-block-embed__wrapper\">\n<iframe loading=\"lazy\" title=\"Olivos Gate: el presidente se deschavet\u00f3 en La Matanza\" width=\"818\" height=\"460\" src=\"https:\/\/www.youtube.com\/embed\/kClXLDxi-e8?feature=oembed\" frameborder=\"0\" allow=\"accelerometer; autoplay; clipboard-write; encrypted-media; gyroscope; picture-in-picture\" allowfullscreen><\/iframe>\n<\/div><\/figure>\n<div class=\"pdfprnt-buttons pdfprnt-buttons-post pdfprnt-bottom-right\"><a href=\"https:\/\/locomociontv.org\/index.php?rest_route=%2Fwp%2Fv2%2Fposts%2F20662&print=pdf\" class=\"pdfprnt-button pdfprnt-button-pdf\" target=\"_blank\" ><img decoding=\"async\" src=\"https:\/\/locomociontv.org\/wp-content\/plugins\/pdf-print\/images\/pdf.png\" alt=\"image_pdf\" title=\"View PDF\" \/><span class=\"pdfprnt-button-title pdfprnt-button-pdf-title\">Hacer PDF<\/span><\/a><a href=\"https:\/\/locomociontv.org\/index.php?rest_route=%2Fwp%2Fv2%2Fposts%2F20662&print=print\" class=\"pdfprnt-button pdfprnt-button-print\" target=\"_blank\" ><img decoding=\"async\" src=\"https:\/\/locomociontv.org\/wp-content\/plugins\/pdf-print\/images\/print.png\" alt=\"image_print\" title=\"Print Content\" \/><span class=\"pdfprnt-button-title pdfprnt-button-print-title\">Imprimir<\/span><\/a><\/div><p>Views: 0<\/p>","protected":false},"excerpt":{"rendered":"<p>El Presidente se ve muy afectado por la situaci\u00f3n que &#8220;le&#8221; gener\u00f3 una serie de problemas con todes. Para \u00e9l, fue s\u00f3lo un simple error, de esos que \u00e9l no admit\u00eda a nadie, que dec\u00eda que con \u00e9l se terminaba la Argentina de los Vivos, de esos &#8220;errores&#8221; que acabaron con la desaparici\u00f3n seguida de &hellip;<\/p>\n","protected":false},"author":1,"featured_media":20663,"comment_status":"open","ping_status":"open","sticky":false,"template":"","format":"video","meta":{"footnotes":""},"categories":[59,92,88,9],"tags":[],"class_list":["post-20662","post","type-post","status-publish","format-video","has-post-thumbnail","hentry","category-crisis-sanitaria-en-la-argentina","category-olivos-gate-otra-hoguera-de-vanidades","category-p-a-s-o-2021","category-politica-nacional","post_format-post-format-video","post-dark","post-wide","has-post-thumb"],"_links":{"self":[{"href":"https:\/\/locomociontv.org\/index.php?rest_route=\/wp\/v2\/posts\/20662","targetHints":{"allow":["GET"]}}],"collection":[{"href":"https:\/\/locomociontv.org\/index.php?rest_route=\/wp\/v2\/posts"}],"about":[{"href":"https:\/\/locomociontv.org\/index.php?rest_route=\/wp\/v2\/types\/post"}],"author":[{"embeddable":true,"href":"https:\/\/locomociontv.org\/index.php?rest_route=\/wp\/v2\/users\/1"}],"replies":[{"embeddable":true,"href":"https:\/\/locomociontv.org\/index.php?rest_route=%2Fwp%2Fv2%2Fcomments&post=20662"}],"version-history":[{"count":11,"href":"https:\/\/locomociontv.org\/index.php?rest_route=\/wp\/v2\/posts\/20662\/revisions"}],"predecessor-version":[{"id":20816,"href":"https:\/\/locomociontv.org\/index.php?rest_route=\/wp\/v2\/posts\/20662\/revisions\/20816"}],"wp:featuredmedia":[{"embeddable":true,"href":"https:\/\/locomociontv.org\/index.php?rest_route=\/wp\/v2\/media\/20663"}],"wp:attachment":[{"href":"https:\/\/locomociontv.org\/index.php?rest_route=%2Fwp%2Fv2%2Fmedia&parent=20662"}],"wp:term":[{"taxonomy":"category","embeddable":true,"href":"https:\/\/locomociontv.org\/index.php?rest_route=%2Fwp%2Fv2%2Fcategories&post=20662"},{"taxonomy":"post_tag","embeddable":true,"href":"https:\/\/locomociontv.org\/index.php?rest_route=%2Fwp%2Fv2%2Ftags&post=20662"}],"curies":[{"name":"wp","href":"https:\/\/api.w.org\/{rel}","templated":true}]}}