{"id":20613,"date":"2021-08-16T18:33:37","date_gmt":"2021-08-16T21:33:37","guid":{"rendered":"https:\/\/locomociontv.org\/?p=20613"},"modified":"2021-08-16T18:33:39","modified_gmt":"2021-08-16T21:33:39","slug":"olivos-gate-desesperadas-acciones-de-control-de-danos-cdd-por-el-impacto-en-las-encuestas","status":"publish","type":"post","link":"https:\/\/locomociontv.org\/?p=20613","title":{"rendered":"Olivos Gate: desesperadas acciones de control de da\u00f1os (CDD) por el impacto en las encuestas"},"content":{"rendered":"\n<figure class=\"wp-block-image size-large is-resized\"><img loading=\"lazy\" decoding=\"async\" src=\"https:\/\/locomociontv.org\/wp-content\/uploads\/2021\/08\/OLIVOSGATE.gif\" alt=\"\" class=\"wp-image-20525\" width=\"839\" height=\"216\"\/><\/figure>\n\n\n\n<figure class=\"wp-block-image size-large is-resized\"><img loading=\"lazy\" decoding=\"async\" src=\"https:\/\/locomociontv.org\/wp-content\/uploads\/2021\/08\/HOGUERAVANIDADES.gif\" alt=\"\" class=\"wp-image-20527\" width=\"840\" height=\"213\"\/><\/figure>\n\n\n\n<figure class=\"wp-block-image size-large\"><img loading=\"lazy\" decoding=\"async\" width=\"900\" height=\"506\" src=\"https:\/\/locomociontv.org\/wp-content\/uploads\/2021\/08\/fabiola-yanez-1217227.jpg\" alt=\"\" class=\"wp-image-20547\" srcset=\"https:\/\/locomociontv.org\/wp-content\/uploads\/2021\/08\/fabiola-yanez-1217227.jpg 900w, https:\/\/locomociontv.org\/wp-content\/uploads\/2021\/08\/fabiola-yanez-1217227-300x169.jpg 300w, https:\/\/locomociontv.org\/wp-content\/uploads\/2021\/08\/fabiola-yanez-1217227-768x432.jpg 768w\" sizes=\"auto, (max-width: 900px) 100vw, 900px\" \/><\/figure>\n\n\n\n<p><strong>El Olivos Gate, al parecer ha golpeado duramente al Gobierno cuya estructura alKahueteril y de Komunikagadores o han colapsado o han salido a publicar lo que sea que demuestre lo poco importante que fue que el Presidente pudiera estar de fiesta y que la mayor\u00eda de la poblaci\u00f3n, salvo las fuerzas armadas y de seguridad sufrieron un encierro criminal con pr\u00e1cticas dictatoriales que incluyeron gatillo facil, tormentos, desaparici\u00f3n y muertes de los que el Presidente llamaba idiota<\/strong>s (gente que hac\u00eda cosas como las que hizo \u00e9l) y que aseguraba que iba a imponer su voluntad y sus decretos por las buenas o por las malas y as\u00ed lo hizo. Salvo que para sus vasallos y para \u00e9l hay vacunatorios VIP, fiesta y m\u00e1s fiesta. Somos el enemigo, para nosotres no hay ni justicia.<\/p>\n\n\n\n<p><strong>Uno de los primeros en salir a bancar la cosa es el desaforado eternamente pr\u00f3fugo de An\u00edbal Fern\u00e1ndez, que mand\u00f3 una defensa machista y de su estilo facho, a qui\u00e9n le pusiera micr\u00f3fono<\/strong>. Y encontr\u00f3 qui\u00e9n lo hiciera. <strong>Santoro sali\u00f3 tambi\u00e9n para ver si hay algo que levante el \u00e1nimo de su tropa a desarrollar la teor\u00eda del error sin abandonar la Doctrina Kirchner<\/strong>, que indica un enemigo invisible y tan poderoso que no los deja hacer las cosas bien. El famoso &#8220;La culpa es del otro&#8221;. A ninguno de los miembros de la coalici\u00f3n Frente de Todos le interes\u00f3 nada, <strong>tiraron el &#8220;La culpa es de Macri&#8221; aunque sonara a nada y solamente obtuvieron un debilucho &#8220;La culpa es de Fabiola&#8221;<\/strong>. <\/p>\n\n\n\n<p><strong>Las reacciones incluyeron la publicaci\u00f3n por parte de P\u00e1gina\/12 de una encuesta que le da nueve puntos de ventaja al Frente de Todos sobre Juntos por el Cambio, que hizo CEOP<\/strong>. Una f\u00f3rmula de control de da\u00f1os que no sabemos que confianza despertar\u00e1 en una tropa diezmada por que ya todo el mundo sabe que sus jefes se parecen m\u00e1s a siervos olig\u00e1rKicos a cambio de prebendas personales que a las c\u00e1ndidas palomas que pretenden vendernos.<\/p>\n\n\n\n<p><strong>Otras dos encuestas publicadas por otros medios dejan muy mal parado al Gobierno y el Frente de Todos<\/strong> de cara a las pr\u00f3ximas P.A.S.O. del 12 de septiembre. <\/p>\n\n\n\n<div class=\"wp-block-buttons is-content-justification-center is-layout-flex wp-block-buttons-is-layout-flex\">\n<div class=\"wp-block-button\"><a class=\"wp-block-button__link\" href=\"?p=20613&amp;page=2\"> El CDD de An\u00edbal Fern\u00e1ndez, las burradas de siempre desde la impunidad <\/a><\/div>\n\n\n\n<div class=\"wp-block-button\"><a class=\"wp-block-button__link\" href=\"?p=20613&amp;page=3\"> Santoro y un CDD tan poco cre\u00edble que da miedo <\/a><\/div>\n\n\n\n<div class=\"wp-block-button\"><a class=\"wp-block-button__link\" href=\"?p=20613&amp;page=4\"> CDD Multimedial de P\u00e1gina\/12: ac\u00e1 no pasa nada <\/a><\/div>\n\n\n\n<div class=\"wp-block-button\"><a class=\"wp-block-button__link\" href=\"?p=20613&amp;page=5\"> El oficialismo muy preocupado por el impacto en las encuestas del esc\u00e1ndalo del Olivos Gate<\/a><\/div>\n<\/div>\n\n\n\n<!--nextpage-->\n\n\n\n<h4 class=\"wp-block-heading\">El CDD de An\u00edbal Fern\u00e1ndez, las burradas de siempre desde la impunidad<\/h4>\n\n\n\n<p>Ante lo inevitable, debieron salir a defender los m\u00e1s ultras y desfachatdos fan\u00e1tikos, entre ellos, el brutal An\u00edbal Fern\u00e1ndez que no dudo en mandar bajezas y ep\u00edtetos machistas para defender al jefecito. Otro nauseabundo acto a los que nos tiene acostumbrados este experto en bullying estatal.<\/p>\n\n\n\n<figure class=\"wp-block-video\"><video height=\"1088\" style=\"aspect-ratio: 1912 \/ 1088;\" width=\"1912\" controls src=\"https:\/\/locomociontv.org\/wp-content\/uploads\/2021\/08\/La-insolita-defensa-de-Anibal-Fernandez.mp4\"><\/video><\/figure>\n\n\n\n<div class=\"wp-block-buttons is-content-justification-center is-layout-flex wp-block-buttons-is-layout-flex\">\n<div class=\"wp-block-button\"><a class=\"wp-block-button__link\" href=\"?p=20613\">Olivos Gate: desesperadas acciones de control de da\u00f1os (CDD) por el impacto en las encuestas<\/a><\/div>\n\n\n\n<div class=\"wp-block-button\"><a class=\"wp-block-button__link\" href=\"?p=20613&amp;page=3\"> Santoro y un CDD tan poco cre\u00edble que da miedo <\/a><\/div>\n\n\n\n<div class=\"wp-block-button\"><a class=\"wp-block-button__link\" href=\"?p=20613&amp;page=4\"> CDD Multimedial de P\u00e1gina\/12: ac\u00e1 no pasa nada <\/a><\/div>\n\n\n\n<div class=\"wp-block-button\"><a class=\"wp-block-button__link\" href=\"?p=20613&amp;page=5\"> El oficialismo muy preocupado por el impacto en las encuestas del esc\u00e1ndalo del Olivos Gate<\/a><\/div>\n<\/div>\n\n\n\n<!--nextpage-->\n\n\n\n<h4 class=\"wp-block-heading\">Santoro y un CDD tan poco cre\u00edble que da miedo<\/h4>\n\n\n\n<figure class=\"wp-block-image size-large\"><img loading=\"lazy\" decoding=\"async\" width=\"1024\" height=\"862\" src=\"https:\/\/locomociontv.org\/wp-content\/uploads\/2021\/08\/image-3-1024x862.png\" alt=\"\" class=\"wp-image-20614\" srcset=\"https:\/\/locomociontv.org\/wp-content\/uploads\/2021\/08\/image-3-1024x862.png 1024w, https:\/\/locomociontv.org\/wp-content\/uploads\/2021\/08\/image-3-300x253.png 300w, https:\/\/locomociontv.org\/wp-content\/uploads\/2021\/08\/image-3-768x647.png 768w, https:\/\/locomociontv.org\/wp-content\/uploads\/2021\/08\/image-3.png 1173w\" sizes=\"auto, (max-width: 1024px) 100vw, 1024px\" \/><\/figure>\n\n\n\n<p><strong>La andanada de alkahuetes ansiosos, apremiada por la campa\u00f1a electoral<\/strong>, que no se puede detener, se ha lanzado a un ritmo vertiginoso: hay que hacer algo con el tema, como siempre, no reconocer nada y contratacar con ferocidad, o contundencia como le llaman a todos sus logros que no pueden explicar.<strong> La voz cantante en el tema tienen que ser la de alguien que no tenga nada que hacer, alguien que domine el arte de mistificar, mentir y traicionar como es el ex-radical multifunci\u00f3n que el Frente de Todos tiene por candidato en la Aut\u00f3noma, Leandro Santoro. <\/strong><\/p>\n\n\n\n<p>En <strong>declaraciones<\/strong> hechas a la controladora de da\u00f1os paraestatal, <strong>Radio 10<\/strong>, Santoro <strong>trat\u00f3 de justificar lo injustificable y trato de victimizar al gran victimario de la pandemia, el Presidente Alberto Fern\u00e1ndez<\/strong>. <\/p>\n\n\n\n<p>Comenz\u00f3 diciendo que <strong>el Presidente &#8220;cometi\u00f3 un error&#8221;<\/strong> (insisten en imponer la palabra error, cual es fojas cero macrista, como exorcisando) <strong>y que no se puede cancelarlo por ello<\/strong>. <strong>No fueron errores las desapariciones, muertes por gatillo facil durante la pandemia y todos los atropellos que se sufrieron, mientras en Olivos pod\u00edan estar de fiesta. <\/strong>Y \u00e9sto tampoco fue un error, es una concepci\u00f3n de la viveza de los de arriba que con impunidad se pasaron por las partes lo que a todes nos obligaban a hacer.<\/p>\n\n\n\n<p><strong>Santoro<\/strong>, ante los micr\u00f3fonos, <strong>no pod\u00eda dejar de negar todo y tirar basura al otro<\/strong>, que es casi para <strong>lo \u00fanico que es al menos mediocre<\/strong>.  Dice, en su delirio que <strong>quienes piden el juicio pol\u00edtico son unos irresponsables<\/strong>, palabra que ante la magnitud de la irresponsabilidad del Presidente son la im\u00e1gen de la desesperaci\u00f3n del candidato en este momento en que <strong>necesita pasarle letra a una militancia paraestatal que no se anima abandonar la vigilancia de sus enemigos o nuestros conciudadanos<\/strong>. Pregunt\u00f3 por qu\u00e9 no se lo exigieron a Macri, volviendo a plantear la <strong>Doctrina Kirchner<\/strong>, que indica <strong>un enemigo invisible y tan poderoso que no los deja hacer las cosas bien<\/strong>. Y de \u00faltima, la culpa es de Macri, por que as\u00ed tiene que ser, <strong>vano CDD (control de da\u00f1os) por parte de Santoro que hunde m\u00e1s al kirchnerismo en estas P.A.S.O.<\/strong> que es lo \u00fanico que les interesa.<\/p>\n\n\n\n<p>Ya cebadito en su ignaro totalitarismo, <strong>Santoro se lanza a decir que seguir con el tema<\/strong> (y atentos a esta nueva bolufrase de este se\u00f1or) es &#8220;deslealtad democr\u00e1tica&#8221;. S\u00ed, supone en su imaginario mundo, que inventar una categor\u00eda que nadie conoce y menos \u00e9l, lo ayudar\u00e1 para <strong>levantar el \u00e1nimo de una tropa alica\u00edda por que se supo lo que durante a\u00f1os negaron: que son los vasallos en el mejor de los casos de una oligarK\u00eda de baja generosidad y presupuesto<\/strong>. <\/p>\n\n\n\n<p>En el final de la nota, y casi haciendo estallar nuestro p\u00edloro, Santoro hizo de psic\u00f3logo presidencial (ya sabemos que verg\u00fcenza no tiene) y <strong>asegur\u00f3 que el Presidente de la Naci\u00f3n &#8220;est\u00e1 muy dolido, es conciente del dolor de la gente, y eso le provoca un dolor muy grande a \u00e9l&#8221;<\/strong>.<\/p>\n\n\n\n<figure class=\"wp-block-image size-large\"><img loading=\"lazy\" decoding=\"async\" width=\"1011\" height=\"896\" src=\"https:\/\/locomociontv.org\/wp-content\/uploads\/2021\/08\/santorocronica.jpg\" alt=\"\" class=\"wp-image-20632\" srcset=\"https:\/\/locomociontv.org\/wp-content\/uploads\/2021\/08\/santorocronica.jpg 1011w, https:\/\/locomociontv.org\/wp-content\/uploads\/2021\/08\/santorocronica-300x266.jpg 300w, https:\/\/locomociontv.org\/wp-content\/uploads\/2021\/08\/santorocronica-768x681.jpg 768w\" sizes=\"auto, (max-width: 1011px) 100vw, 1011px\" \/><\/figure>\n\n\n\n<p>La pol\u00edtica oficial sobre el Olivos Gate se centrar\u00e1 en la <strong>acci\u00f3n lenguamarr\u00f3n que les ense\u00f1ara N\u00e9stor Kirchner<\/strong>: reconocer un error solamente es la variable nueva en la vieja ense\u00f1anza del l\u00edder. Despu\u00e9s lo de siempre: <strong>recurrir a culpar a la oposici\u00f3n y avalar la entrega al escarnio p\u00fablico que hiciera el Primer Mandatario hiciera de su Primera Dama<\/strong>. <\/p>\n\n\n\n<p><strong>As\u00ed est\u00e1n las cosas: ellos tienen derecho a todo y la mayor\u00eda tiene la obligaci\u00f3n de soportarlos sin chistar por las desapariciones, las muertes, el gatillo f\u00e1cil, la denuncia constante de informantes en redes sociales y fuerzas de seguridad federales, la carcel, los tormentos y todos los infiernos que promet\u00eda el Presidente a quienes se atrev\u00edan a cuestionar algo y a quienes lleg\u00f3 a llamar idiotas.  Los mismos que impusieron un r\u00e9gimen de terror se burlaban de todo y si no se publicaban las fotos, a\u00fan lo seguir\u00edan negando todo. <\/strong><\/p>\n\n\n\n<p>A continuaci\u00f3n les brindamos los <strong>21 minutos de la entrevista que el komunikagador Iv\u00e1n Schargrodsky le hiciera al candidato oficialista<\/strong>, no responsabiliz\u00e1ndonos por la nausea que ello le cause al lector:<\/p>\n\n\n\n<iframe loading=\"lazy\" width=\"100%\" height=\"175px\" scrolling=\"no\" frameborder=\"no\" src=\"\/\/ar.radiocut.fm\/audiocut\/embed\/hori\/son-unos-irresponsables-pedir-juicio-politico-por-no-se-lo-hicieron-a-macri\/\"><\/iframe>\n\n\n\n<div class=\"wp-block-buttons is-content-justification-center is-layout-flex wp-block-buttons-is-layout-flex\">\n<div class=\"wp-block-button\"><a class=\"wp-block-button__link\" href=\"?p=20613\">Olivos Gate: desesperadas acciones de control de da\u00f1os (CDD) por el impacto en las encuestas<\/a><\/div>\n\n\n\n<div class=\"wp-block-button\"><a class=\"wp-block-button__link\" href=\"?p=20613&amp;page=2\"> El CDD de An\u00edbal Fern\u00e1ndez, las burradas de siempre desde la impunidad <\/a><\/div>\n\n\n\n<div class=\"wp-block-button\"><a class=\"wp-block-button__link\" href=\"?p=20613&amp;page=4\"> CDD Multimedial de P\u00e1gina\/12: ac\u00e1 no pasa nada <\/a><\/div>\n\n\n\n<div class=\"wp-block-button\"><a class=\"wp-block-button__link\" href=\"?p=20613&amp;page=5\"> El oficialismo muy preocupado por el impacto en las encuestas del esc\u00e1ndalo del Olivos Gate<\/a><\/div>\n<\/div>\n\n\n\n<!--nextpage-->\n\n\n\n<h4 class=\"wp-block-heading\">CDD Multimedial de P\u00e1gina\/12: ac\u00e1 no pasa nada<\/h4>\n\n\n\n<p>Con el estilo policial de siempre, P\u00e1gina\/12 sale al cruce de la realidad es su sagrada misi\u00f3n de inventar una realidad m\u00e1gica que fundamente sus deseos. Siempre habr\u00e1 alg\u00fan sello de goma, avalado por dineros estatales que salga a decir lo que haga falta y si es una encuesta, mejor a\u00fan. <\/p>\n\n\n\n<figure class=\"wp-block-image is-resized\"><img loading=\"lazy\" decoding=\"async\" src=\"https:\/\/images.pagina12.com.ar\/styles\/width960\/public\/2021-08\/185820-whatsapp-20image-202021-08-15-20at-2003-23-50.jpeg?itok=wXzp9Sa0\" alt=\"\" width=\"840\" height=\"997\"\/><\/figure>\n\n\n\n<p>No pod\u00edan dejar pasar tan buenas noticias, como tratando de hacernos ver que a nadie le importa que el Presidente se haya reido de todos nosotres y ni siquiera se haya hecho cargo del tema, mas que encajarle el fardo a su consorte. Ac\u00e1 no pasa nada, a nadie le importa, ya que el CEOP dice que ganan con nueve puntos de ventaja en Provincia. En fin se lo ponemos a continuaci\u00f3n el art\u00edculo por si alguien no nos cre\u00e9 tama\u00f1o desprop\u00f3sito. Una nueva fantas\u00eda de P\u00e1gina\/12, para que entiendas que no les entr\u00e1 una idea de imperfecci\u00f3n ni a palos. <\/p>\n\n\n\n<iframe loading=\"lazy\" src=\"https:\/\/www.pagina12.com.ar\/361638-elecciones-2021-encuesta-exclusiva-la-ventaja-del-frente-de-\" style=\"border:0px #ffffff none;\" name=\"myiFrame\" scrolling=\"yes\" frameborder=\"1\" marginheight=\"0px\" marginwidth=\"0px\" height=\"400px\" width=\"640px\" allowfullscreen><\/iframe>\n\n\n\n<div class=\"wp-block-buttons is-content-justification-center is-layout-flex wp-block-buttons-is-layout-flex\">\n<div class=\"wp-block-button\"><a class=\"wp-block-button__link\" href=\"?p=20613\">Olivos Gate: desesperadas acciones de control de da\u00f1os (CDD) por el impacto en las encuestas<\/a><\/div>\n\n\n\n<div class=\"wp-block-button\"><a class=\"wp-block-button__link\" href=\"?p=20613&amp;page=2\"> El CDD de An\u00edbal Fern\u00e1ndez, las burradas de siempre desde la impunidad <\/a><\/div>\n\n\n\n<div class=\"wp-block-button\"><a class=\"wp-block-button__link\" href=\"?p=20613&amp;page=3\"> Santoro y un CDD tan poco cre\u00edble que da miedo <\/a><\/div>\n\n\n\n<div class=\"wp-block-button\"><a class=\"wp-block-button__link\" href=\"?p=20613&amp;page=5\"> El oficialismo muy preocupado por el impacto en las encuestas del esc\u00e1ndalo del Olivos Gate<\/a><\/div>\n<\/div>\n\n\n\n<!--nextpage-->\n\n\n\n<h4 class=\"wp-block-heading\">El oficialismo muy preocupado por el impacto en las encuestas del esc\u00e1ndalo del Olivos Gate.<\/h4>\n\n\n\n<p><strong>MDZ public\u00f3 una nota sobre los resultados de una encuesta de Management &amp; FIT luego de conocerse el esc\u00e1ndalo del Olivos Gate:<\/strong><\/p>\n\n\n\n<iframe loading=\"lazy\" src=\"https:\/\/www.mdzol.com\/politica\/2021\/8\/15\/que-dicen-las-encuestas-tras-el-escandalo-por-el-festejo-en-olivos-179817.html\" style=\"border:0px #ffffff none;\" name=\"myiFrame\" scrolling=\"yes\" frameborder=\"1\" marginheight=\"0px\" marginwidth=\"0px\" height=\"400px\" width=\"640px\" allowfullscreen><\/iframe>\n\n\n\n<p><strong>Perfil publica datos de la encuesta de Tendencias que preocupa y mucho al oficialismo: <\/strong><\/p>\n\n\n\n<iframe loading=\"lazy\" src=\"https:\/\/www.perfil.com\/noticias\/politica\/encuesta-juntos-supera-al-frente-de-todos-por-cuatro-puntos-en-provincia-de-buenos-aires.phtml\" style=\"border:0px #ffffff none;\" name=\"myiFrame\" scrolling=\"yes\" frameborder=\"1\" marginheight=\"0px\" marginwidth=\"0px\" height=\"400px\" width=\"640px\" allowfullscreen><\/iframe>\n\n\n\n<div class=\"wp-block-buttons is-content-justification-center is-layout-flex wp-block-buttons-is-layout-flex\">\n<div class=\"wp-block-button\"><a class=\"wp-block-button__link\" href=\"?p=20613\">Olivos Gate: desesperadas acciones de control de da\u00f1os (CDD) por el impacto en las encuestas<\/a><\/div>\n\n\n\n<div class=\"wp-block-button\"><a class=\"wp-block-button__link\" href=\"?p=20613&amp;page=2\"> El CDD de An\u00edbal Fern\u00e1ndez, las burradas de siempre desde la impunidad <\/a><\/div>\n\n\n\n<div class=\"wp-block-button\"><a class=\"wp-block-button__link\" href=\"?p=20613&amp;page=3\"> Santoro y un CDD tan poco cre\u00edble que da miedo <\/a><\/div>\n\n\n\n<div class=\"wp-block-button\"><a class=\"wp-block-button__link\" href=\"?p=20613&amp;page=4\"> CDD Multimedial de P\u00e1gina\/12: ac\u00e1 no pasa nada <\/a><\/div>\n<\/div>\n<p>Visits: 1<\/p>","protected":false},"excerpt":{"rendered":"<p>El Olivos Gate, al parecer ha golpeado duramente al Gobierno cuya estructura alKahueteril y de Komunikagadores o han colapsado o han salido a publicar lo que sea que demuestre lo poco importante que fue que el Presidente pudiera estar de fiesta y que la mayor\u00eda de la poblaci\u00f3n, salvo las fuerzas armadas y de seguridad &hellip;<\/p>\n","protected":false},"author":1,"featured_media":20621,"comment_status":"open","ping_status":"open","sticky":false,"template":"","format":"image","meta":{"footnotes":""},"categories":[59,92,88,9],"tags":[],"class_list":["post-20613","post","type-post","status-publish","format-image","has-post-thumbnail","hentry","category-crisis-sanitaria-en-la-argentina","category-olivos-gate-otra-hoguera-de-vanidades","category-p-a-s-o-2021","category-politica-nacional","post_format-post-format-image","post-dark","post-wide","has-post-thumb","small-thumb"],"_links":{"self":[{"href":"https:\/\/locomociontv.org\/index.php?rest_route=\/wp\/v2\/posts\/20613","targetHints":{"allow":["GET"]}}],"collection":[{"href":"https:\/\/locomociontv.org\/index.php?rest_route=\/wp\/v2\/posts"}],"about":[{"href":"https:\/\/locomociontv.org\/index.php?rest_route=\/wp\/v2\/types\/post"}],"author":[{"embeddable":true,"href":"https:\/\/locomociontv.org\/index.php?rest_route=\/wp\/v2\/users\/1"}],"replies":[{"embeddable":true,"href":"https:\/\/locomociontv.org\/index.php?rest_route=%2Fwp%2Fv2%2Fcomments&post=20613"}],"version-history":[{"count":26,"href":"https:\/\/locomociontv.org\/index.php?rest_route=\/wp\/v2\/posts\/20613\/revisions"}],"predecessor-version":[{"id":20661,"href":"https:\/\/locomociontv.org\/index.php?rest_route=\/wp\/v2\/posts\/20613\/revisions\/20661"}],"wp:featuredmedia":[{"embeddable":true,"href":"https:\/\/locomociontv.org\/index.php?rest_route=\/wp\/v2\/media\/20621"}],"wp:attachment":[{"href":"https:\/\/locomociontv.org\/index.php?rest_route=%2Fwp%2Fv2%2Fmedia&parent=20613"}],"wp:term":[{"taxonomy":"category","embeddable":true,"href":"https:\/\/locomociontv.org\/index.php?rest_route=%2Fwp%2Fv2%2Fcategories&post=20613"},{"taxonomy":"post_tag","embeddable":true,"href":"https:\/\/locomociontv.org\/index.php?rest_route=%2Fwp%2Fv2%2Ftags&post=20613"}],"curies":[{"name":"wp","href":"https:\/\/api.w.org\/{rel}","templated":true}]}}