{"id":20330,"date":"2021-06-09T07:25:38","date_gmt":"2021-06-09T10:25:38","guid":{"rendered":"https:\/\/locomociontv.org\/?p=20330"},"modified":"2021-06-09T07:25:39","modified_gmt":"2021-06-09T10:25:39","slug":"declaracion-de-la-seleccion-del-brasil-en-cuanto-a-la-realizacion-de-la-copa-america","status":"publish","type":"post","link":"https:\/\/locomociontv.org\/?p=20330","title":{"rendered":"Declaraci\u00f3n de la Selecci\u00f3n del Brasil en cuanto a la realizaci\u00f3n de la Copa Am\u00e9rica"},"content":{"rendered":"\n<p>Luego de su victoria 2 a 0 ante la Selecci\u00f3n de Paraguay, los integrantes de la Selecci\u00f3n de Brasil hicieron una declaraci\u00f3n p\u00fablica en la que se muestran contrarios la realizaci\u00f3n de la Copa Am\u00e9rica y a la vez declaran que como profesionales del f\u00fatbol no rechazar\u00e1n nunca vestir la verde y amarilla y jugar defendiendo sus colores. Por tanto si bien se muestran en contra de la realizaci\u00f3n de la Copa jugar\u00e1n igual la misma.<\/p>\n\n\n\n<p>Mientras tanto en la cuesti\u00f3n pol\u00edtico y jur\u00eddica de la cosa el pr\u00f3ximo jueves 10 de junio el Tribunal Supremo Federal decidir\u00e1, ante un recurso presentado por el Partido Socialista Brasileiro, si la Copa Am\u00e9rica se realiza en Brasil o no.<\/p>\n\n\n\n<p>A continuaci\u00f3n les brindamos el<\/p>\n\n\n\n<h4 class=\"wp-block-heading\">Texto completo en espa\u00f1ol de la carta de la Selecci\u00f3n del Brasil<\/h4>\n\n\n\n<p><em>\u201cCuando nace un brasile\u00f1o, nace un hincha. Y para los m\u00e1s de 200 millones de aficionados, escribimos esta carta para expresar nuestra opini\u00f3n sobre la realizaci\u00f3n de la Copa Am\u00e9rica.<\/em><\/p>\n\n\n\n<p><em>Somos un grupo cohesionado, pero con ideas diferentes.\u00a0Por diversas razones, ya sean humanitarias o profesionales, estamos insatisfechos con la conducci\u00f3n de la Copa Am\u00e9rica por parte de la Conmebol, ya sea que se celebre m\u00e1s tarde en Chile o incluso en Brasil.<\/em><\/p>\n\n\n\n<p><em>Todos los hechos recientes nos llevan a creer en un proceso inadecuado en su realizaci\u00f3n.<\/em><\/p>\n\n\n\n<p><em>Es importante enfatizar que en ning\u00fan momento quisimos hacer pol\u00edtica esta discusi\u00f3n.&nbsp;Somos conscientes de la importancia de nuestra posici\u00f3n, seguimos lo que publican los medios, los medios, estamos presentes en las redes sociales.&nbsp;Tambi\u00e9n hablamos para evitar que circulen m\u00e1s noticias falsas que involucren nuestros nombres sin los hechos verdaderos.<\/em><\/p>\n\n\n\n<p><em>Finalmente, recordamos que somos trabajadores, profesionales del f\u00fatbol.\u00a0Tenemos una misi\u00f3n que cumplir con la hist\u00f3rica camiseta verde amarilla cinco veces campe\u00f3n del mundo.\u00a0Estamos en contra de la organizaci\u00f3n de la Copa Am\u00e9rica, pero nunca diremos que no a la selecci\u00f3n brasile\u00f1a &#8220;.<\/em><\/p>\n<div class=\"pdfprnt-buttons pdfprnt-buttons-post pdfprnt-bottom-right\"><a href=\"https:\/\/locomociontv.org\/index.php?rest_route=%2Fwp%2Fv2%2Fposts%2F20330&print=pdf\" class=\"pdfprnt-button pdfprnt-button-pdf\" target=\"_blank\" ><img decoding=\"async\" src=\"https:\/\/locomociontv.org\/wp-content\/plugins\/pdf-print\/images\/pdf.png\" alt=\"image_pdf\" title=\"View PDF\" \/><span class=\"pdfprnt-button-title pdfprnt-button-pdf-title\">Hacer PDF<\/span><\/a><a href=\"https:\/\/locomociontv.org\/index.php?rest_route=%2Fwp%2Fv2%2Fposts%2F20330&print=print\" class=\"pdfprnt-button pdfprnt-button-print\" target=\"_blank\" ><img decoding=\"async\" src=\"https:\/\/locomociontv.org\/wp-content\/plugins\/pdf-print\/images\/print.png\" alt=\"image_print\" title=\"Print Content\" \/><span class=\"pdfprnt-button-title pdfprnt-button-print-title\">Imprimir<\/span><\/a><\/div><p>Views: 0<\/p>","protected":false},"excerpt":{"rendered":"<p>Luego de su victoria 2 a 0 ante la Selecci\u00f3n de Paraguay, los integrantes de la Selecci\u00f3n de Brasil hicieron una declaraci\u00f3n p\u00fablica en la que se muestran contrarios la realizaci\u00f3n de la Copa Am\u00e9rica y a la vez declaran que como profesionales del f\u00fatbol no rechazar\u00e1n nunca vestir la verde y amarilla y jugar &hellip;<\/p>\n","protected":false},"author":732,"featured_media":20331,"comment_status":"open","ping_status":"closed","sticky":false,"template":"","format":"standard","meta":{"footnotes":""},"categories":[33,54,87,15],"tags":[],"class_list":["post-20330","post","type-post","status-publish","format-standard","has-post-thumbnail","hentry","category-bolsonaro-el-fascismo-del-siglo-xxi","category-deportes","category-futbol","category-politica-internacional","post-bright","has-post-thumb","small-thumb"],"_links":{"self":[{"href":"https:\/\/locomociontv.org\/index.php?rest_route=\/wp\/v2\/posts\/20330","targetHints":{"allow":["GET"]}}],"collection":[{"href":"https:\/\/locomociontv.org\/index.php?rest_route=\/wp\/v2\/posts"}],"about":[{"href":"https:\/\/locomociontv.org\/index.php?rest_route=\/wp\/v2\/types\/post"}],"author":[{"embeddable":true,"href":"https:\/\/locomociontv.org\/index.php?rest_route=\/wp\/v2\/users\/732"}],"replies":[{"embeddable":true,"href":"https:\/\/locomociontv.org\/index.php?rest_route=%2Fwp%2Fv2%2Fcomments&post=20330"}],"version-history":[{"count":5,"href":"https:\/\/locomociontv.org\/index.php?rest_route=\/wp\/v2\/posts\/20330\/revisions"}],"predecessor-version":[{"id":20336,"href":"https:\/\/locomociontv.org\/index.php?rest_route=\/wp\/v2\/posts\/20330\/revisions\/20336"}],"wp:featuredmedia":[{"embeddable":true,"href":"https:\/\/locomociontv.org\/index.php?rest_route=\/wp\/v2\/media\/20331"}],"wp:attachment":[{"href":"https:\/\/locomociontv.org\/index.php?rest_route=%2Fwp%2Fv2%2Fmedia&parent=20330"}],"wp:term":[{"taxonomy":"category","embeddable":true,"href":"https:\/\/locomociontv.org\/index.php?rest_route=%2Fwp%2Fv2%2Fcategories&post=20330"},{"taxonomy":"post_tag","embeddable":true,"href":"https:\/\/locomociontv.org\/index.php?rest_route=%2Fwp%2Fv2%2Ftags&post=20330"}],"curies":[{"name":"wp","href":"https:\/\/api.w.org\/{rel}","templated":true}]}}