{"id":20041,"date":"2021-04-18T21:16:42","date_gmt":"2021-04-19T00:16:42","guid":{"rendered":"https:\/\/locomociontv.org\/?p=20041"},"modified":"2021-04-18T21:16:43","modified_gmt":"2021-04-19T00:16:43","slug":"ataque-nazi-al-acampe-en-tribunales","status":"publish","type":"post","link":"https:\/\/locomociontv.org\/?p=20041","title":{"rendered":"Ataque nazi al Acampe en Tribunales"},"content":{"rendered":"\n<p class=\"has-text-align-right\"><strong><em>por el Irreverente<\/em><\/strong><\/p>\n\n\n\n<div class=\"wp-block-image\"><figure class=\"aligncenter size-large\"><img loading=\"lazy\" decoding=\"async\" width=\"512\" height=\"1024\" src=\"https:\/\/locomociontv.org\/wp-content\/uploads\/2021\/04\/canaapoyo-1-512x1024.jpeg\" alt=\"\" class=\"wp-image-20044\" srcset=\"https:\/\/locomociontv.org\/wp-content\/uploads\/2021\/04\/canaapoyo-1-512x1024.jpeg 512w, https:\/\/locomociontv.org\/wp-content\/uploads\/2021\/04\/canaapoyo-1-150x300.jpeg 150w, https:\/\/locomociontv.org\/wp-content\/uploads\/2021\/04\/canaapoyo-1.jpeg 540w\" sizes=\"auto, (max-width: 512px) 100vw, 512px\" \/><\/figure><\/div>\n\n\n\n<p>El Acampe en Tribunales por los privados de la libertad fue atacado anoche, por un grupo de fan\u00e1ticos nazis que se desprendieron de la marcha que se estaba realizando en la Plaza de la Rep\u00fablica. Hasta aqu\u00ed, el primer avance de la noticia, que no es m\u00e1s que la punta de un iceberg siniestro prefigurativo de lo que ser\u00e1 este toque de queda y la t\u00e1ctica para vaciar las calles de la Aut\u00f3noma a la mayor brevedad posible. El motivo es que la tropa federal pueda establecer el completo toque de queda a pedido del Presidente y permitir as\u00ed que el ejemplo de sometimiento cunda en todo el pa\u00eds, en especial en los pueblos que est\u00e1n en lucha contra la megaminer\u00eda. Esta es otro de los sue\u00f1os de los poderosos que no abandonan por que tienen razones de &#8220;pesos&#8221; y tambi\u00e9n de d\u00f3lares para hacerlo. La resistencia a los ajustes en marcha debe ser aniquilada de inmediato por el poder cuanto antes, para que puedan vender cuanta piedra, metal o valor puedan extraer para conseguir efectivo que financie sus bienes terrenales mientras condenan a la poblaci\u00f3n al c\u00e1ncer y al envenenamiento.<\/p>\n\n\n\n<figure class=\"wp-block-video aligncenter\"><video height=\"426\" style=\"aspect-ratio: 236 \/ 426;\" width=\"236\" controls src=\"https:\/\/locomociontv.org\/wp-content\/uploads\/2021\/04\/Nos-informan-que-acaban-de-atacar.mp4\"><\/video><figcaption><strong><em>De como la Polic\u00eda de la Ciudad reten\u00eda a Alfredo Cuellar, mientras sus agresores hu\u00edan impunemente<\/em><\/strong><\/figcaption><\/figure>\n\n\n\n<p>Pero volvamos espec\u00edficamente a los hechos de ayer frente a Palacio de Tribunales, en la misma Plaza Lavalle. Unas personas de la marcha en Obelisco se acercaron a conversar con los miembros del Acampe, cuando cerca de esas personas comienzan a avanzar unos j\u00f3venes identificados con simbolog\u00eda nazi y a provocar a la gente. Los acampantes los obligaron a replegarse, pero detr\u00e1s de ellos apareci\u00f3 una treintena de militantes nazis cual grupo de choque que se encarg\u00f3 de atacar las intalaciones del Acampe ante la mirada hasta c\u00f3mplice de la Polic\u00eda de la Ciudad. En todo momento, los miembros de esa repartici\u00f3n se dedicaron a proteger a los atacantes y le negaron el acceso a la atenci\u00f3n m\u00e9dica a Alfredo Cuellar y a otro integrante, cuya identidad no estamos autorizados a brindar. Cuando sintieron la presi\u00f3n suficiente y con los agresores impunes, una ambulancia traslad\u00f3 a ambos heridos al Hospital Ramos Mej\u00eda de esta Aut\u00f3noma. All\u00ed la Polic\u00eda de la Ciudad permaneci\u00f3 pegada a los heridos como si en vez de ser v\u00edctimas fueran detenidos. Cuando consultamos al personal de guardia se nos brind\u00f3 un parte poco t\u00e9cnico y muy guionado por parte del personal, adem\u00e1s destacando que &#8220;tiene raz\u00f3n la gente de la Polic\u00eda&#8221;, cosa que no le hab\u00edamos preguntado.<\/p>\n\n\n\n<p>Luego de pasar por el Hospital Ramos Mej\u00eda nos acercamos al Acampe en Tribunales y all\u00ed se nos inform\u00f3 que los heridos decidieron que ir\u00edan al Hospital Argerich a ser atendidos, debido a los malos tratos y el asedio policial padecido en el anterior nosocomio. El padre de la China, Alfredo Cuellar, permaneci\u00f3 sin atenci\u00f3n m\u00e9dica durante 20 minutos casi mientras aseguraban la salida del grupo de atacantes. Por eso, la foto que ilustra esta nota es la del uniformado que todav\u00eda se vanagloriaba de su al menos negligente accionar sino c\u00f3mplice de los atacantes.<\/p>\n\n\n\n<p>Desde Locomoci\u00f3n TV descontamos que \u00e9ste no fue un hecho aislado, el Gobierno de la Ciudad est\u00e1 entregando a los habitantes de esta Aut\u00f3noma a las fuerzas federales. El deseo de esta gente es poder concretar el Sitio Federal a la Ciudad, como lo expresara es el discurso de extensi\u00f3n del ToKe de Keda, el mismo Presidente de la Rep\u00fablica. Molesta la protesta social en momentos de ajustes y mucho. Y como es de esperar el Estado act\u00faa en consecuencia.<\/p>\n\n\n\n<!--more-->\n\n\n\n<p>A continuaci\u00f3n les brindamos el Comunicado emitido sobre el particular por el mismo Acampe:<\/p>\n\n\n\n<p><strong><em>Comunicado desde el acampe de familiares de detenidxs frente a la Corte Suprema de la Naci\u00f3n.<\/em><\/strong><\/p>\n\n\n\n<p>El d\u00eda de ayer, 17 de abril en la noche, una patota de aproximadamente 30 personas vinieron a atacarnos.<br>Entr\u00e9 neonazis y polic\u00edas golpearon a mansalva, arrancaron banderas y carpas. Vinieron con palos y preparados para pelear, dejando a varios con golpes y cortes. Se retiraron cuando vecinos en situaci\u00f3n de calle se sumaron ya que nos superaban en n\u00famero. Dos terminaron en hospital,\u00a0uno de ellos, desmayado por un bastonazo en la frente efectuado por el oficial de la polic\u00eda de la ciudad, J. P. Brito Costa.<\/p>\n\n\n\n<p>Repudiamos este hecho y la mejor manera de hacerlo es seguir resistiendo y vicibilizando la problem\u00e1tica carcelaria que d\u00eda a d\u00eda se sigue torturando y cobrando vidas.<\/p>\n\n\n\n<p>Agradecemos a la solidaridad de todxs lxs compa\u00f1erxs y familiares que acudieron a pesar de las restricciones del toque queda.<\/p>\n\n\n\n<p>No descartamos la posibilidad de que este hecho se repita, ya que sabemos que se manejan con total impunidad.<\/p>\n\n\n\n<p><br>Pedimos la difusi\u00f3n y acompa\u00f1amiento.<\/p>\n\n\n\n<p>Hoy m\u00e1s que nunca<\/p>\n\n\n\n<p class=\"has-text-align-center\"><strong><em>\u00a1\u00a1\u00a1EL ACAMPE TIENE AGUANTE!!!<\/em><\/strong><\/p>\n<div class=\"pdfprnt-buttons pdfprnt-buttons-post pdfprnt-bottom-right\"><a href=\"https:\/\/locomociontv.org\/index.php?rest_route=%2Fwp%2Fv2%2Fposts%2F20041&print=pdf\" class=\"pdfprnt-button pdfprnt-button-pdf\" target=\"_blank\" ><img decoding=\"async\" src=\"https:\/\/locomociontv.org\/wp-content\/plugins\/pdf-print\/images\/pdf.png\" alt=\"image_pdf\" title=\"View PDF\" \/><span class=\"pdfprnt-button-title pdfprnt-button-pdf-title\">Hacer PDF<\/span><\/a><a href=\"https:\/\/locomociontv.org\/index.php?rest_route=%2Fwp%2Fv2%2Fposts%2F20041&print=print\" class=\"pdfprnt-button pdfprnt-button-print\" target=\"_blank\" ><img decoding=\"async\" src=\"https:\/\/locomociontv.org\/wp-content\/plugins\/pdf-print\/images\/print.png\" alt=\"image_print\" title=\"Print Content\" \/><span class=\"pdfprnt-button-title pdfprnt-button-print-title\">Imprimir<\/span><\/a><\/div><p>Views: 0<\/p>","protected":false},"excerpt":{"rendered":"<p>por el Irreverente El Acampe en Tribunales por los privados de la libertad fue atacado anoche, por un grupo de fan\u00e1ticos nazis que se desprendieron de la marcha que se estaba realizando en la Plaza de la Rep\u00fablica. Hasta aqu\u00ed, el primer avance de la noticia, que no es m\u00e1s que la punta de un &hellip;<\/p>\n","protected":false},"author":733,"featured_media":20042,"comment_status":"open","ping_status":"open","sticky":false,"template":"","format":"standard","meta":{"footnotes":""},"categories":[1],"tags":[],"class_list":["post-20041","post","type-post","status-publish","format-standard","has-post-thumbnail","hentry","category-sin-categoria","post-bright","has-post-thumb","small-thumb"],"_links":{"self":[{"href":"https:\/\/locomociontv.org\/index.php?rest_route=\/wp\/v2\/posts\/20041","targetHints":{"allow":["GET"]}}],"collection":[{"href":"https:\/\/locomociontv.org\/index.php?rest_route=\/wp\/v2\/posts"}],"about":[{"href":"https:\/\/locomociontv.org\/index.php?rest_route=\/wp\/v2\/types\/post"}],"author":[{"embeddable":true,"href":"https:\/\/locomociontv.org\/index.php?rest_route=\/wp\/v2\/users\/733"}],"replies":[{"embeddable":true,"href":"https:\/\/locomociontv.org\/index.php?rest_route=%2Fwp%2Fv2%2Fcomments&post=20041"}],"version-history":[{"count":9,"href":"https:\/\/locomociontv.org\/index.php?rest_route=\/wp\/v2\/posts\/20041\/revisions"}],"predecessor-version":[{"id":20061,"href":"https:\/\/locomociontv.org\/index.php?rest_route=\/wp\/v2\/posts\/20041\/revisions\/20061"}],"wp:featuredmedia":[{"embeddable":true,"href":"https:\/\/locomociontv.org\/index.php?rest_route=\/wp\/v2\/media\/20042"}],"wp:attachment":[{"href":"https:\/\/locomociontv.org\/index.php?rest_route=%2Fwp%2Fv2%2Fmedia&parent=20041"}],"wp:term":[{"taxonomy":"category","embeddable":true,"href":"https:\/\/locomociontv.org\/index.php?rest_route=%2Fwp%2Fv2%2Fcategories&post=20041"},{"taxonomy":"post_tag","embeddable":true,"href":"https:\/\/locomociontv.org\/index.php?rest_route=%2Fwp%2Fv2%2Ftags&post=20041"}],"curies":[{"name":"wp","href":"https:\/\/api.w.org\/{rel}","templated":true}]}}