{"id":19860,"date":"2021-03-24T05:52:38","date_gmt":"2021-03-24T08:52:38","guid":{"rendered":"https:\/\/locomociontv.org\/?p=19860"},"modified":"2021-03-27T02:05:06","modified_gmt":"2021-03-27T05:05:06","slug":"el-irreverente-34-bloque-02","status":"publish","type":"post","link":"https:\/\/locomociontv.org\/?p=19860","title":{"rendered":"El Irreverente #34 &#8211; Bloque #02"},"content":{"rendered":"\n<p>Ante lo nauseabundo de la Vacunaci\u00f3n Vip, el Presidente est\u00e1 muerto de miedo y sale a mostrar m\u00fasculo, aunque se lo ve escu\u00e1lido. Cada d\u00eda es m\u00e1s claro que el miedo a ver gente en la calle lo domina. <\/p>\n\n\n\n<p>El Presidente de la Naci\u00f3n se aleja de las c\u00e1maras para los anuncios y maneja con DNUs, que la poblaci\u00f3n en general tarda en leer y procesar.<\/p>\n\n\n\n<p>El 27 de febrero los pol\u00edticos de la nauseante grieta intentaron pegar la marcha a los negocios electorales, El PRO di\u00f3 la nota grosera que le vali\u00f3 merecidamente el repudio generalizado. En cuanto al peronismo, no pudo evitar su f\u00e1lica verg\u00fcenza mandando a Olivos a sus rid\u00edculos fleteros a hacer cosas de Tonton Macoutes, contando adem\u00e1s con el apoyo de la tropa estatal en su infame tarea.<\/p>\n\n\n\n<p>Larreta mientras tanto inici\u00f3 el a\u00f1o legislativo criminalizando a los Vendedores Libres de la Aut\u00f3noma. Parece que el viejo Pluscuanprohibido deja paso a una tentaci\u00f3n PRO nada disimulada por el Tercer Reich.<\/p>\n\n\n\n<p>La desesperaci\u00f3n por cumplir con sus patrones lleva a Alberto Fern\u00e1ndez y Mariano Arcioni a insistir con la megaminer\u00eda en la Provincia del Chubut, que particularmente la Rosada quiere judicializar a como d\u00e9 lugar a los militantes ambientalistas, aunque parece que las cosas les salen mal.<\/p>\n\n\n\n<iframe loading=\"lazy\" width=\"640\" height=\"360\" src=\"https:\/\/www.youtube.com\/embed\/F_ysQCVKMH0\" title=\"YouTube video player\" frameborder=\"0\" allow=\"accelerometer; autoplay; clipboard-write; encrypted-media; gyroscope; picture-in-picture\" allowfullscreen=\"\"><\/iframe>\n<div class=\"pdfprnt-buttons pdfprnt-buttons-post pdfprnt-bottom-right\"><a href=\"https:\/\/locomociontv.org\/index.php?rest_route=%2Fwp%2Fv2%2Fposts%2F19860&print=pdf\" class=\"pdfprnt-button pdfprnt-button-pdf\" target=\"_blank\" ><img decoding=\"async\" src=\"https:\/\/locomociontv.org\/wp-content\/plugins\/pdf-print\/images\/pdf.png\" alt=\"image_pdf\" title=\"View PDF\" \/><span class=\"pdfprnt-button-title pdfprnt-button-pdf-title\">Hacer PDF<\/span><\/a><a href=\"https:\/\/locomociontv.org\/index.php?rest_route=%2Fwp%2Fv2%2Fposts%2F19860&print=print\" class=\"pdfprnt-button pdfprnt-button-print\" target=\"_blank\" ><img decoding=\"async\" src=\"https:\/\/locomociontv.org\/wp-content\/plugins\/pdf-print\/images\/print.png\" alt=\"image_print\" title=\"Print Content\" \/><span class=\"pdfprnt-button-title pdfprnt-button-print-title\">Imprimir<\/span><\/a><\/div><p>Views: 0<\/p>","protected":false},"excerpt":{"rendered":"<p>Ante lo nauseabundo de la Vacunaci\u00f3n Vip, el Presidente est\u00e1 muerto de miedo y sale a mostrar m\u00fasculo, aunque se lo ve escu\u00e1lido. Cada d\u00eda es m\u00e1s claro que el miedo a ver gente en la calle lo domina. El Presidente de la Naci\u00f3n se aleja de las c\u00e1maras para los anuncios y maneja con &hellip;<\/p>\n","protected":false},"author":733,"featured_media":19863,"comment_status":"open","ping_status":"open","sticky":false,"template":"","format":"standard","meta":{"footnotes":""},"categories":[59,7,8,9,6],"tags":[],"class_list":["post-19860","post","type-post","status-publish","format-standard","has-post-thumbnail","hentry","category-crisis-sanitaria-en-la-argentina","category-el-estado-de-las-luchas","category-el-irreverente","category-politica-nacional","category-programas","post-bright","has-post-thumb"],"_links":{"self":[{"href":"https:\/\/locomociontv.org\/index.php?rest_route=\/wp\/v2\/posts\/19860","targetHints":{"allow":["GET"]}}],"collection":[{"href":"https:\/\/locomociontv.org\/index.php?rest_route=\/wp\/v2\/posts"}],"about":[{"href":"https:\/\/locomociontv.org\/index.php?rest_route=\/wp\/v2\/types\/post"}],"author":[{"embeddable":true,"href":"https:\/\/locomociontv.org\/index.php?rest_route=\/wp\/v2\/users\/733"}],"replies":[{"embeddable":true,"href":"https:\/\/locomociontv.org\/index.php?rest_route=%2Fwp%2Fv2%2Fcomments&post=19860"}],"version-history":[{"count":3,"href":"https:\/\/locomociontv.org\/index.php?rest_route=\/wp\/v2\/posts\/19860\/revisions"}],"predecessor-version":[{"id":19896,"href":"https:\/\/locomociontv.org\/index.php?rest_route=\/wp\/v2\/posts\/19860\/revisions\/19896"}],"wp:featuredmedia":[{"embeddable":true,"href":"https:\/\/locomociontv.org\/index.php?rest_route=\/wp\/v2\/media\/19863"}],"wp:attachment":[{"href":"https:\/\/locomociontv.org\/index.php?rest_route=%2Fwp%2Fv2%2Fmedia&parent=19860"}],"wp:term":[{"taxonomy":"category","embeddable":true,"href":"https:\/\/locomociontv.org\/index.php?rest_route=%2Fwp%2Fv2%2Fcategories&post=19860"},{"taxonomy":"post_tag","embeddable":true,"href":"https:\/\/locomociontv.org\/index.php?rest_route=%2Fwp%2Fv2%2Ftags&post=19860"}],"curies":[{"name":"wp","href":"https:\/\/api.w.org\/{rel}","templated":true}]}}