{"id":19247,"date":"2020-10-22T10:34:17","date_gmt":"2020-10-22T13:34:17","guid":{"rendered":"https:\/\/locomociontv.org\/?p=19247"},"modified":"2020-10-22T10:34:19","modified_gmt":"2020-10-22T13:34:19","slug":"el-decadente-golpismo-boliviano-en-la-recta-final","status":"publish","type":"post","link":"https:\/\/locomociontv.org\/?p=19247","title":{"rendered":"El decadente golpismo boliviano en la recta final"},"content":{"rendered":"\n<p>El Golpismo boliviano ha recibido este domingo una previsible derrota, la cual no les era desconocida su inminencia. Sab\u00edan que el terror aplicado no es concebible en Bolivia e igual lo hicieron. No ten\u00edan plan B, era ver hasta donde daba el modelo de golpe hondure\u00f1o y rezar para que no les pase nada en el camino. Militarizaron el pa\u00eds y pensaron que as\u00ed iban a conservar el poder. La derecha ha obtenido durante un a\u00f1o en Bolivia una victoria p\u00edrrica. No tuvieron siquiera la decencia de mostrarse menos divididos ante la &#8220;amenaza&#8221; que los llev\u00f3 a romper la institucionalidad. Mostraron durante todo su mandato lo que los &#8220;egos&#8221; propios de sus concepciones pol\u00edticas pueden llegar a producirles. Al final, la misma dictadora Jeanine \u00c1\u00f1ez baj\u00f3 su candidatura, lo golpistas se la ve\u00edan venir. Camacho hizo su negocio constituyendo una fuerza a nivel nacional, Mesa sali\u00f3 a reconocer su derrota y a decir que le tocar\u00e1 en suerte &#8220;liderar la oposici\u00f3n&#8221;, \u00c1\u00f1ez terminar\u00e1 su dictadura sin gloria y con mucha pena. Sea por sus inidvidualismos o por sus excentricidades, fueron marcados por el voto popular como indeseables. Hemos documentado desde el mismo surgimiento del accionar golpista los hechos y denunciamos cada atropello, por lo que al menos en estas p\u00e1ginas no quedar\u00e1 indemnes al juicio de la Historia que de ninguna manera los absolver\u00e1. Fueron una dictadura durante un a\u00f1o y pueden empezar a considerarse derrotados por decenas y merecidamente.<\/p>\n\n\n\n<!--more-->\n\n\n\n<figure class=\"wp-block-image\"><img decoding=\"async\" src=\"https:\/\/ichef.bbci.co.uk\/news\/640\/cpsprodpb\/3BAF\/production\/_114997251_mediaitem114997250.jpg\" alt=\"Luis Arce\"\/><\/figure>\n\n\n\n<p>Volvamos al futuro del hermano Estado Plurinacional de Bolivia que hoy tiene un nombre y es el de Luis Arce Catacora. Les recomendamos el art\u00edculo de <strong><em><a rel=\"noreferrer noopener\" href=\"https:\/\/www.bbc.com\/mundo\/noticias-america-latina-54610692\" target=\"_blank\">BBC NEWS<\/a><\/em><\/strong> sobre el presidente electo. Lo que m\u00e1s nos lleg\u00f3 del mismo es c\u00f3mo Arce define claramente lo que fue un golpe de estado sin atenuantes como interinatos o dem\u00e1s justificaciones que se les busc\u00f3 dar en estos tiempos. Esa nota tiene un contenido pintoresco con una insistencia en mostrar lo obvio: que Arce no es Evo Morales. <\/p>\n\n\n\n<p>En cuanto al MAS, si hay algo que se evidenci\u00f3 en durante la corta dictadura de \u00c1\u00f1ez, es que es un espacio con profundos debates internos. Como la derecha, en sus filas los egos y los m\u00faltiples y muy diversos actores y acciones se teje un entremado que Arce deber\u00e1 poder manejar o llevar al MAS a la debacle. Deber\u00e1 escuchar a muchos el futuro presidente y m\u00e1s le vale prestar m\u00e1s oreja que lengua a su gesti\u00f3n. <\/p>\n\n\n\n<p>\u00bfSer\u00e1 que esperamos algo del gobierno del MAS? La verdad no los esper\u00e1bamos antes y menos podemos pretender esperar algo ahora. Siempre ha sido un reformismo populista con muchas poses y poca acci\u00f3n revolucionaria. Depuesta la Dictadura, el MAS es otro partido que sostienen el mdo de producci\u00f3n capitalista en la regi\u00f3n. Nos conformar\u00edamos con que profundicen algunos de los avances a una econom\u00eda m\u00e1s solidaria. Desde El Irreverente hemos apoyado al MAS en esta coyuntura por diversas razones, pero centralmente para garantizar la derrota del golpismo, lo que es un objetivo cumplido.<\/p>\n\n\n\n<p>\u00bfC\u00f3mo actuaremos desde El Irreverente en el futuro? Tal cual como nos pasa con el FIT al que acompa\u00f1amos electoralmente, pero que sin embargo criticamos con suma dureza su deficiente labor paralamentaria y parlamentarista. Nunca fuimos genuflexos y seguiremos firmes con nuestro \u00fanico capital que es la honestidad. M\u00e1s all\u00e1 de todo s\u00f3lo nos queda desear que sea lo mejor para el pueblo boliviano la futura gesti\u00f3n del MAS. La desverg\u00fcenza y el accionar golpista de la oposici\u00f3n los ha dejado hist\u00f3ricamente en un lugar de privilegio al que deber\u00e1n hacer honor o sucumbir.<\/p>\n<div class=\"pdfprnt-buttons pdfprnt-buttons-post pdfprnt-bottom-right\"><a href=\"https:\/\/locomociontv.org\/index.php?rest_route=%2Fwp%2Fv2%2Fposts%2F19247&print=pdf\" class=\"pdfprnt-button pdfprnt-button-pdf\" target=\"_blank\" ><img decoding=\"async\" src=\"https:\/\/locomociontv.org\/wp-content\/plugins\/pdf-print\/images\/pdf.png\" alt=\"image_pdf\" title=\"View PDF\" \/><span class=\"pdfprnt-button-title pdfprnt-button-pdf-title\">Hacer PDF<\/span><\/a><a href=\"https:\/\/locomociontv.org\/index.php?rest_route=%2Fwp%2Fv2%2Fposts%2F19247&print=print\" class=\"pdfprnt-button pdfprnt-button-print\" target=\"_blank\" ><img decoding=\"async\" src=\"https:\/\/locomociontv.org\/wp-content\/plugins\/pdf-print\/images\/print.png\" alt=\"image_print\" title=\"Print Content\" \/><span class=\"pdfprnt-button-title pdfprnt-button-print-title\">Imprimir<\/span><\/a><\/div><p>Views: 0<\/p>","protected":false},"excerpt":{"rendered":"<p>El Golpismo boliviano ha recibido este domingo una previsible derrota, la cual no les era desconocida su inminencia. Sab\u00edan que el terror aplicado no es concebible en Bolivia e igual lo hicieron. No ten\u00edan plan B, era ver hasta donde daba el modelo de golpe hondure\u00f1o y rezar para que no les pase nada en &hellip;<\/p>\n","protected":false},"author":1,"featured_media":19248,"comment_status":"open","ping_status":"open","sticky":false,"template":"","format":"standard","meta":{"footnotes":""},"categories":[1],"tags":[],"class_list":["post-19247","post","type-post","status-publish","format-standard","has-post-thumbnail","hentry","category-sin-categoria","post-bright","has-post-thumb"],"_links":{"self":[{"href":"https:\/\/locomociontv.org\/index.php?rest_route=\/wp\/v2\/posts\/19247","targetHints":{"allow":["GET"]}}],"collection":[{"href":"https:\/\/locomociontv.org\/index.php?rest_route=\/wp\/v2\/posts"}],"about":[{"href":"https:\/\/locomociontv.org\/index.php?rest_route=\/wp\/v2\/types\/post"}],"author":[{"embeddable":true,"href":"https:\/\/locomociontv.org\/index.php?rest_route=\/wp\/v2\/users\/1"}],"replies":[{"embeddable":true,"href":"https:\/\/locomociontv.org\/index.php?rest_route=%2Fwp%2Fv2%2Fcomments&post=19247"}],"version-history":[{"count":7,"href":"https:\/\/locomociontv.org\/index.php?rest_route=\/wp\/v2\/posts\/19247\/revisions"}],"predecessor-version":[{"id":19255,"href":"https:\/\/locomociontv.org\/index.php?rest_route=\/wp\/v2\/posts\/19247\/revisions\/19255"}],"wp:featuredmedia":[{"embeddable":true,"href":"https:\/\/locomociontv.org\/index.php?rest_route=\/wp\/v2\/media\/19248"}],"wp:attachment":[{"href":"https:\/\/locomociontv.org\/index.php?rest_route=%2Fwp%2Fv2%2Fmedia&parent=19247"}],"wp:term":[{"taxonomy":"category","embeddable":true,"href":"https:\/\/locomociontv.org\/index.php?rest_route=%2Fwp%2Fv2%2Fcategories&post=19247"},{"taxonomy":"post_tag","embeddable":true,"href":"https:\/\/locomociontv.org\/index.php?rest_route=%2Fwp%2Fv2%2Ftags&post=19247"}],"curies":[{"name":"wp","href":"https:\/\/api.w.org\/{rel}","templated":true}]}}