{"id":19244,"date":"2020-10-20T18:03:01","date_gmt":"2020-10-20T21:03:01","guid":{"rendered":"https:\/\/locomociontv.org\/?p=19244"},"modified":"2020-10-20T18:03:02","modified_gmt":"2020-10-20T21:03:02","slug":"el-orgullo-de-ser-zurdo","status":"publish","type":"post","link":"https:\/\/locomociontv.org\/?p=19244","title":{"rendered":"EL ORGULLO DE SER ZURDO"},"content":{"rendered":"\n<p class=\"has-text-align-right\"><strong><em>por Gustavo Robles<\/em><\/strong><\/p>\n\n\n\n<p>A 10 a\u00f1os del asesinato de Mariano Ferreyra, lo recuerdo con las palabras que escrib\u00ed entonces.<\/p>\n\n\n\n<p>Duelen las ausencias. Son presencias permanentes, que nos recuerdan sus sonrisas, sus arrojos, sus solidaridades, su AMOR. Nos recuerdan que ya no est\u00e1n los compa\u00f1eros que dieron sus vidas por un mundo diferente al que vivimos. El asesinato de Marianito, como le dec\u00edamos quienes lo conocimos, crimen perpetrado por la patota mafiosa de la burocracia sindical de siempre, en este caso de la Uni\u00f3n Ferroviaria del entregador de trabajadores Pedraza, me produjo en principio una gran congoja, dolor e indignaci\u00f3n.<\/p>\n\n\n\n<p>Recuerdo sus discusiones con mi hija, \u00e9l en la UJS (juventud del PO), ella en la \u201cFede\u201d (juventud del PC), cuando iban a la secundaria al Sim\u00f3n Bol\u00edvar de Sarand\u00ed. A\u00fan con ese empuje inigualable de la juventud, Mariano parec\u00eda un remanso, mezcla de calidez y compromiso. No tengo Fe de creyente, mi estructura de pensamiento s\u00f3lo me permite abordar lo concreto, y lo \u00fanico concreto que se v\u00e9 de la Realidad es que es cruel, y s\u00f3lo nosotros, mujeres y hombres, con nuestra acci\u00f3n consciente, fraterna, humanitaria, revolucionaria, podemos hacerla digna de ser vivida. Sin embargo, como todo ser humano, trato de buscarle algo que me sirva de aliento para continuar, m\u00e1s all\u00e1 del dolor inmenso.<\/p>\n\n\n\n<!--more-->\n\n\n\n<p>Y\u2026 \u00bfsaben? S\u00ed encontr\u00e9 algo.<\/p>\n\n\n\n<h4 class=\"wp-block-heading\">ORGULLO<\/h4>\n\n\n\n<p>Orgullo por mis compa\u00f1eros<br>Orgullo por mis camaradas<\/p>\n\n\n\n<p>Siento un orgullo que no entra dentro de m\u00ed por TODOS aquellos que, d\u00eda a d\u00eda, desde su puesto de lucha, desde su organizaci\u00f3n, m\u00e1s grande o m\u00e1s chiquita, pol\u00edtica o social, aportan gran parte<br>de su vida parta tratar de hacer mejor la vida de todos los habitantes de este mundo.<\/p>\n\n\n\n<p>Somos cosa seria los \u201czurdos\u201d. Como acostumbro a decir, podemos parecer soberbios, tozudos, bastante intolerantes, demasiado sectarios y no acertamos \u2013todav\u00eda- a constituirnos en referencia legitimada de la clase trabajadora y las mayor\u00edas populares. Es cierto, nos dividimos f\u00e1cil. Pero ya va a cambiar eso. Y tal vez dentro de no mucho. La prueba est\u00e1 en que cuando nos tocan a un compa\u00f1ero, sea de la \u201corga\u201d que sea, todos nos autoconvocamos solidariamente para pelear por la justicia y por la memoria.<\/p>\n\n\n\n<p>Somos apasionados los zurdos. No somos comprables. Tenemos principios, y esos principios tienen que ver intr\u00ednsicamente con lo humano.<\/p>\n\n\n\n<p>Nos cuidamos, nos tendemos la mano, nos apoyamos en las malas. Discutimos, s\u00ed; y hasta acaloradamente. Pero cuando hay que hablar de fraternidad\u2026. ning\u00fan ejemplo como el de los militantes de izquierda.<\/p>\n\n\n\n<p>Peleamos en desventaja, peleamos contramarea, metemos los pies en el barro y muchas veces tendemos las manos a quienes despu\u00e9s nos dan la espalda.<\/p>\n\n\n\n<p>Luchamos por reivindicaciones que se llevan otros que despu\u00e9s tal vez nos ignoren, o, incluso, se pongan en nuestra contra.<\/p>\n\n\n\n<p>Tan humanos somos, que, no me cabe duda, somos lo mejor de lo humano. Y no hay jactancia en tal afirmaci\u00f3n, hay pruebas concretas e innumerables, a lo largo de los a\u00f1os en que algunos se han impuesto la tarea de organizar a los explotados del mundo para lograr su liberaci\u00f3n.<\/p>\n\n\n\n<p>La izquierda ha regado generosamente con sangre de miles de compa\u00f1eros abnegados los campos del mundo, en pos de ese sue\u00f1o que es una sociedad sin miseria ni explotados.<\/p>\n\n\n\n<p>Alguien barbudo y con boina dijo alguna vez \u201cLa cualidad m\u00e1s grande de un revolucionario es su sentimiento de AMOR por la humanidad\u201d.<br>Esa frase del Che me sigue emocionando cada vez que la invoco, y est\u00e1 alta en la bandera de mi conciencia.<\/p>\n\n\n\n<p>Bien, si el amor se puede medir, no puede haber amor m\u00e1s grande que ofrendar la vida por la humanidad. Los \u201czurdos\u201d nos jugamos nuestros trabajos, nuestro bienestar, nuestra salud, nuestra libertad, nuestras vidas por ese sue\u00f1o.<\/p>\n\n\n\n<p>Le ponemos el pecho a las balas, por defender a los humildes<br>Como Mariano<\/p>\n\n\n\n<p>Gracias, compa\u00f1ero, camarada, hermano.<br>Gracias por este orgullo que siento<br>Gracias por tu sangre generosa, por tu entrega, por tu conciencia, por tu humanismo.<br>Por vos, por Fuentealba, por Dar\u00edo, por Maxi, y por los miles y miles que no dudaron en jugarse lo m\u00e1s valioso que tiene cada ser humano para ofrendar, nada m\u00e1s y nada menos que para que todos los otros vivan mejor.<\/p>\n\n\n\n<p>Por todos ellos, siempre presentes:<br>Hasta la Victoria Siempre<\/p>\n<div class=\"pdfprnt-buttons pdfprnt-buttons-post pdfprnt-bottom-right\"><a href=\"https:\/\/locomociontv.org\/index.php?rest_route=%2Fwp%2Fv2%2Fposts%2F19244&print=pdf\" class=\"pdfprnt-button pdfprnt-button-pdf\" target=\"_blank\" ><img decoding=\"async\" src=\"https:\/\/locomociontv.org\/wp-content\/plugins\/pdf-print\/images\/pdf.png\" alt=\"image_pdf\" title=\"View PDF\" \/><span class=\"pdfprnt-button-title pdfprnt-button-pdf-title\">Hacer PDF<\/span><\/a><a href=\"https:\/\/locomociontv.org\/index.php?rest_route=%2Fwp%2Fv2%2Fposts%2F19244&print=print\" class=\"pdfprnt-button pdfprnt-button-print\" target=\"_blank\" ><img decoding=\"async\" src=\"https:\/\/locomociontv.org\/wp-content\/plugins\/pdf-print\/images\/print.png\" alt=\"image_print\" title=\"Print Content\" \/><span class=\"pdfprnt-button-title pdfprnt-button-print-title\">Imprimir<\/span><\/a><\/div><p>Views: 0<\/p>","protected":false},"excerpt":{"rendered":"<p>por Gustavo Robles A 10 a\u00f1os del asesinato de Mariano Ferreyra, lo recuerdo con las palabras que escrib\u00ed entonces. Duelen las ausencias. Son presencias permanentes, que nos recuerdan sus sonrisas, sus arrojos, sus solidaridades, su AMOR. Nos recuerdan que ya no est\u00e1n los compa\u00f1eros que dieron sus vidas por un mundo diferente al que vivimos. &hellip;<\/p>\n","protected":false},"author":1,"featured_media":19245,"comment_status":"open","ping_status":"open","sticky":false,"template":"","format":"standard","meta":{"footnotes":""},"categories":[1],"tags":[],"class_list":["post-19244","post","type-post","status-publish","format-standard","has-post-thumbnail","hentry","category-sin-categoria","post-bright","has-post-thumb","small-thumb"],"_links":{"self":[{"href":"https:\/\/locomociontv.org\/index.php?rest_route=\/wp\/v2\/posts\/19244","targetHints":{"allow":["GET"]}}],"collection":[{"href":"https:\/\/locomociontv.org\/index.php?rest_route=\/wp\/v2\/posts"}],"about":[{"href":"https:\/\/locomociontv.org\/index.php?rest_route=\/wp\/v2\/types\/post"}],"author":[{"embeddable":true,"href":"https:\/\/locomociontv.org\/index.php?rest_route=\/wp\/v2\/users\/1"}],"replies":[{"embeddable":true,"href":"https:\/\/locomociontv.org\/index.php?rest_route=%2Fwp%2Fv2%2Fcomments&post=19244"}],"version-history":[{"count":1,"href":"https:\/\/locomociontv.org\/index.php?rest_route=\/wp\/v2\/posts\/19244\/revisions"}],"predecessor-version":[{"id":19246,"href":"https:\/\/locomociontv.org\/index.php?rest_route=\/wp\/v2\/posts\/19244\/revisions\/19246"}],"wp:featuredmedia":[{"embeddable":true,"href":"https:\/\/locomociontv.org\/index.php?rest_route=\/wp\/v2\/media\/19245"}],"wp:attachment":[{"href":"https:\/\/locomociontv.org\/index.php?rest_route=%2Fwp%2Fv2%2Fmedia&parent=19244"}],"wp:term":[{"taxonomy":"category","embeddable":true,"href":"https:\/\/locomociontv.org\/index.php?rest_route=%2Fwp%2Fv2%2Fcategories&post=19244"},{"taxonomy":"post_tag","embeddable":true,"href":"https:\/\/locomociontv.org\/index.php?rest_route=%2Fwp%2Fv2%2Ftags&post=19244"}],"curies":[{"name":"wp","href":"https:\/\/api.w.org\/{rel}","templated":true}]}}