{"id":19138,"date":"2020-09-14T18:43:46","date_gmt":"2020-09-14T21:43:46","guid":{"rendered":"https:\/\/locomociontv.org\/?p=19138"},"modified":"2020-09-14T18:43:49","modified_gmt":"2020-09-14T21:43:49","slug":"a-14-anos-de-la-desaparicion-forzada-de-jorge-julio-lopez","status":"publish","type":"post","link":"https:\/\/locomociontv.org\/?p=19138","title":{"rendered":"A 14 a\u00f1os de la desaparici\u00f3n forzada de Jorge Julio L\u00f3pez"},"content":{"rendered":"\n<figure class=\"wp-block-image size-large\"><img loading=\"lazy\" decoding=\"async\" width=\"678\" height=\"960\" src=\"https:\/\/locomociontv.org\/wp-content\/uploads\/2020\/09\/marchajulio.jpg\" alt=\"\" class=\"wp-image-19139\" srcset=\"https:\/\/locomociontv.org\/wp-content\/uploads\/2020\/09\/marchajulio.jpg 678w, https:\/\/locomociontv.org\/wp-content\/uploads\/2020\/09\/marchajulio-212x300.jpg 212w\" sizes=\"auto, (max-width: 678px) 100vw, 678px\" \/><figcaption><strong><em><a href=\"https:\/\/www.facebook.com\/photo.php?fbid=10222979577134989&amp;set=a.1523369921291&amp;type=3&amp;theater\" target=\"_blank\" rel=\"noreferrer noopener\">La convocatoria por la continuidad de la lucha y contra el olvido<\/a><\/em><\/strong><\/figcaption><\/figure>\n\n\n\n<p>La convocatoria nos lleg\u00f3, no por la v\u00eda casi acostumbrada, que es un grupo de organismos, nos lleg\u00f3 a trav\u00e9s de la <a href=\"https:\/\/www.facebook.com\/gabriela.conder?__tn__=%2Cd%2AF%2AF-R&amp;eid=ARDTWskJIbPrSIgRVR-ytBTVDA-GyrJWLEYLM84-bKQeksqWfYyv9-sz3KxhlUlsNLeNngZ8jsjWFI7G&amp;tn-str=%2AF\" target=\"_blank\" rel=\"noreferrer noopener\"><strong><em>Dra. Gabriela Conder<\/em><\/strong><\/a> y de muchos militantes de Derechos Humanos que para Locomoci\u00f3n TV son instituciones en si mismas de la lucha. <\/p>\n\n\n\n<p>La cita es clara, nos encontramos en Obelisco el viernes 18 a las 15 horas para renovar nuestro compromiso con la lucha por la aparici\u00f3n con vida de Jorge Julio L\u00f3pez y contra el olvido. Esperamos desde Locomoci\u00f3n TV verlos all\u00ed y marchar juntos.<\/p>\n<div class=\"pdfprnt-buttons pdfprnt-buttons-post pdfprnt-bottom-right\"><a href=\"https:\/\/locomociontv.org\/index.php?rest_route=%2Fwp%2Fv2%2Fposts%2F19138&print=pdf\" class=\"pdfprnt-button pdfprnt-button-pdf\" target=\"_blank\" ><img decoding=\"async\" src=\"https:\/\/locomociontv.org\/wp-content\/plugins\/pdf-print\/images\/pdf.png\" alt=\"image_pdf\" title=\"View PDF\" \/><span class=\"pdfprnt-button-title pdfprnt-button-pdf-title\">Hacer PDF<\/span><\/a><a href=\"https:\/\/locomociontv.org\/index.php?rest_route=%2Fwp%2Fv2%2Fposts%2F19138&print=print\" class=\"pdfprnt-button pdfprnt-button-print\" target=\"_blank\" ><img decoding=\"async\" src=\"https:\/\/locomociontv.org\/wp-content\/plugins\/pdf-print\/images\/print.png\" alt=\"image_print\" title=\"Print Content\" \/><span class=\"pdfprnt-button-title pdfprnt-button-print-title\">Imprimir<\/span><\/a><\/div><p>Views: 0<\/p>","protected":false},"excerpt":{"rendered":"<p>La convocatoria nos lleg\u00f3, no por la v\u00eda casi acostumbrada, que es un grupo de organismos, nos lleg\u00f3 a trav\u00e9s de la Dra. Gabriela Conder y de muchos militantes de Derechos Humanos que para Locomoci\u00f3n TV son instituciones en si mismas de la lucha. La cita es clara, nos encontramos en Obelisco el viernes 18 &hellip;<\/p>\n","protected":false},"author":1,"featured_media":19139,"comment_status":"open","ping_status":"open","sticky":false,"template":"","format":"standard","meta":{"footnotes":""},"categories":[57,20,17,36,35,59,11,73,7,8,16,25,38,44,9,39,6],"tags":[],"class_list":["post-19138","post","type-post","status-publish","format-standard","has-post-thumbnail","hentry","category-abuso-de-poder","category-aparatos-de-represion-de-estado","category-corruptelas-varias","category-crimenes-de-lesa-humanidad","category-crimenes-de-odio","category-crisis-sanitaria-en-la-argentina","category-derechos-humanos","category-desparecidos-en-democracia","category-el-estado-de-las-luchas","category-el-irreverente","category-lecturas-irreverentes","category-luchas-de-clase","category-lumpenes-y-pinekertons","category-persecusiones-politicas","category-politica-nacional","category-precarizacion-y-estafas","category-programas","post-bright","has-post-thumb","small-thumb"],"_links":{"self":[{"href":"https:\/\/locomociontv.org\/index.php?rest_route=\/wp\/v2\/posts\/19138","targetHints":{"allow":["GET"]}}],"collection":[{"href":"https:\/\/locomociontv.org\/index.php?rest_route=\/wp\/v2\/posts"}],"about":[{"href":"https:\/\/locomociontv.org\/index.php?rest_route=\/wp\/v2\/types\/post"}],"author":[{"embeddable":true,"href":"https:\/\/locomociontv.org\/index.php?rest_route=\/wp\/v2\/users\/1"}],"replies":[{"embeddable":true,"href":"https:\/\/locomociontv.org\/index.php?rest_route=%2Fwp%2Fv2%2Fcomments&post=19138"}],"version-history":[{"count":2,"href":"https:\/\/locomociontv.org\/index.php?rest_route=\/wp\/v2\/posts\/19138\/revisions"}],"predecessor-version":[{"id":19141,"href":"https:\/\/locomociontv.org\/index.php?rest_route=\/wp\/v2\/posts\/19138\/revisions\/19141"}],"wp:featuredmedia":[{"embeddable":true,"href":"https:\/\/locomociontv.org\/index.php?rest_route=\/wp\/v2\/media\/19139"}],"wp:attachment":[{"href":"https:\/\/locomociontv.org\/index.php?rest_route=%2Fwp%2Fv2%2Fmedia&parent=19138"}],"wp:term":[{"taxonomy":"category","embeddable":true,"href":"https:\/\/locomociontv.org\/index.php?rest_route=%2Fwp%2Fv2%2Fcategories&post=19138"},{"taxonomy":"post_tag","embeddable":true,"href":"https:\/\/locomociontv.org\/index.php?rest_route=%2Fwp%2Fv2%2Ftags&post=19138"}],"curies":[{"name":"wp","href":"https:\/\/api.w.org\/{rel}","templated":true}]}}