{"id":17331,"date":"2020-02-11T20:11:09","date_gmt":"2020-02-11T23:11:09","guid":{"rendered":"http:\/\/locomociontv.org\/?p=17331"},"modified":"2020-02-11T20:11:09","modified_gmt":"2020-02-11T23:11:09","slug":"declaracion-del-encuentro-contra-la-deuda-en-la-facultad-de-sociales","status":"publish","type":"post","link":"https:\/\/locomociontv.org\/?p=17331","title":{"rendered":"DECLARACI\u00d3N DEL ENCUENTRO CONTRA LA DEUDA EN LA FACULTAD DE SOCIALES"},"content":{"rendered":"\n<figure class=\"wp-block-image size-large\"><img loading=\"lazy\" decoding=\"async\" width=\"800\" height=\"600\" src=\"http:\/\/locomociontv.org\/wp-content\/uploads\/2020\/02\/encuentrocontraladeuda.jpeg\" alt=\"\" class=\"wp-image-17332\" srcset=\"https:\/\/locomociontv.org\/wp-content\/uploads\/2020\/02\/encuentrocontraladeuda.jpeg 800w, https:\/\/locomociontv.org\/wp-content\/uploads\/2020\/02\/encuentrocontraladeuda-300x225.jpeg 300w, https:\/\/locomociontv.org\/wp-content\/uploads\/2020\/02\/encuentrocontraladeuda-768x576.jpeg 768w\" sizes=\"auto, (max-width: 800px) 100vw, 800px\" \/><\/figure>\n\n\n\n<p>Las organizaciones abajo firmantes convocamos e invitamos a una concentraci\u00f3n en puente Pueyrred\u00f3n el mi\u00e9rcoles 12 de febrero a las 11hs ., en ocasi\u00f3n del inicio de la misi\u00f3n del FMI en nuestro pa\u00eds.<br>\nConcentramos 10.30hs en la Estaci\u00f3n Dar\u00edo y Maxi<\/p>\n\n\n\n<p>Lo hacemos convencidos de que:<br>\n  &#8220;TODA LA DEUDA CON LOS SAQUEADORES DE AFUERA Y DE ADENTRO ES ILEG\u00cdTIMA, ILEGAL, FRAUDULENTA Y ODIOSA: LA \u00daNICA DEUDA ES CON EL PUEBLO&#8221;.<\/p>\n\n\n\n<p>De que dejar de pagarla es la \u00fanica forma de contar con los recursos para iniciar la soluci\u00f3n a los m\u00e1s elementales problemas de las trabajadoras, los trabajadores y el pueblo. <\/p>\n\n\n\n<p>Que eso no se lograr\u00e1 con ninguna renegociaci\u00f3n con el fondo de parte de este ni ning\u00fan otro gobierno. <\/p>\n\n\n\n<p>Que la lucha, la acci\u00f3n directa y la rebeli\u00f3n obrera y popular ser\u00e1n la \u00fanica forma de lograrlo.<\/p>\n\n\n\n<p>NI UN PESO A LOS SAQUEADORES <\/p>\n\n\n\n<p>LA \u00daNICA DEUDA ES CON EL PUEBLO <\/p>\n\n\n\n<p>POR LA MOVILIZACI\u00d3N Y LA REBELI\u00d3N PARA LOGRARLO<\/p>\n\n\n\n<p>Firmas:<\/p>\n\n\n\n<p>-ESA: RPL, MTR 12 de Abril, MTR Hist\u00f3rico, MTL Rebelde, Agrup 26 de Junio, TG, PCT<br>\n-PRML, Juventud Revolucionaria CHE y la CUBa MTR <br>\n-Partido Guevarista-Juventud del Partido Guevarista<br>\n-Convocatoria 2DA Independencia<br>\n-MOVADEF<br>\n-PC Rebeli\u00f3n Popular<br>\n-PSTU<br>\n-Votamos Luchar<br>\n-Fogoneros<br>\n-Partido Marxista Libertario<br>\n-BLOQUE PIQUETERO NACIONAL-T.Or.Re-Trabajadores ORganizados para la REvolucion, Agrupaci\u00f3n Armando Conciencias, RUP, OTL Organizaci\u00f3n de Trabajadores Libertarios<\/p>\n<div class=\"pdfprnt-buttons pdfprnt-buttons-post pdfprnt-bottom-right\"><a href=\"https:\/\/locomociontv.org\/index.php?rest_route=%2Fwp%2Fv2%2Fposts%2F17331&print=pdf\" class=\"pdfprnt-button pdfprnt-button-pdf\" target=\"_blank\" ><img decoding=\"async\" src=\"https:\/\/locomociontv.org\/wp-content\/plugins\/pdf-print\/images\/pdf.png\" alt=\"image_pdf\" title=\"View PDF\" \/><span class=\"pdfprnt-button-title pdfprnt-button-pdf-title\">Hacer PDF<\/span><\/a><a href=\"https:\/\/locomociontv.org\/index.php?rest_route=%2Fwp%2Fv2%2Fposts%2F17331&print=print\" class=\"pdfprnt-button pdfprnt-button-print\" target=\"_blank\" ><img decoding=\"async\" src=\"https:\/\/locomociontv.org\/wp-content\/plugins\/pdf-print\/images\/print.png\" alt=\"image_print\" title=\"Print Content\" \/><span class=\"pdfprnt-button-title pdfprnt-button-print-title\">Imprimir<\/span><\/a><\/div><p>Views: 0<\/p>","protected":false},"excerpt":{"rendered":"<p>Las organizaciones abajo firmantes convocamos e invitamos a una concentraci\u00f3n en puente Pueyrred\u00f3n el mi\u00e9rcoles 12 de febrero a las 11hs ., en ocasi\u00f3n del inicio de la misi\u00f3n del FMI en nuestro pa\u00eds. Concentramos 10.30hs en la Estaci\u00f3n Dar\u00edo y Maxi Lo hacemos convencidos de que: &#8220;TODA LA DEUDA CON LOS SAQUEADORES DE AFUERA &hellip;<\/p>\n","protected":false},"author":1,"featured_media":17332,"comment_status":"open","ping_status":"open","sticky":false,"template":"","format":"standard","meta":{"footnotes":""},"categories":[7,8,9,6],"tags":[],"class_list":["post-17331","post","type-post","status-publish","format-standard","has-post-thumbnail","hentry","category-el-estado-de-las-luchas","category-el-irreverente","category-politica-nacional","category-programas","post-bright","has-post-thumb","small-thumb"],"_links":{"self":[{"href":"https:\/\/locomociontv.org\/index.php?rest_route=\/wp\/v2\/posts\/17331","targetHints":{"allow":["GET"]}}],"collection":[{"href":"https:\/\/locomociontv.org\/index.php?rest_route=\/wp\/v2\/posts"}],"about":[{"href":"https:\/\/locomociontv.org\/index.php?rest_route=\/wp\/v2\/types\/post"}],"author":[{"embeddable":true,"href":"https:\/\/locomociontv.org\/index.php?rest_route=\/wp\/v2\/users\/1"}],"replies":[{"embeddable":true,"href":"https:\/\/locomociontv.org\/index.php?rest_route=%2Fwp%2Fv2%2Fcomments&post=17331"}],"version-history":[{"count":1,"href":"https:\/\/locomociontv.org\/index.php?rest_route=\/wp\/v2\/posts\/17331\/revisions"}],"predecessor-version":[{"id":17333,"href":"https:\/\/locomociontv.org\/index.php?rest_route=\/wp\/v2\/posts\/17331\/revisions\/17333"}],"wp:featuredmedia":[{"embeddable":true,"href":"https:\/\/locomociontv.org\/index.php?rest_route=\/wp\/v2\/media\/17332"}],"wp:attachment":[{"href":"https:\/\/locomociontv.org\/index.php?rest_route=%2Fwp%2Fv2%2Fmedia&parent=17331"}],"wp:term":[{"taxonomy":"category","embeddable":true,"href":"https:\/\/locomociontv.org\/index.php?rest_route=%2Fwp%2Fv2%2Fcategories&post=17331"},{"taxonomy":"post_tag","embeddable":true,"href":"https:\/\/locomociontv.org\/index.php?rest_route=%2Fwp%2Fv2%2Ftags&post=17331"}],"curies":[{"name":"wp","href":"https:\/\/api.w.org\/{rel}","templated":true}]}}