{"id":17113,"date":"2020-01-20T22:31:24","date_gmt":"2020-01-21T01:31:24","guid":{"rendered":"http:\/\/locomociontv.org\/?p=17113"},"modified":"2020-01-20T22:31:24","modified_gmt":"2020-01-21T01:31:24","slug":"pinkertones-al-servicio-del-estado-persiguen-a-los-tercerizados-como-en-2010","status":"publish","type":"post","link":"https:\/\/locomociontv.org\/?p=17113","title":{"rendered":"Pinkertones al servicio del Estado persiguen a los tercerizados como en 2010"},"content":{"rendered":"\n<p>Como en 2010, cuando patotas de la UF al servicio de las pol\u00edticas de Estado ultimaban a Mariano Ferreyra, esta tarde volvieron a las andadas los pinkertones de la Uni\u00f3n Ferroviaria levantando patotas para atacar a trabajadores tercerizados despedidos con excusas tan loables como impropias de los partidarios de un gobierno que se dice a si mismo popular.<\/p>\n\n\n\n<p>En <strong><em><a rel=\"noreferrer noopener\" aria-label=\"declaraciones para Infobae (opens in a new tab)\" href=\"https:\/\/www.infobae.com\/sociedad\/2020\/01\/20\/el-tren-roca-brinda-un-servicio-limitado-por-una-protesta-con-corte-de-vias-en-avellaneda\/\" target=\"_blank\">declaraciones para Infobae<\/a><\/em><\/strong> , Pablo, uno de los manifestantes que estaba cortando las v\u00edas, asegur\u00f3 que estaban por levantar el corte y que los que llegaron hasta el lugar no eran pasajeros, sino<strong><em> \u201cun grupo de la\u00a0Uni\u00f3n Ferroviaria, de la lista verde&#8221;<\/em><\/strong>. <strong><em>\u201cEran todos chicos, no hab\u00eda gente grande. La Polic\u00eda se abri\u00f3 totalmente y dej\u00f3 las v\u00edas libres\u201d<\/em><\/strong>, agreg\u00f3.<\/p>\n\n\n\n<p><strong><em>\u201cHab\u00eda banderas de la Uni\u00f3n Ferroviaria. Las vi. En el 2010 pas\u00f3 lo mismo y termin\u00f3 con la muerte de Mariano Ferreyra\u201d<\/em><\/strong>, explic\u00f3. En di\u00e1logo con\u00a0<strong>TN<\/strong>\u00a0el manifestante aclar\u00f3 que pertenec\u00eda a un grupo de trabajadores tercerizados y despedidos de la L\u00ednea Roca. <strong>\u201c<em>Somos 360 compa\u00f1eros los despedidos. Estamos pidiendo que nos reincorporen a nuestros puestos de trabajo. Hoy el Ministerio de Trabajo nos ten\u00eda que dar la respuesta si nos reincorporaban, pero no nos recibieron. No nos atendieron\u201d<\/em><\/strong>, sostuvo.<\/p>\n\n\n\n<p>Definitivamente, la prensa canalla ligada al Gobierno y las patronales saldr\u00e1 defender en las pr\u00f3ximas horas esta posici\u00f3n, justificando las acciones contra los trabajadores, complementando la acci\u00f3n de negaci\u00f3n de la represi\u00f3n institucional tercerizada y endilg\u00e1ndoles a los trabajadores toda la culpa, tal cual ya lo intenta el medio alkahuete de Estado conocido como <strong><em><a rel=\"noreferrer noopener\" aria-label=\"Minuto Uno (opens in a new tab)\" href=\"https:\/\/www.minutouno.com\/notas\/5077754-pasajeros-pelean-cuerpo-cuerpo-manifestantes-que-cortan-las-vias-del-tren-roca\" target=\"_blank\">Minuto Uno<\/a><\/em><\/strong>. <\/p>\n\n\n\n<p>A continuaci\u00f3n les brindamos un v\u00eddeo donde podr\u00e1n ver como de nuevo una zona liberada policial permite que los Pinkertones, primera punta de lanza de la represi\u00f3n paraestatal puedan atacar a los trabajadores despedidos sin piedad.<\/p>\n\n\n\n<figure class=\"wp-block-embed-facebook wp-block-embed is-type-video is-provider-facebook\"><div class=\"wp-block-embed__wrapper\">\n<div id=\"fb-root\"><\/div><script async=\"1\" defer=\"1\" crossorigin=\"anonymous\" src=\"https:\/\/connect.facebook.net\/en_US\/sdk.js#xfbml=1&amp;version=v5.0\"><\/script><div class=\"fb-video\" data-href=\"https:\/\/www.facebook.com\/pelado.emtv\/videos\/1511693769005004\/\" data-width=\"580\"><blockquote cite=\"https:\/\/www.facebook.com\/pelado.emtv\/videos\/1511693769005004\/\" class=\"fb-xfbml-parse-ignore\"><a href=\"https:\/\/www.facebook.com\/pelado.emtv\/videos\/1511693769005004\/\">Vuelven los Rompehuelgas de los Neoliberales&#8230;<\/a><p>Vuelven los pinkertones del muerto de miedo que mataron a Ferreyra, te tiran con pasajeros que no son m\u00e1s que los fachos de la UF al servicio de los ajustes del Estado, con la zona liberada que le hace la Federal&#8230;Si las cosas van a ser as\u00ed, prep\u00e1rense por que a tal opresi\u00f3n habr\u00e1 tal respuesta&#8230;BASTA DE TRIPLE A Y DE GORRAS DISFRAZADOS DE GENTE DE A PIE&#8230;<\/p>Posted by <a href=\"https:\/\/www.facebook.com\/pelado.emtv\">Hernan Javier Villanueva<\/a> on Monday, January 20, 2020<\/blockquote><\/div>\n<\/div><\/figure>\n<div class=\"pdfprnt-buttons pdfprnt-buttons-post pdfprnt-bottom-right\"><a href=\"https:\/\/locomociontv.org\/index.php?rest_route=%2Fwp%2Fv2%2Fposts%2F17113&print=pdf\" class=\"pdfprnt-button pdfprnt-button-pdf\" target=\"_blank\" ><img decoding=\"async\" src=\"https:\/\/locomociontv.org\/wp-content\/plugins\/pdf-print\/images\/pdf.png\" alt=\"image_pdf\" title=\"View PDF\" \/><span class=\"pdfprnt-button-title pdfprnt-button-pdf-title\">Hacer PDF<\/span><\/a><a href=\"https:\/\/locomociontv.org\/index.php?rest_route=%2Fwp%2Fv2%2Fposts%2F17113&print=print\" class=\"pdfprnt-button pdfprnt-button-print\" target=\"_blank\" ><img decoding=\"async\" src=\"https:\/\/locomociontv.org\/wp-content\/plugins\/pdf-print\/images\/print.png\" alt=\"image_print\" title=\"Print Content\" \/><span class=\"pdfprnt-button-title pdfprnt-button-print-title\">Imprimir<\/span><\/a><\/div><p>Views: 0<\/p>","protected":false},"excerpt":{"rendered":"<p>Como en 2010, cuando patotas de la UF al servicio de las pol\u00edticas de Estado ultimaban a Mariano Ferreyra, esta tarde volvieron a las andadas los pinkertones de la Uni\u00f3n Ferroviaria levantando patotas para atacar a trabajadores tercerizados despedidos con excusas tan loables como impropias de los partidarios de un gobierno que se dice a &hellip;<\/p>\n","protected":false},"author":1,"featured_media":17116,"comment_status":"open","ping_status":"open","sticky":false,"template":"","format":"standard","meta":{"footnotes":""},"categories":[7,8,16,25,38,44,9,39,6],"tags":[],"class_list":["post-17113","post","type-post","status-publish","format-standard","has-post-thumbnail","hentry","category-el-estado-de-las-luchas","category-el-irreverente","category-lecturas-irreverentes","category-luchas-de-clase","category-lumpenes-y-pinekertons","category-persecusiones-politicas","category-politica-nacional","category-precarizacion-y-estafas","category-programas","post-bright","has-post-thumb","small-thumb"],"_links":{"self":[{"href":"https:\/\/locomociontv.org\/index.php?rest_route=\/wp\/v2\/posts\/17113","targetHints":{"allow":["GET"]}}],"collection":[{"href":"https:\/\/locomociontv.org\/index.php?rest_route=\/wp\/v2\/posts"}],"about":[{"href":"https:\/\/locomociontv.org\/index.php?rest_route=\/wp\/v2\/types\/post"}],"author":[{"embeddable":true,"href":"https:\/\/locomociontv.org\/index.php?rest_route=\/wp\/v2\/users\/1"}],"replies":[{"embeddable":true,"href":"https:\/\/locomociontv.org\/index.php?rest_route=%2Fwp%2Fv2%2Fcomments&post=17113"}],"version-history":[{"count":3,"href":"https:\/\/locomociontv.org\/index.php?rest_route=\/wp\/v2\/posts\/17113\/revisions"}],"predecessor-version":[{"id":17117,"href":"https:\/\/locomociontv.org\/index.php?rest_route=\/wp\/v2\/posts\/17113\/revisions\/17117"}],"wp:featuredmedia":[{"embeddable":true,"href":"https:\/\/locomociontv.org\/index.php?rest_route=\/wp\/v2\/media\/17116"}],"wp:attachment":[{"href":"https:\/\/locomociontv.org\/index.php?rest_route=%2Fwp%2Fv2%2Fmedia&parent=17113"}],"wp:term":[{"taxonomy":"category","embeddable":true,"href":"https:\/\/locomociontv.org\/index.php?rest_route=%2Fwp%2Fv2%2Fcategories&post=17113"},{"taxonomy":"post_tag","embeddable":true,"href":"https:\/\/locomociontv.org\/index.php?rest_route=%2Fwp%2Fv2%2Ftags&post=17113"}],"curies":[{"name":"wp","href":"https:\/\/api.w.org\/{rel}","templated":true}]}}