{"id":16831,"date":"2019-12-02T01:10:51","date_gmt":"2019-12-02T04:10:51","guid":{"rendered":"http:\/\/locomociontv.org\/?p=16831"},"modified":"2019-12-02T01:11:18","modified_gmt":"2019-12-02T04:11:18","slug":"el-gobierno-de-la-ciudad-por-la-criminalizacion-de-todo","status":"publish","type":"post","link":"https:\/\/locomociontv.org\/?p=16831","title":{"rendered":"El Gobierno de la Ciudad ahora va por la criminalizaci\u00f3n de todo"},"content":{"rendered":"\n<figure class=\"wp-block-embed-youtube wp-block-embed is-type-video is-provider-youtube wp-embed-aspect-16-9 wp-has-aspect-ratio\"><div class=\"wp-block-embed__wrapper\">\n<iframe loading=\"lazy\" title=\"El Gobierno de Larreta quiere transformar las contravenciones en delito\" width=\"580\" height=\"326\" src=\"https:\/\/www.youtube.com\/embed\/4mxdZKMwRcY?feature=oembed\" frameborder=\"0\" allow=\"accelerometer; autoplay; encrypted-media; gyroscope; picture-in-picture\" allowfullscreen><\/iframe>\n<\/div><\/figure>\n\n\n\n<p>A todos, urgente y m\u00e1xima difusi\u00f3n en lo posible:<br>El pr\u00f3ximo jueves 5 de Diciembre, Rodr\u00edguez Larreta pretende Modificar el C\u00f3digo contravencional porte\u00f1o.<br>De tal manera que el alcalde porte\u00f1o tenga en sus manos, literalmente &#8220;su c\u00f3digo penal propio&#8221;.<br>El proyecto de ley pretende detener contraventores, as\u00ed como se lee, poder encarcelar ciudadanos por una simple falta municipal.<br>Aunque la constituci\u00f3n porte\u00f1a lo proh\u00edbe, 5 d\u00edas antes de perder la mayor\u00eda parlamentaria en la legislatura porte\u00f1a, Larreta avanza probablemente con la reforma m\u00e1s profunda contra las libertades individuales.<br>Este proyecto avanza no s\u00f3lo contra los vendedores ambulantes, avanza hacia lo inimaginable: protesta, la prensa, la libertad de opini\u00f3n.<br>Dejo esta entrevista que sugiero verla y difundir, es por dem\u00e1s ilustrativa.<br>Difundir<br>Omar Guaraz <\/p>\n<p>Visits: 0<\/p>","protected":false},"excerpt":{"rendered":"<p>A todos, urgente y m\u00e1xima difusi\u00f3n en lo posible:El pr\u00f3ximo jueves 5 de Diciembre, Rodr\u00edguez Larreta pretende Modificar el C\u00f3digo contravencional porte\u00f1o.De tal manera que el alcalde porte\u00f1o tenga en sus manos, literalmente &#8220;su c\u00f3digo penal propio&#8221;.El proyecto de ley pretende detener contraventores, as\u00ed como se lee, poder encarcelar ciudadanos por una simple falta municipal.Aunque &hellip;<\/p>\n","protected":false},"author":1,"featured_media":16832,"comment_status":"open","ping_status":"open","sticky":false,"template":"","format":"standard","meta":{"footnotes":""},"categories":[20,17,35,11,7,8,16,25,38,44,9,39,6],"tags":[],"class_list":["post-16831","post","type-post","status-publish","format-standard","has-post-thumbnail","hentry","category-aparatos-de-represion-de-estado","category-corruptelas-varias","category-crimenes-de-odio","category-derechos-humanos","category-el-estado-de-las-luchas","category-el-irreverente","category-lecturas-irreverentes","category-luchas-de-clase","category-lumpenes-y-pinekertons","category-persecusiones-politicas","category-politica-nacional","category-precarizacion-y-estafas","category-programas","post-bright","has-post-thumb","small-thumb"],"_links":{"self":[{"href":"https:\/\/locomociontv.org\/index.php?rest_route=\/wp\/v2\/posts\/16831","targetHints":{"allow":["GET"]}}],"collection":[{"href":"https:\/\/locomociontv.org\/index.php?rest_route=\/wp\/v2\/posts"}],"about":[{"href":"https:\/\/locomociontv.org\/index.php?rest_route=\/wp\/v2\/types\/post"}],"author":[{"embeddable":true,"href":"https:\/\/locomociontv.org\/index.php?rest_route=\/wp\/v2\/users\/1"}],"replies":[{"embeddable":true,"href":"https:\/\/locomociontv.org\/index.php?rest_route=%2Fwp%2Fv2%2Fcomments&post=16831"}],"version-history":[{"count":2,"href":"https:\/\/locomociontv.org\/index.php?rest_route=\/wp\/v2\/posts\/16831\/revisions"}],"predecessor-version":[{"id":16834,"href":"https:\/\/locomociontv.org\/index.php?rest_route=\/wp\/v2\/posts\/16831\/revisions\/16834"}],"wp:featuredmedia":[{"embeddable":true,"href":"https:\/\/locomociontv.org\/index.php?rest_route=\/wp\/v2\/media\/16832"}],"wp:attachment":[{"href":"https:\/\/locomociontv.org\/index.php?rest_route=%2Fwp%2Fv2%2Fmedia&parent=16831"}],"wp:term":[{"taxonomy":"category","embeddable":true,"href":"https:\/\/locomociontv.org\/index.php?rest_route=%2Fwp%2Fv2%2Fcategories&post=16831"},{"taxonomy":"post_tag","embeddable":true,"href":"https:\/\/locomociontv.org\/index.php?rest_route=%2Fwp%2Fv2%2Ftags&post=16831"}],"curies":[{"name":"wp","href":"https:\/\/api.w.org\/{rel}","templated":true}]}}