{"id":16496,"date":"2019-10-06T21:22:28","date_gmt":"2019-10-07T00:22:28","guid":{"rendered":"http:\/\/locomociontv.org\/?p=16496"},"modified":"2019-10-06T21:22:28","modified_gmt":"2019-10-07T00:22:28","slug":"vecinos-autoconvocados-fabian-tomasi-de-canals","status":"publish","type":"post","link":"https:\/\/locomociontv.org\/?p=16496","title":{"rendered":"Vecinos autoconvocados FABIAN TOMASI de Canals"},"content":{"rendered":"\n<p>Los Pueblos Fumigados de la Provincia de C\u00f3rdoba, somos un grupo de ciudadanos comprometidos con el cuidado del ambiente de TODOS, Trabajamos y pensamos con humildad y esfuerzo a veces con \u00e9xito y otras con frustraciones ante tanta desidia qu\u00edmica poderosa e irracional.<\/p>\n\n\n\n<p>Por esta raz\u00f3n el compromiso pertinente y comprometido suyo MARCELO TINELLI y de su esposa GUILLERMINA VALDES nos estimula a pensar que no estamos solos en este desaf\u00edo quijotesco (ya deber\u00edamos decir FAVALORIANO) que significa cuidar la salud de TODOS.<\/p>\n\n\n\n<p>Por ello desde este humilde espacio de desaf\u00edo constante queremos agradecerle por sumarse con su voz y su trascendencia en esta problem\u00e1tica.<\/p>\n\n\n\n<p>Sr. MARCELO TINELLI Y SRA. GUILLERMINA VALDES MUCH\u00cdSIMAS GRACIAS Y UN ABRAZO AFECTUOSO.<\/p>\n\n\n\n<!--more-->\n\n\n\n<p>Este grupo de gente est\u00e1 constantemente en lucha contra los envenenadores,  para contactarlos les dejamos el link a su grupo de Facebook donde siempre publican sus materiales. Muchos desean invisiblizar a la gente que d\u00eda a d\u00eda la pelea, nuestro caso es frustrar a los que desde un teclado quieren ser protagonistas de una lucha en la que no se los ve.<\/p>\n\n\n\n<figure class=\"wp-block-embed-facebook wp-block-embed is-type-rich is-provider-facebook\"><div class=\"wp-block-embed__wrapper\">\n<div id=\"fb-root\"><\/div><script async=\"1\" defer=\"1\" crossorigin=\"anonymous\" src=\"https:\/\/connect.facebook.net\/en_US\/sdk.js#xfbml=1&amp;version=v4.0\"><\/script><div class=\"fb-post\" data-href=\"https:\/\/www.facebook.com\/photo.php?fbid=369585477282031&amp;set=gm.2328010700847710\" data-width=\"580\"><blockquote cite=\"https:\/\/www.facebook.com\/photo.php?fbid=369585477282031&amp;set=gm.2328010700847710&amp;type=3\" class=\"fb-xfbml-parse-ignore\"><p>Los Pueblos Fumigados de la Provincia de C\u00f3rdoba, somos un grupo de ciudadanos comprometidos con el cuidado del ambiente&#8230;<\/p>Posted by <a href=\"https:\/\/www.facebook.com\/vecinos.autoconvocadoscanals\">Vecinos Autoconvocados Canals<\/a> on&nbsp;<a href=\"https:\/\/www.facebook.com\/photo.php?fbid=369585477282031&amp;set=gm.2328010700847710&amp;type=3\">Saturday, October 5, 2019<\/a><\/blockquote><\/div>\n<\/div><\/figure>\n\n\n\n<p><\/p>\n<div class=\"pdfprnt-buttons pdfprnt-buttons-post pdfprnt-bottom-right\"><a href=\"https:\/\/locomociontv.org\/index.php?rest_route=%2Fwp%2Fv2%2Fposts%2F16496&print=pdf\" class=\"pdfprnt-button pdfprnt-button-pdf\" target=\"_blank\" ><img decoding=\"async\" src=\"https:\/\/locomociontv.org\/wp-content\/plugins\/pdf-print\/images\/pdf.png\" alt=\"image_pdf\" title=\"View PDF\" \/><span class=\"pdfprnt-button-title pdfprnt-button-pdf-title\">Hacer PDF<\/span><\/a><a href=\"https:\/\/locomociontv.org\/index.php?rest_route=%2Fwp%2Fv2%2Fposts%2F16496&print=print\" class=\"pdfprnt-button pdfprnt-button-print\" target=\"_blank\" ><img decoding=\"async\" src=\"https:\/\/locomociontv.org\/wp-content\/plugins\/pdf-print\/images\/print.png\" alt=\"image_print\" title=\"Print Content\" \/><span class=\"pdfprnt-button-title pdfprnt-button-print-title\">Imprimir<\/span><\/a><\/div><p>Views: 0<\/p>","protected":false},"excerpt":{"rendered":"<p>Los Pueblos Fumigados de la Provincia de C\u00f3rdoba, somos un grupo de ciudadanos comprometidos con el cuidado del ambiente de TODOS, Trabajamos y pensamos con humildad y esfuerzo a veces con \u00e9xito y otras con frustraciones ante tanta desidia qu\u00edmica poderosa e irracional. Por esta raz\u00f3n el compromiso pertinente y comprometido suyo MARCELO TINELLI y &hellip;<\/p>\n","protected":false},"author":1,"featured_media":16498,"comment_status":"open","ping_status":"open","sticky":false,"template":"","format":"standard","meta":{"footnotes":""},"categories":[4,36,11,7,8,28,16,25,2,12,9,53,6],"tags":[],"class_list":["post-16496","post","type-post","status-publish","format-standard","has-post-thumbnail","hentry","category-agrotoxicos","category-crimenes-de-lesa-humanidad","category-derechos-humanos","category-el-estado-de-las-luchas","category-el-irreverente","category-extractivismo-urbano","category-lecturas-irreverentes","category-luchas-de-clase","category-luchas-por-la-pacha","category-mision-gringo-panza-verde","category-politica-nacional","category-primavera-sin-monsantto","category-programas","post-bright","has-post-thumb"],"_links":{"self":[{"href":"https:\/\/locomociontv.org\/index.php?rest_route=\/wp\/v2\/posts\/16496","targetHints":{"allow":["GET"]}}],"collection":[{"href":"https:\/\/locomociontv.org\/index.php?rest_route=\/wp\/v2\/posts"}],"about":[{"href":"https:\/\/locomociontv.org\/index.php?rest_route=\/wp\/v2\/types\/post"}],"author":[{"embeddable":true,"href":"https:\/\/locomociontv.org\/index.php?rest_route=\/wp\/v2\/users\/1"}],"replies":[{"embeddable":true,"href":"https:\/\/locomociontv.org\/index.php?rest_route=%2Fwp%2Fv2%2Fcomments&post=16496"}],"version-history":[{"count":3,"href":"https:\/\/locomociontv.org\/index.php?rest_route=\/wp\/v2\/posts\/16496\/revisions"}],"predecessor-version":[{"id":16500,"href":"https:\/\/locomociontv.org\/index.php?rest_route=\/wp\/v2\/posts\/16496\/revisions\/16500"}],"wp:featuredmedia":[{"embeddable":true,"href":"https:\/\/locomociontv.org\/index.php?rest_route=\/wp\/v2\/media\/16498"}],"wp:attachment":[{"href":"https:\/\/locomociontv.org\/index.php?rest_route=%2Fwp%2Fv2%2Fmedia&parent=16496"}],"wp:term":[{"taxonomy":"category","embeddable":true,"href":"https:\/\/locomociontv.org\/index.php?rest_route=%2Fwp%2Fv2%2Fcategories&post=16496"},{"taxonomy":"post_tag","embeddable":true,"href":"https:\/\/locomociontv.org\/index.php?rest_route=%2Fwp%2Fv2%2Ftags&post=16496"}],"curies":[{"name":"wp","href":"https:\/\/api.w.org\/{rel}","templated":true}]}}