{"id":16402,"date":"2019-09-25T07:27:32","date_gmt":"2019-09-25T10:27:32","guid":{"rendered":"http:\/\/locomociontv.org\/?p=16402"},"modified":"2019-09-25T07:27:32","modified_gmt":"2019-09-25T10:27:32","slug":"bloquean-el-ministerio-de-economia-en-rawson","status":"publish","type":"post","link":"https:\/\/locomociontv.org\/?p=16402","title":{"rendered":"Bloquean el Ministerio de Econom\u00eda en Rawson"},"content":{"rendered":"\n<p>Trabajadores chubutenses prosiguen en su lucha por cobrar, algo que deber\u00eda ser simple, pero no para su Gobernador que anda de campa\u00f1a, import\u00e1ndole poco que su Provincia est\u00e9 en llamas. En estos momentos, trabajadores estatales bloquean los accesos al Ministerio de Econom\u00eda local, en espera de respuestas ante un gobierno que s\u00f3lo ha mostrado que tiene para ofrecer m\u00e1s despidos, represi\u00f3n y negaci\u00f3n de asumir sus obligaciones.<\/p>\n\n\n\n<figure class=\"wp-block-embed-facebook wp-block-embed is-type-rich is-provider-facebook\"><div class=\"wp-block-embed__wrapper\">\n<div id=\"fb-root\"><\/div><script async=\"1\" defer=\"1\" crossorigin=\"anonymous\" src=\"https:\/\/connect.facebook.net\/en_US\/sdk.js#xfbml=1&amp;version=v4.0\"><\/script><div class=\"fb-post\" data-href=\"https:\/\/www.facebook.com\/permalink.php?story_fbid=995876037423186&amp;id=671012733242853\" data-width=\"580\"><blockquote cite=\"https:\/\/www.facebook.com\/permalink.php?story_fbid=995876037423186&amp;id=671012733242853\" class=\"fb-xfbml-parse-ignore\"><p>\ud83d\udde3\ufe0fURGENTE \u203c\ufe0f#Rawson Bloqueo al Ministerio de Econom\u00eda.<\/p>Posted by <a href=\"https:\/\/www.facebook.com\/Trabajadores-en-lucha-Chubut-671012733242853\/\">Trabajadores en lucha Chubut<\/a> on&nbsp;<a href=\"https:\/\/www.facebook.com\/permalink.php?story_fbid=995876037423186&amp;id=671012733242853\">Wednesday, September 25, 2019<\/a><\/blockquote><\/div>\n<\/div><\/figure>\n<div class=\"pdfprnt-buttons pdfprnt-buttons-post pdfprnt-bottom-right\"><a href=\"https:\/\/locomociontv.org\/index.php?rest_route=%2Fwp%2Fv2%2Fposts%2F16402&print=pdf\" class=\"pdfprnt-button pdfprnt-button-pdf\" target=\"_blank\" ><img decoding=\"async\" src=\"https:\/\/locomociontv.org\/wp-content\/plugins\/pdf-print\/images\/pdf.png\" alt=\"image_pdf\" title=\"View PDF\" \/><span class=\"pdfprnt-button-title pdfprnt-button-pdf-title\">Hacer PDF<\/span><\/a><a href=\"https:\/\/locomociontv.org\/index.php?rest_route=%2Fwp%2Fv2%2Fposts%2F16402&print=print\" class=\"pdfprnt-button pdfprnt-button-print\" target=\"_blank\" ><img decoding=\"async\" src=\"https:\/\/locomociontv.org\/wp-content\/plugins\/pdf-print\/images\/print.png\" alt=\"image_print\" title=\"Print Content\" \/><span class=\"pdfprnt-button-title pdfprnt-button-print-title\">Imprimir<\/span><\/a><\/div><p>Views: 0<\/p>","protected":false},"excerpt":{"rendered":"<p>Trabajadores chubutenses prosiguen en su lucha por cobrar, algo que deber\u00eda ser simple, pero no para su Gobernador que anda de campa\u00f1a, import\u00e1ndole poco que su Provincia est\u00e9 en llamas. En estos momentos, trabajadores estatales bloquean los accesos al Ministerio de Econom\u00eda local, en espera de respuestas ante un gobierno que s\u00f3lo ha mostrado que &hellip;<\/p>\n","protected":false},"author":1,"featured_media":16403,"comment_status":"open","ping_status":"open","sticky":false,"template":"","format":"standard","meta":{"footnotes":""},"categories":[17,7,8,24,16,25,26,9,6],"tags":[],"class_list":["post-16402","post","type-post","status-publish","format-standard","has-post-thumbnail","hentry","category-corruptelas-varias","category-el-estado-de-las-luchas","category-el-irreverente","category-electoralidad-pro-kaz","category-lecturas-irreverentes","category-luchas-de-clase","category-luchas-por-la-educacion","category-politica-nacional","category-programas","post-bright","has-post-thumb","small-thumb"],"_links":{"self":[{"href":"https:\/\/locomociontv.org\/index.php?rest_route=\/wp\/v2\/posts\/16402","targetHints":{"allow":["GET"]}}],"collection":[{"href":"https:\/\/locomociontv.org\/index.php?rest_route=\/wp\/v2\/posts"}],"about":[{"href":"https:\/\/locomociontv.org\/index.php?rest_route=\/wp\/v2\/types\/post"}],"author":[{"embeddable":true,"href":"https:\/\/locomociontv.org\/index.php?rest_route=\/wp\/v2\/users\/1"}],"replies":[{"embeddable":true,"href":"https:\/\/locomociontv.org\/index.php?rest_route=%2Fwp%2Fv2%2Fcomments&post=16402"}],"version-history":[{"count":4,"href":"https:\/\/locomociontv.org\/index.php?rest_route=\/wp\/v2\/posts\/16402\/revisions"}],"predecessor-version":[{"id":16407,"href":"https:\/\/locomociontv.org\/index.php?rest_route=\/wp\/v2\/posts\/16402\/revisions\/16407"}],"wp:featuredmedia":[{"embeddable":true,"href":"https:\/\/locomociontv.org\/index.php?rest_route=\/wp\/v2\/media\/16403"}],"wp:attachment":[{"href":"https:\/\/locomociontv.org\/index.php?rest_route=%2Fwp%2Fv2%2Fmedia&parent=16402"}],"wp:term":[{"taxonomy":"category","embeddable":true,"href":"https:\/\/locomociontv.org\/index.php?rest_route=%2Fwp%2Fv2%2Fcategories&post=16402"},{"taxonomy":"post_tag","embeddable":true,"href":"https:\/\/locomociontv.org\/index.php?rest_route=%2Fwp%2Fv2%2Ftags&post=16402"}],"curies":[{"name":"wp","href":"https:\/\/api.w.org\/{rel}","templated":true}]}}