{"id":16217,"date":"2019-09-15T20:34:42","date_gmt":"2019-09-15T23:34:42","guid":{"rendered":"http:\/\/locomociontv.org\/?p=16217"},"modified":"2019-09-15T20:34:42","modified_gmt":"2019-09-15T23:34:42","slug":"buenos-aires-sigue-conjugandose-en-pluscuanprohibido","status":"publish","type":"post","link":"https:\/\/locomociontv.org\/?p=16217","title":{"rendered":"Buenos Aires sigue conjug\u00e1ndose en pluscuanprohibido"},"content":{"rendered":"\n<p>Barrio de Once Ayer S\u00e1bado 15 hs , Vendedores senegaleses detenidos, repudio generalizado contra la policia de la ciudad , y vecino detenido por filmar.<br>El jueves pasado en Caballito Centenares de Vecinos forcejearon con polic\u00edas para liberar a un joven vendedor de Palta, detenido por trabajar.<br>Dos vecinos en aquella ocasi\u00f3n fueron arrollados por patrulleros (un ciclista y una anciana).<br>Luego de las paso y con una floja eleccion, Rodr\u00edguez Larreta incremento la represi\u00f3n y detenci\u00f3n de Vendedores.<br>El vandalismo estatal del alcalde y su politica de odio e inseguridad es repudiada por toda la ciudadan\u00eda porte\u00f1a. <\/p>\n\n\n\n<!--more-->\n\n\n\n<figure class=\"wp-block-embed-facebook wp-block-embed is-type-rich is-provider-facebook\"><div class=\"wp-block-embed__wrapper\">\n<div id=\"fb-root\"><\/div><script async=\"1\" defer=\"1\" crossorigin=\"anonymous\" src=\"https:\/\/connect.facebook.net\/en_GB\/sdk.js#xfbml=1&amp;version=v4.0\"><\/script><div class=\"fb-post\" data-href=\"https:\/\/www.facebook.com\/omar.guaraz.54\/posts\/2518823815017314\" data-width=\"580\"><blockquote cite=\"https:\/\/www.facebook.com\/omar.guaraz.54\/posts\/2518823815017314\" class=\"fb-xfbml-parse-ignore\"><p>Barrio de Once Ayer S\u00e1bado 15 hs , Vendedores senegaleses detenidos , repudio generalizado contra la policia de la&#8230;<\/p>Posted by <a href=\"https:\/\/www.facebook.com\/omar.guaraz.54\">Omar Guaraz<\/a> on&nbsp;<a href=\"https:\/\/www.facebook.com\/omar.guaraz.54\/posts\/2518823815017314\">Sunday, 15 September 2019<\/a><\/blockquote><\/div>\n<\/div><\/figure>\n<div class=\"pdfprnt-buttons pdfprnt-buttons-post pdfprnt-bottom-right\"><a href=\"https:\/\/locomociontv.org\/index.php?rest_route=%2Fwp%2Fv2%2Fposts%2F16217&print=pdf\" class=\"pdfprnt-button pdfprnt-button-pdf\" target=\"_blank\" ><img decoding=\"async\" src=\"https:\/\/locomociontv.org\/wp-content\/plugins\/pdf-print\/images\/pdf.png\" alt=\"image_pdf\" title=\"View PDF\" \/><span class=\"pdfprnt-button-title pdfprnt-button-pdf-title\">Hacer PDF<\/span><\/a><a href=\"https:\/\/locomociontv.org\/index.php?rest_route=%2Fwp%2Fv2%2Fposts%2F16217&print=print\" class=\"pdfprnt-button pdfprnt-button-print\" target=\"_blank\" ><img decoding=\"async\" src=\"https:\/\/locomociontv.org\/wp-content\/plugins\/pdf-print\/images\/print.png\" alt=\"image_print\" title=\"Print Content\" \/><span class=\"pdfprnt-button-title pdfprnt-button-print-title\">Imprimir<\/span><\/a><\/div><p>Views: 0<\/p>","protected":false},"excerpt":{"rendered":"<p>Barrio de Once Ayer S\u00e1bado 15 hs , Vendedores senegaleses detenidos, repudio generalizado contra la policia de la ciudad , y vecino detenido por filmar.El jueves pasado en Caballito Centenares de Vecinos forcejearon con polic\u00edas para liberar a un joven vendedor de Palta, detenido por trabajar.Dos vecinos en aquella ocasi\u00f3n fueron arrollados por patrulleros (un &hellip;<\/p>\n","protected":false},"author":1,"featured_media":1377,"comment_status":"open","ping_status":"open","sticky":false,"template":"","format":"standard","meta":{"footnotes":""},"categories":[20,17,35,11,48,7,8,28,2,29,9,39,6],"tags":[],"class_list":["post-16217","post","type-post","status-publish","format-standard","has-post-thumbnail","hentry","category-aparatos-de-represion-de-estado","category-corruptelas-varias","category-crimenes-de-odio","category-derechos-humanos","category-discapacidad","category-el-estado-de-las-luchas","category-el-irreverente","category-extractivismo-urbano","category-luchas-por-la-pacha","category-migrantes","category-politica-nacional","category-precarizacion-y-estafas","category-programas","post-bright","has-post-thumb"],"_links":{"self":[{"href":"https:\/\/locomociontv.org\/index.php?rest_route=\/wp\/v2\/posts\/16217","targetHints":{"allow":["GET"]}}],"collection":[{"href":"https:\/\/locomociontv.org\/index.php?rest_route=\/wp\/v2\/posts"}],"about":[{"href":"https:\/\/locomociontv.org\/index.php?rest_route=\/wp\/v2\/types\/post"}],"author":[{"embeddable":true,"href":"https:\/\/locomociontv.org\/index.php?rest_route=\/wp\/v2\/users\/1"}],"replies":[{"embeddable":true,"href":"https:\/\/locomociontv.org\/index.php?rest_route=%2Fwp%2Fv2%2Fcomments&post=16217"}],"version-history":[{"count":2,"href":"https:\/\/locomociontv.org\/index.php?rest_route=\/wp\/v2\/posts\/16217\/revisions"}],"predecessor-version":[{"id":16219,"href":"https:\/\/locomociontv.org\/index.php?rest_route=\/wp\/v2\/posts\/16217\/revisions\/16219"}],"wp:featuredmedia":[{"embeddable":true,"href":"https:\/\/locomociontv.org\/index.php?rest_route=\/wp\/v2\/media\/1377"}],"wp:attachment":[{"href":"https:\/\/locomociontv.org\/index.php?rest_route=%2Fwp%2Fv2%2Fmedia&parent=16217"}],"wp:term":[{"taxonomy":"category","embeddable":true,"href":"https:\/\/locomociontv.org\/index.php?rest_route=%2Fwp%2Fv2%2Fcategories&post=16217"},{"taxonomy":"post_tag","embeddable":true,"href":"https:\/\/locomociontv.org\/index.php?rest_route=%2Fwp%2Fv2%2Ftags&post=16217"}],"curies":[{"name":"wp","href":"https:\/\/api.w.org\/{rel}","templated":true}]}}