{"id":16065,"date":"2019-08-21T15:20:54","date_gmt":"2019-08-21T18:20:54","guid":{"rendered":"http:\/\/locomociontv.org\/?p=16065"},"modified":"2019-08-21T15:23:47","modified_gmt":"2019-08-21T18:23:47","slug":"es-peor-que-menem-la-definicion-del-prof-juan-carlos-sanchez","status":"publish","type":"post","link":"https:\/\/locomociontv.org\/?p=16065","title":{"rendered":"&#8220;Es peor que Menem&#8221;, la definici\u00f3n del Prof. Juan Carlos S\u00e1nchez"},"content":{"rendered":"\n<iframe id='audio_39959546' frameborder='0' allowfullscreen='' scrolling='no' height='200' style='border:1px solid #EEE; box-sizing:border-box; width:100%;' src='https:\/\/ar.ivoox.com\/es\/player_ej_39959546_4_1.html?c1=ff6600'><\/iframe>\n\n\n\n<p>\n\nAndr\u00e9s Sarlengo, el conductor de Contrapuntos, convers\u00f3 con el Prof. Juan Carlos S\u00e1nchez sobre las elecciones presidenciales PASO, la devaluaci\u00f3n y la compleja situaci\u00f3n pol\u00edtica y social actual.\n\n<\/p>\n<div class=\"pdfprnt-buttons pdfprnt-buttons-post pdfprnt-bottom-right\"><a href=\"https:\/\/locomociontv.org\/index.php?rest_route=%2Fwp%2Fv2%2Fposts%2F16065&print=pdf\" class=\"pdfprnt-button pdfprnt-button-pdf\" target=\"_blank\" ><img decoding=\"async\" src=\"https:\/\/locomociontv.org\/wp-content\/plugins\/pdf-print\/images\/pdf.png\" alt=\"image_pdf\" title=\"View PDF\" \/><span class=\"pdfprnt-button-title pdfprnt-button-pdf-title\">Hacer PDF<\/span><\/a><a href=\"https:\/\/locomociontv.org\/index.php?rest_route=%2Fwp%2Fv2%2Fposts%2F16065&print=print\" class=\"pdfprnt-button pdfprnt-button-print\" target=\"_blank\" ><img decoding=\"async\" src=\"https:\/\/locomociontv.org\/wp-content\/plugins\/pdf-print\/images\/print.png\" alt=\"image_print\" title=\"Print Content\" \/><span class=\"pdfprnt-button-title pdfprnt-button-print-title\">Imprimir<\/span><\/a><\/div><p>Views: 0<\/p>","protected":false},"excerpt":{"rendered":"<p> Views: 0<\/p>\n","protected":false},"author":1,"featured_media":16066,"comment_status":"open","ping_status":"open","sticky":false,"template":"","format":"standard","meta":{"footnotes":""},"categories":[7,8,25,10,27,45,9,6],"tags":[],"class_list":["post-16065","post","type-post","status-publish","format-standard","has-post-thumbnail","hentry","category-el-estado-de-las-luchas","category-el-irreverente","category-luchas-de-clase","category-luchas-de-mujeres","category-medios-al-ataque","category-opinion-militante","category-politica-nacional","category-programas","post-bright","has-post-thumb","small-thumb"],"_links":{"self":[{"href":"https:\/\/locomociontv.org\/index.php?rest_route=\/wp\/v2\/posts\/16065","targetHints":{"allow":["GET"]}}],"collection":[{"href":"https:\/\/locomociontv.org\/index.php?rest_route=\/wp\/v2\/posts"}],"about":[{"href":"https:\/\/locomociontv.org\/index.php?rest_route=\/wp\/v2\/types\/post"}],"author":[{"embeddable":true,"href":"https:\/\/locomociontv.org\/index.php?rest_route=\/wp\/v2\/users\/1"}],"replies":[{"embeddable":true,"href":"https:\/\/locomociontv.org\/index.php?rest_route=%2Fwp%2Fv2%2Fcomments&post=16065"}],"version-history":[{"count":4,"href":"https:\/\/locomociontv.org\/index.php?rest_route=\/wp\/v2\/posts\/16065\/revisions"}],"predecessor-version":[{"id":16071,"href":"https:\/\/locomociontv.org\/index.php?rest_route=\/wp\/v2\/posts\/16065\/revisions\/16071"}],"wp:featuredmedia":[{"embeddable":true,"href":"https:\/\/locomociontv.org\/index.php?rest_route=\/wp\/v2\/media\/16066"}],"wp:attachment":[{"href":"https:\/\/locomociontv.org\/index.php?rest_route=%2Fwp%2Fv2%2Fmedia&parent=16065"}],"wp:term":[{"taxonomy":"category","embeddable":true,"href":"https:\/\/locomociontv.org\/index.php?rest_route=%2Fwp%2Fv2%2Fcategories&post=16065"},{"taxonomy":"post_tag","embeddable":true,"href":"https:\/\/locomociontv.org\/index.php?rest_route=%2Fwp%2Fv2%2Ftags&post=16065"}],"curies":[{"name":"wp","href":"https:\/\/api.w.org\/{rel}","templated":true}]}}