{"id":15740,"date":"2019-07-18T21:19:43","date_gmt":"2019-07-19T00:19:43","guid":{"rendered":"http:\/\/locomociontv.org\/?p=15740"},"modified":"2019-07-18T21:19:43","modified_gmt":"2019-07-19T00:19:43","slug":"denuncian-desde-el-inadi-sitio-de-nazionalsocialistas","status":"publish","type":"post","link":"https:\/\/locomociontv.org\/?p=15740","title":{"rendered":"Denuncian desde el INADI sitio de Nazionalsocialistas"},"content":{"rendered":"\n<figure class=\"wp-block-embed-facebook wp-block-embed is-type-video is-provider-facebook\"><div class=\"wp-block-embed__wrapper\">\n<div id=\"fb-root\"><\/div><script async=\"1\" defer=\"1\" crossorigin=\"anonymous\" src=\"https:\/\/connect.facebook.net\/en_US\/sdk.js#xfbml=1&amp;version=v3.3\"><\/script><div class=\"fb-video\" data-href=\"https:\/\/www.facebook.com\/pelado.emtv\/videos\/vb.100004931863584\/1347386308769085\/\" data-width=\"580\"><blockquote cite=\"https:\/\/www.facebook.com\/pelado.emtv\/videos\/1347386308769085\/\" class=\"fb-xfbml-parse-ignore\"><a href=\"https:\/\/www.facebook.com\/pelado.emtv\/videos\/1347386308769085\/\"><\/a><p>Miren este video, para que seamos parte del combate a los nazis, tomando los tips que sobre el particular nos hace llegar el Coordinador del Observatorio de Internet del INADI&#8230;<\/p>Posted by <a href=\"https:\/\/www.facebook.com\/pelado.emtv\">Hernan Javier Villanueva<\/a> on Thursday, July 18, 2019<\/blockquote><\/div>\n<\/div><\/figure>\n\n\n\n<p>El Observatorio de Internet de Inadi, inform\u00f3 a trav\u00e9s de una nota de TN que inici\u00f3 acciones para bloquear contenido pronazi en redes y el Corrdinador de ese Observatorio nos cuenta en esta <strong><em><a href=\"https:\/\/tn.com.ar\/sociedad\/el-inadi-denuncia-un-blog-nacionalsocialista-incluye-manuales-para-reclutar-militantes-neonazis_978581\" target=\"_blank\" rel=\"noreferrer noopener\" aria-label=\"nota de Miriam Lewin (opens in a new tab)\">nota de Miriam Lewin<\/a><\/em><\/strong> como actuar en estos casos. Se la recomendamos.<\/p>\n<div class=\"pdfprnt-buttons pdfprnt-buttons-post pdfprnt-bottom-right\"><a href=\"https:\/\/locomociontv.org\/index.php?rest_route=%2Fwp%2Fv2%2Fposts%2F15740&print=pdf\" class=\"pdfprnt-button pdfprnt-button-pdf\" target=\"_blank\" ><img decoding=\"async\" src=\"https:\/\/locomociontv.org\/wp-content\/plugins\/pdf-print\/images\/pdf.png\" alt=\"image_pdf\" title=\"View PDF\" \/><span class=\"pdfprnt-button-title pdfprnt-button-pdf-title\">Hacer PDF<\/span><\/a><a href=\"https:\/\/locomociontv.org\/index.php?rest_route=%2Fwp%2Fv2%2Fposts%2F15740&print=print\" class=\"pdfprnt-button pdfprnt-button-print\" target=\"_blank\" ><img decoding=\"async\" src=\"https:\/\/locomociontv.org\/wp-content\/plugins\/pdf-print\/images\/print.png\" alt=\"image_print\" title=\"Print Content\" \/><span class=\"pdfprnt-button-title pdfprnt-button-print-title\">Imprimir<\/span><\/a><\/div><p>Views: 0<\/p>","protected":false},"excerpt":{"rendered":"<p> Views: 0<\/p>\n","protected":false},"author":1,"featured_media":15744,"comment_status":"open","ping_status":"open","sticky":false,"template":"","format":"standard","meta":{"footnotes":""},"categories":[46,20,36,35,7,8,16,25,44,9,6],"tags":[],"class_list":["post-15740","post","type-post","status-publish","format-standard","has-post-thumbnail","hentry","category-accion-antinazi","category-aparatos-de-represion-de-estado","category-crimenes-de-lesa-humanidad","category-crimenes-de-odio","category-el-estado-de-las-luchas","category-el-irreverente","category-lecturas-irreverentes","category-luchas-de-clase","category-persecusiones-politicas","category-politica-nacional","category-programas","post-bright","has-post-thumb","small-thumb"],"_links":{"self":[{"href":"https:\/\/locomociontv.org\/index.php?rest_route=\/wp\/v2\/posts\/15740","targetHints":{"allow":["GET"]}}],"collection":[{"href":"https:\/\/locomociontv.org\/index.php?rest_route=\/wp\/v2\/posts"}],"about":[{"href":"https:\/\/locomociontv.org\/index.php?rest_route=\/wp\/v2\/types\/post"}],"author":[{"embeddable":true,"href":"https:\/\/locomociontv.org\/index.php?rest_route=\/wp\/v2\/users\/1"}],"replies":[{"embeddable":true,"href":"https:\/\/locomociontv.org\/index.php?rest_route=%2Fwp%2Fv2%2Fcomments&post=15740"}],"version-history":[{"count":2,"href":"https:\/\/locomociontv.org\/index.php?rest_route=\/wp\/v2\/posts\/15740\/revisions"}],"predecessor-version":[{"id":15743,"href":"https:\/\/locomociontv.org\/index.php?rest_route=\/wp\/v2\/posts\/15740\/revisions\/15743"}],"wp:featuredmedia":[{"embeddable":true,"href":"https:\/\/locomociontv.org\/index.php?rest_route=\/wp\/v2\/media\/15744"}],"wp:attachment":[{"href":"https:\/\/locomociontv.org\/index.php?rest_route=%2Fwp%2Fv2%2Fmedia&parent=15740"}],"wp:term":[{"taxonomy":"category","embeddable":true,"href":"https:\/\/locomociontv.org\/index.php?rest_route=%2Fwp%2Fv2%2Fcategories&post=15740"},{"taxonomy":"post_tag","embeddable":true,"href":"https:\/\/locomociontv.org\/index.php?rest_route=%2Fwp%2Fv2%2Ftags&post=15740"}],"curies":[{"name":"wp","href":"https:\/\/api.w.org\/{rel}","templated":true}]}}