{"id":13998,"date":"2019-04-25T19:59:20","date_gmt":"2019-04-25T22:59:20","guid":{"rendered":"http:\/\/locomociontv.org\/?p=13998"},"modified":"2019-04-25T19:59:20","modified_gmt":"2019-04-25T22:59:20","slug":"este-1-de-mayo-estaremos-en-la-matanza","status":"publish","type":"post","link":"https:\/\/locomociontv.org\/?p=13998","title":{"rendered":"Este 1\u00b0 de mayo estaremos en La Matanza"},"content":{"rendered":"\n<p>Sabido que para todo aquel que sea de izquierda, m\u00e1s o menos, el Primero de Mayo es m\u00e1s que un d\u00eda, de lucha, es un momento en cual reeencontrarse con cumpas y fijarse objetivos en conjunto. Este 1\u00b0 de mayo, no hay paro burgu\u00e9s que valga, estaremos cubriendo el acto y cantando La Internacional juntos a cumpas siempre en lucha.<\/p>\n\n\n\n<iframe loading=\"lazy\" src=\"https:\/\/www.facebook.com\/plugins\/post.php?href=https%3A%2F%2Fwww.facebook.com%2Fabelardo.martin.3%2Fposts%2F10218988500569157&amp;width=500\" width=\"500\" height=\"669\"><\/iframe>\n\n\n\n<p>\u00a0<\/p>\n<p>Visits: 0<\/p>","protected":false},"excerpt":{"rendered":"<p>Sabido que para todo aquel que sea de izquierda, m\u00e1s o menos, el Primero de Mayo es m\u00e1s que un d\u00eda, de lucha, es un momento en cual reeencontrarse con cumpas y fijarse objetivos en conjunto. Este 1\u00b0 de mayo, no hay paro burgu\u00e9s que valga, estaremos cubriendo el acto y cantando La Internacional juntos &hellip;<\/p>\n","protected":false},"author":1,"featured_media":14001,"comment_status":"open","ping_status":"open","sticky":false,"template":"","format":"standard","meta":{"footnotes":""},"categories":[4,20,11,7,8,28,23,16,25,10,26,2,31,12,15,9,6,5],"tags":[],"class_list":["post-13998","post","type-post","status-publish","format-standard","has-post-thumbnail","hentry","category-agrotoxicos","category-aparatos-de-represion-de-estado","category-derechos-humanos","category-el-estado-de-las-luchas","category-el-irreverente","category-extractivismo-urbano","category-fracking","category-lecturas-irreverentes","category-luchas-de-clase","category-luchas-de-mujeres","category-luchas-por-la-educacion","category-luchas-por-la-pacha","category-megamineria","category-mision-gringo-panza-verde","category-politica-internacional","category-politica-nacional","category-programas","category-pueblo-originarios","post-bright","has-post-thumb","small-thumb"],"_links":{"self":[{"href":"https:\/\/locomociontv.org\/index.php?rest_route=\/wp\/v2\/posts\/13998","targetHints":{"allow":["GET"]}}],"collection":[{"href":"https:\/\/locomociontv.org\/index.php?rest_route=\/wp\/v2\/posts"}],"about":[{"href":"https:\/\/locomociontv.org\/index.php?rest_route=\/wp\/v2\/types\/post"}],"author":[{"embeddable":true,"href":"https:\/\/locomociontv.org\/index.php?rest_route=\/wp\/v2\/users\/1"}],"replies":[{"embeddable":true,"href":"https:\/\/locomociontv.org\/index.php?rest_route=%2Fwp%2Fv2%2Fcomments&post=13998"}],"version-history":[{"count":1,"href":"https:\/\/locomociontv.org\/index.php?rest_route=\/wp\/v2\/posts\/13998\/revisions"}],"predecessor-version":[{"id":14000,"href":"https:\/\/locomociontv.org\/index.php?rest_route=\/wp\/v2\/posts\/13998\/revisions\/14000"}],"wp:featuredmedia":[{"embeddable":true,"href":"https:\/\/locomociontv.org\/index.php?rest_route=\/wp\/v2\/media\/14001"}],"wp:attachment":[{"href":"https:\/\/locomociontv.org\/index.php?rest_route=%2Fwp%2Fv2%2Fmedia&parent=13998"}],"wp:term":[{"taxonomy":"category","embeddable":true,"href":"https:\/\/locomociontv.org\/index.php?rest_route=%2Fwp%2Fv2%2Fcategories&post=13998"},{"taxonomy":"post_tag","embeddable":true,"href":"https:\/\/locomociontv.org\/index.php?rest_route=%2Fwp%2Fv2%2Ftags&post=13998"}],"curies":[{"name":"wp","href":"https:\/\/api.w.org\/{rel}","templated":true}]}}