{"id":13964,"date":"2019-04-25T15:23:41","date_gmt":"2019-04-25T18:23:41","guid":{"rendered":"http:\/\/locomociontv.org\/?p=13964"},"modified":"2019-04-25T15:23:41","modified_gmt":"2019-04-25T18:23:41","slug":"pacto-de-caballeros-eran-ellos","status":"publish","type":"post","link":"https:\/\/locomociontv.org\/?p=13964","title":{"rendered":"Pacto de Caballeros: eran ellos&#8230;"},"content":{"rendered":"\n<iframe loading=\"lazy\" src=\"https:\/\/www.facebook.com\/plugins\/post.php?href=https%3A%2F%2Fwww.facebook.com%2Fphoto.php%3Ffbid%3D1287350268106023%26set%3Da.148165828691145%26type%3D3&#038;width=500\" width=\"500\" height=\"413\" style=\"border:none;overflow:hidden\" scrolling=\"no\" frameborder=\"0\" allowTransparency=\"true\" allow=\"encrypted-media\"><\/iframe>\n\n\n\n<p>Dolar a +47, me parece que el mercado sigue siendo mejor golpista que el Pueblo. As\u00ed las cosas, acordaron con estos &#8220;caballeros&#8221; y as\u00ed les dur\u00f3 elo veranito.<\/p>\n<p>Visits: 0<\/p>","protected":false},"excerpt":{"rendered":"<p>Dolar a +47, me parece que el mercado sigue siendo mejor golpista que el Pueblo. As\u00ed las cosas, acordaron con estos &#8220;caballeros&#8221; y as\u00ed les dur\u00f3 elo veranito. Visits: 0<\/p>\n","protected":false},"author":1,"featured_media":0,"comment_status":"open","ping_status":"open","sticky":false,"template":"","format":"image","meta":{"footnotes":""},"categories":[13],"tags":[],"class_list":["post-13964","post","type-post","status-publish","format-image","hentry","category-humor-meme","post_format-post-format-image","post-dark","post-wide"],"_links":{"self":[{"href":"https:\/\/locomociontv.org\/index.php?rest_route=\/wp\/v2\/posts\/13964","targetHints":{"allow":["GET"]}}],"collection":[{"href":"https:\/\/locomociontv.org\/index.php?rest_route=\/wp\/v2\/posts"}],"about":[{"href":"https:\/\/locomociontv.org\/index.php?rest_route=\/wp\/v2\/types\/post"}],"author":[{"embeddable":true,"href":"https:\/\/locomociontv.org\/index.php?rest_route=\/wp\/v2\/users\/1"}],"replies":[{"embeddable":true,"href":"https:\/\/locomociontv.org\/index.php?rest_route=%2Fwp%2Fv2%2Fcomments&post=13964"}],"version-history":[{"count":2,"href":"https:\/\/locomociontv.org\/index.php?rest_route=\/wp\/v2\/posts\/13964\/revisions"}],"predecessor-version":[{"id":13968,"href":"https:\/\/locomociontv.org\/index.php?rest_route=\/wp\/v2\/posts\/13964\/revisions\/13968"}],"wp:attachment":[{"href":"https:\/\/locomociontv.org\/index.php?rest_route=%2Fwp%2Fv2%2Fmedia&parent=13964"}],"wp:term":[{"taxonomy":"category","embeddable":true,"href":"https:\/\/locomociontv.org\/index.php?rest_route=%2Fwp%2Fv2%2Fcategories&post=13964"},{"taxonomy":"post_tag","embeddable":true,"href":"https:\/\/locomociontv.org\/index.php?rest_route=%2Fwp%2Fv2%2Ftags&post=13964"}],"curies":[{"name":"wp","href":"https:\/\/api.w.org\/{rel}","templated":true}]}}