{"id":12653,"date":"2019-03-22T22:15:57","date_gmt":"2019-03-23T01:15:57","guid":{"rendered":"http:\/\/locomociontv.org\/?p=12653"},"modified":"2019-03-22T22:15:57","modified_gmt":"2019-03-23T01:15:57","slug":"barrio-alberdi-festeja-la-apertura-de-lapiojera","status":"publish","type":"post","link":"https:\/\/locomociontv.org\/?p=12653","title":{"rendered":"Barrio Alberdi festeja la apertura de #LaPiojera"},"content":{"rendered":"\n<p style=\"text-align:right\"><strong><em><a href=\"https:\/\/www.facebook.com\/EzePeressini\/posts\/2170980336323971?__xts__%5B0%5D=68.ARB4XWNS4bkg7ujdUCW4cSsii2QJeWwNiDDFJDm5c2-Zjlhn3VYp_iqHA_9WmYHN-XT8u6oz0Pe2gZ7eEF7DfphPObSkpIkaBp4qP6uBf2zghapILE-9kiHFiJI1rhHB7cAYDJj-pPpSOIK1DXdtVM0NfTZT9o4-HMJOu5dIPi-jcC2wU3P4-1sgbHIJXu-0C15YYonIYzqxmwupvRPqZ3D7kxWEZ5FWRqIgVKORnI6kBGEJ0b2CqEi4hpO2DGLNwdSAZ-0zGV1ofDasuHRl_mCBxbo8YgrP7W3_xpn2DjpBIVzMpGwCtjySWyJAMiDspYn9b-sBl0Set4XgREoUoaIE4A&amp;__tn__=C-R\" target=\"_blank\" rel=\"noreferrer noopener\" aria-label=\"por Ezequiel Peressini (opens in a new tab)\">por Ezequiel Peressini<\/a><\/em><\/strong><\/p>\n\n\n\n<figure class=\"wp-block-image\"><img decoding=\"async\" src=\"https:\/\/scontent.faep9-2.fna.fbcdn.net\/v\/t1.0-9\/54519121_2170980232990648_6599219676960522240_n.jpg?_nc_cat=106&amp;_nc_ht=scontent.faep9-2.fna&amp;oh=9d4b1f9eb33000d1b31c133f03ebff74&amp;oe=5D15DD78\" alt=\"\"\/><\/figure>\n\n\n\n<p>\n\nUn gran triunfo de los vecinos del inquieto barrio de C\u00f3rdoba que conquist\u00f3 la expropiaci\u00f3n y ahora se prepara para lograr la plena gesti\u00f3n popular del centro cultural.<br>\u00a1Para que truene la cultura popular de las luchas de C\u00f3rdoba!\n\n<\/p>\n\n\n\n<!--more-->\n\n\n\n<center><iframe loading=\"lazy\" src=\"https:\/\/www.facebook.com\/plugins\/post.php?href=https%3A%2F%2Fwww.facebook.com%2FEzePeressini%2Fposts%2F2170980336323971&amp;width=500\" width=\"500\" height=\"725\"><\/iframe><\/center>\n<p>Visits: 0<\/p>","protected":false},"excerpt":{"rendered":"<p>por Ezequiel Peressini Un gran triunfo de los vecinos del inquieto barrio de C\u00f3rdoba que conquist\u00f3 la expropiaci\u00f3n y ahora se prepara para lograr la plena gesti\u00f3n popular del centro cultural.\u00a1Para que truene la cultura popular de las luchas de C\u00f3rdoba! Visits: 0<\/p>\n","protected":false},"author":1,"featured_media":12655,"comment_status":"open","ping_status":"open","sticky":false,"template":"","format":"standard","meta":{"footnotes":""},"categories":[7,8,28,16,2,9,6],"tags":[],"class_list":["post-12653","post","type-post","status-publish","format-standard","has-post-thumbnail","hentry","category-el-estado-de-las-luchas","category-el-irreverente","category-extractivismo-urbano","category-lecturas-irreverentes","category-luchas-por-la-pacha","category-politica-nacional","category-programas","post-bright","has-post-thumb"],"_links":{"self":[{"href":"https:\/\/locomociontv.org\/index.php?rest_route=\/wp\/v2\/posts\/12653","targetHints":{"allow":["GET"]}}],"collection":[{"href":"https:\/\/locomociontv.org\/index.php?rest_route=\/wp\/v2\/posts"}],"about":[{"href":"https:\/\/locomociontv.org\/index.php?rest_route=\/wp\/v2\/types\/post"}],"author":[{"embeddable":true,"href":"https:\/\/locomociontv.org\/index.php?rest_route=\/wp\/v2\/users\/1"}],"replies":[{"embeddable":true,"href":"https:\/\/locomociontv.org\/index.php?rest_route=%2Fwp%2Fv2%2Fcomments&post=12653"}],"version-history":[{"count":2,"href":"https:\/\/locomociontv.org\/index.php?rest_route=\/wp\/v2\/posts\/12653\/revisions"}],"predecessor-version":[{"id":12656,"href":"https:\/\/locomociontv.org\/index.php?rest_route=\/wp\/v2\/posts\/12653\/revisions\/12656"}],"wp:featuredmedia":[{"embeddable":true,"href":"https:\/\/locomociontv.org\/index.php?rest_route=\/wp\/v2\/media\/12655"}],"wp:attachment":[{"href":"https:\/\/locomociontv.org\/index.php?rest_route=%2Fwp%2Fv2%2Fmedia&parent=12653"}],"wp:term":[{"taxonomy":"category","embeddable":true,"href":"https:\/\/locomociontv.org\/index.php?rest_route=%2Fwp%2Fv2%2Fcategories&post=12653"},{"taxonomy":"post_tag","embeddable":true,"href":"https:\/\/locomociontv.org\/index.php?rest_route=%2Fwp%2Fv2%2Ftags&post=12653"}],"curies":[{"name":"wp","href":"https:\/\/api.w.org\/{rel}","templated":true}]}}