{"id":12307,"date":"2019-03-14T20:36:44","date_gmt":"2019-03-14T23:36:44","guid":{"rendered":"http:\/\/locomociontv.org\/?p=12307"},"modified":"2019-03-14T20:38:13","modified_gmt":"2019-03-14T23:38:13","slug":"macri-huyendo-del-seom-en-jujuy","status":"publish","type":"post","link":"https:\/\/locomociontv.org\/?p=12307","title":{"rendered":"Macri huyendo del SEOM en Jujuy"},"content":{"rendered":"\n<figure class=\"wp-block-image\"><img decoding=\"async\" src=\"https:\/\/i2.wp.com\/elsubmarinojujuy.com.ar\/wp-content\/uploads\/macri-en-jujuy-14marzo-ssj.jpeg?w=600\" alt=\"\"\/><figcaption><em><strong>Fuerte operativo policial antirepudio: que el presidente no se entere es su trabajo<\/strong><\/em><\/figcaption><\/figure>\n\n\n\n<p>El Presidente de la Naci\u00f3n Mauricio Macri, tuvo agenda de visitas a la Provincia de Jujuy y lo m\u00e1s que podemos destacar de ella, es que es otra visita con fines protocolares electorales a sus aliados. Esta visita forma parte de una ofensiva campa\u00f1a de formaci\u00f3n de opini\u00f3n a favor de la extracci\u00f3n del litio. Gerardo Morales, Gobernador Radical Cambiemosdependiente, no quiere perder ese negocio y tampoco el Presidente y ponen en \u00e9l la base para quedarse con el poder\u00a0 y las cajas provinciales.<\/p>\n\n\n\n<p>Sabido que este tipo de burradas no son amigables para nada en el SEOM. Que sali\u00f3 a expresarle su posici\u00f3n a Macri chocando con un operativo policial infernal. El Pueblo favorable y controlado fue seleccionado y sus nuevos cuadros extractivistas, se sintieron protegidos, los periodistas debieron referir los hechos rodeados de personal armado y preparado para reprimir.<\/p>\n\n\n\n<p>Hay que proteger las cajas bobas que alimentan las burocracias que rodean al Gobierno. Y van a hacer lo que sea para evitarlo. Y s\u00ed, del rid\u00edculo en que te deja el extractivismo no se vuelve.<\/p>\n<div class=\"pdfprnt-buttons pdfprnt-buttons-post pdfprnt-bottom-right\"><a href=\"https:\/\/locomociontv.org\/index.php?rest_route=%2Fwp%2Fv2%2Fposts%2F12307&print=pdf\" class=\"pdfprnt-button pdfprnt-button-pdf\" target=\"_blank\" ><img decoding=\"async\" src=\"https:\/\/locomociontv.org\/wp-content\/plugins\/pdf-print\/images\/pdf.png\" alt=\"image_pdf\" title=\"View PDF\" \/><span class=\"pdfprnt-button-title pdfprnt-button-pdf-title\">Hacer PDF<\/span><\/a><a href=\"https:\/\/locomociontv.org\/index.php?rest_route=%2Fwp%2Fv2%2Fposts%2F12307&print=print\" class=\"pdfprnt-button pdfprnt-button-print\" target=\"_blank\" ><img decoding=\"async\" src=\"https:\/\/locomociontv.org\/wp-content\/plugins\/pdf-print\/images\/print.png\" alt=\"image_print\" title=\"Print Content\" \/><span class=\"pdfprnt-button-title pdfprnt-button-print-title\">Imprimir<\/span><\/a><\/div><p>Views: 0<\/p>","protected":false},"excerpt":{"rendered":"<p>El Presidente de la Naci\u00f3n Mauricio Macri, tuvo agenda de visitas a la Provincia de Jujuy y lo m\u00e1s que podemos destacar de ella, es que es otra visita con fines protocolares electorales a sus aliados. Esta visita forma parte de una ofensiva campa\u00f1a de formaci\u00f3n de opini\u00f3n a favor de la extracci\u00f3n del litio. &hellip;<\/p>\n","protected":false},"author":1,"featured_media":12310,"comment_status":"open","ping_status":"open","sticky":false,"template":"","format":"standard","meta":{"footnotes":""},"categories":[4,20,17,11,7,8,16,25,2,9,6,5],"tags":[],"class_list":["post-12307","post","type-post","status-publish","format-standard","has-post-thumbnail","hentry","category-agrotoxicos","category-aparatos-de-represion-de-estado","category-corruptelas-varias","category-derechos-humanos","category-el-estado-de-las-luchas","category-el-irreverente","category-lecturas-irreverentes","category-luchas-de-clase","category-luchas-por-la-pacha","category-politica-nacional","category-programas","category-pueblo-originarios","post-bright","has-post-thumb","small-thumb"],"_links":{"self":[{"href":"https:\/\/locomociontv.org\/index.php?rest_route=\/wp\/v2\/posts\/12307","targetHints":{"allow":["GET"]}}],"collection":[{"href":"https:\/\/locomociontv.org\/index.php?rest_route=\/wp\/v2\/posts"}],"about":[{"href":"https:\/\/locomociontv.org\/index.php?rest_route=\/wp\/v2\/types\/post"}],"author":[{"embeddable":true,"href":"https:\/\/locomociontv.org\/index.php?rest_route=\/wp\/v2\/users\/1"}],"replies":[{"embeddable":true,"href":"https:\/\/locomociontv.org\/index.php?rest_route=%2Fwp%2Fv2%2Fcomments&post=12307"}],"version-history":[{"count":3,"href":"https:\/\/locomociontv.org\/index.php?rest_route=\/wp\/v2\/posts\/12307\/revisions"}],"predecessor-version":[{"id":12312,"href":"https:\/\/locomociontv.org\/index.php?rest_route=\/wp\/v2\/posts\/12307\/revisions\/12312"}],"wp:featuredmedia":[{"embeddable":true,"href":"https:\/\/locomociontv.org\/index.php?rest_route=\/wp\/v2\/media\/12310"}],"wp:attachment":[{"href":"https:\/\/locomociontv.org\/index.php?rest_route=%2Fwp%2Fv2%2Fmedia&parent=12307"}],"wp:term":[{"taxonomy":"category","embeddable":true,"href":"https:\/\/locomociontv.org\/index.php?rest_route=%2Fwp%2Fv2%2Fcategories&post=12307"},{"taxonomy":"post_tag","embeddable":true,"href":"https:\/\/locomociontv.org\/index.php?rest_route=%2Fwp%2Fv2%2Ftags&post=12307"}],"curies":[{"name":"wp","href":"https:\/\/api.w.org\/{rel}","templated":true}]}}